{"id":110850,"date":"2025-07-13T11:53:09","date_gmt":"2025-07-13T11:53:09","guid":{"rendered":"https:\/\/www.mujerhoy.com\/moda\/tendencias\/sandalias-flor-tendencia-unirte-verano-modelos-preciosos-20250713135308-nt.html"},"modified":"2025-07-13T11:53:09","modified_gmt":"2025-07-13T11:53:09","slug":"sandalias-con-flor-la-tendencia-a-la-que-tienes-que-unirte-en-verano-7-modelos-preciosos","status":"publish","type":"post","link":"http:\/\/hoycordobaweb.com\/index.php\/2025\/07\/13\/sandalias-con-flor-la-tendencia-a-la-que-tienes-que-unirte-en-verano-7-modelos-preciosos\/","title":{"rendered":"Sandalias con flor, la tendencia a la que tienes que unirte en verano: 7 modelos preciosos"},"content":{"rendered":"<p><!-- AUTHOR --><\/p>\n<div class=\"voc-author-timesocial \">\n<!-- AUTHOR --><\/p>\n<div class=\"voc-author-timesocial__signature \">\n<!-- IMAGE AUTHOR -->\n<picture class=\"voc-image-signature\">\n<img class=\"voc-image-signature__img\" src=\"http:\/\/hoycordobaweb.com\/wp-content\/uploads\/2025\/07\/sandalias-con-flor-la-tendencia-a-la-que-tienes-que-unirte-en-verano-7-modelos-preciosos.jpg\" alt=\"Raquel Rodr\u00edguez\">\n<\/picture>\n<!-- INFO AUTHOR --> <\/div><\/div>\n<p><!-- COMPONENTS --><\/p>\n<p class=\"voc-paragraph\">Si quieres hacerte con unas sandalias nuevas este verano y no tienes del todo claro por cu\u00e1l decantarte, adem\u00e1s de fichar los<a href=\"https:\/\/www.mujerhoy.com\/moda\/no-te-pierdas\/sandalias-planas-tendencia-mujer-el-corte-ingles-20250617132725-nt.html\" title=\"www.mujerhoy.com\" data-voc-vtm-id=\"in-text-traffic\" data-mrf-link=\"www.mujerhoy.com\"> modelos planos tendencia<\/a>, debes saber que hay una opci\u00f3n que se lleva much\u00edsimo. Hablamos de las sandalias con flor, aprobadas por las que m\u00e1s saben de moda y todo un reclamo entre aquellas que buscan lucir<strong> diferentes y sofisticada<\/strong>s.<\/p>\n<p class=\"voc-paragraph\">Las redes y el street style han hablado y las sandalias con un aplique en el <strong>empeine en forma de flor <\/strong>se han colocado como el truco de estilo que necesitas para elevar un <a href=\"https:\/\/www.mujerhoy.com\/moda\/tendencias\/conjuntos-verano-maleta-vacaciones-hym-20250629100949-nt.html\" title=\"www.mujerhoy.com\" data-voc-vtm-id=\"in-text-traffic\" data-mrf-link=\"www.mujerhoy.com\">look de verano<\/a>. Est\u00e1n por todas partes, se combinan de mil maneras y el objetivo es aportar color y diversi\u00f3n a tus f\u00f3rmulas de la \u00e9poca estival. \u00bfQuieres unirte a ellas? \u00a1Toma nota!<\/p>\n<div class=\"v-c-cmp v-c-cmp--t1 \">\n<div class=\"v-cmp-rld v-cmp-rld--2 \">\n<div class=\"v-cnt-m v-cnt-m--m\">\n<div class=\"v-cnt-m__c\">\n<div class=\"v-cnt-m__w v-cnt-m__w--1\">\n<p class=\"v-cnt-m__t\">\nTAMBI\u00c9N TE INTERESA\n<\/p>\n<\/div>\n<\/div>\n<\/div>\n<div class=\"v-g v-g--2-c v-g--bdr-min-xs\">\n<div class=\"v-g__c \">\n<article class=\"v-a v-a--cmp-rld v-a--cmp-rld-2 v-a--p-l\">\n<div class=\"v-a-img-c\">\n<figure class=\"v-a-fig\">\n<a href=\"https:\/\/www.mujerhoy.com\/moda\/tendencias\/mocasines-zara-zapato-estrella-tendencia-verano-original-20250629173847-nt.html#vtm_modulosEngag=mod-rel:moda:noticia:1:cmp:2-not\" class=\"v-a-link\" title=\"Ni sandalias ni alpargatas: los zapatos del verano son estos mocasines de Zara que van a marcar la diferencia en tus looks\"><br \/>\n<img loading=\"lazy\" class=\"v-a-img\" src=\"http:\/\/hoycordobaweb.com\/wp-content\/uploads\/2025\/07\/sandalias-con-flor-la-tendencia-a-la-que-tienes-que-unirte-en-verano-7-modelos-preciosos-1.jpg\" alt=\"Ni sandalias ni alpargatas: los zapatos del verano son estos mocasines de Zara que van a marcar la diferencia en tus looks\"><br \/>\n<\/a><br \/>\n<\/figure>\n<\/div>\n<\/article>\n<\/div>\n<div class=\"v-g__c \">\n<article class=\"v-a v-a--cmp-rld v-a--cmp-rld-2 v-a--p-l\">\n<div class=\"v-a-img-c\">\n<figure class=\"v-a-fig\">\n<a href=\"https:\/\/www.mujerhoy.com\/moda\/no-te-pierdas\/sandalias-tacon-ancho-comodo-verano-mujeres-mayores-50-anos-zara-20250626110220-nt.html#vtm_modulosEngag=mod-rel:moda:noticia:2:cmp:2-not\" class=\"v-a-link\" title=\"Las sandalias con tac\u00f3n ancho y bajito se convertir\u00e1n en tu zapato de verano seg\u00fan las expertas en moda +50\"><br \/>\n<img loading=\"lazy\" class=\"v-a-img\" src=\"http:\/\/hoycordobaweb.com\/wp-content\/uploads\/2025\/07\/sandalias-con-flor-la-tendencia-a-la-que-tienes-que-unirte-en-verano-7-modelos-preciosos-2.jpg\" alt=\"Las sandalias con tac\u00f3n ancho y bajito se convertir\u00e1n en tu zapato de verano seg\u00fan las expertas en moda +50\"><br \/>\n<\/a><br \/>\n<\/figure>\n<\/div>\n<\/article>\n<\/div>\n<\/div>\n<\/div>\n<\/div>\n<div class=\"v-c-cmp v-c-cmp--s\">\n<div class=\"v-cmp-m \">\n<article class=\"v-a v-a--cmp-m v-c-cmp--m-z\">\n<div class=\"v-a-img-c \">\n<div class=\"v-a-fig\">\n<button class=\"v-a-link\" popovertarget=\"photo-131\"><br \/>\n<img loading=\"lazy\" src=\"http:\/\/hoycordobaweb.com\/wp-content\/uploads\/2025\/07\/sandalias-con-flor-la-tendencia-a-la-que-tienes-que-unirte-en-verano-7-modelos-preciosos-3.jpg\" class=\"v-a-img\" width=\"650\" height=\"650\" alt data-voc-vtm-id=\"in-text-traffic\"> <\/button>\n<\/div>\n<\/div>\n<div id=\"photo-131\" popover class=\"v-mdl v-mdl--fw\">\n<button class=\"v-x\" popovertarget=\"photo-131\" popovertargetaction=\"hide\"><br \/>\n<span class=\"v-i\"><br \/>\n<svg width=\"24\" height=\"23.996\" viewBox=\"0 0 24 23.996\">\n<path data-name=\"Uni\u00f3n 29\" d=\"M12,14.03,2.031,24,0,21.963,9.968,12,0,2.033,2.031,0,12,9.966,21.969,0,24,2.033,14.032,12,24,21.963,21.969,24Z\" \/>\n<\/svg><br \/>\n<\/span><br \/>\n<\/button><\/p>\n<div class=\"v-mdl__c\">\n<div class=\"v-mdl__w\">\n<img loading=\"lazy\" src=\"http:\/\/hoycordobaweb.com\/wp-content\/uploads\/2025\/07\/sandalias-con-flor-la-tendencia-a-la-que-tienes-que-unirte-en-verano-7-modelos-preciosos-3.jpg\" class=\"v-mdl__img-z\" width=\"650\" height=\"650\" alt>\n<\/div>\n<\/div>\n<\/div>\n<p><span class=\"v-bdp\"><\/span><br \/>\n<\/article>\n<\/div>\n<\/div>\n<p><h3 class=\"v-cmp-suh\">\nDe charol<br \/>\n<\/h3>\n<\/p>\n<p class=\"voc-paragraph\">Confeccionadas en lujosa piel charol, estas sandalias de <strong>Martinelli x Redondo Brand<\/strong> combinan un elegante tac\u00f3n de 8 cm con un dise\u00f1o distintivo, realzado por una impresionante flor en el centro, pero teniendo en cuenta que es de quita y pon, haciendo que tengas dos sandalias impecables. Precio: 161,95 euros.<\/p>\n<div class=\"v-c-cmp v-c-cmp--s\">\n<div class=\"v-cmp-m \">\n<article class=\"v-a v-a--cmp-m v-c-cmp--m-z\">\n<div class=\"v-a-img-c \">\n<div class=\"v-a-fig\">\n<button class=\"v-a-link\" popovertarget=\"photo-828\"><br \/>\n<img loading=\"lazy\" src=\"http:\/\/hoycordobaweb.com\/wp-content\/uploads\/2025\/07\/sandalias-con-flor-la-tendencia-a-la-que-tienes-que-unirte-en-verano-7-modelos-preciosos-4.jpg\" class=\"v-a-img\" width=\"650\" height=\"650\" alt data-voc-vtm-id=\"in-text-traffic\"> <\/button>\n<\/div>\n<\/div>\n<div id=\"photo-828\" popover class=\"v-mdl v-mdl--fw\">\n<button class=\"v-x\" popovertarget=\"photo-828\" popovertargetaction=\"hide\"><br \/>\n<span class=\"v-i\"><br \/>\n<svg width=\"24\" height=\"23.996\" viewBox=\"0 0 24 23.996\">\n<path data-name=\"Uni\u00f3n 29\" d=\"M12,14.03,2.031,24,0,21.963,9.968,12,0,2.033,2.031,0,12,9.966,21.969,0,24,2.033,14.032,12,24,21.963,21.969,24Z\" \/>\n<\/svg><br \/>\n<\/span><br \/>\n<\/button><\/p>\n<div class=\"v-mdl__c\">\n<div class=\"v-mdl__w\">\n<img loading=\"lazy\" src=\"http:\/\/hoycordobaweb.com\/wp-content\/uploads\/2025\/07\/sandalias-con-flor-la-tendencia-a-la-que-tienes-que-unirte-en-verano-7-modelos-preciosos-4.jpg\" class=\"v-mdl__img-z\" width=\"650\" height=\"650\" alt>\n<\/div>\n<\/div>\n<\/div>\n<p><span class=\"v-bdp\"><\/span><br \/>\n<\/article>\n<\/div>\n<\/div>\n<p><h3 class=\"v-cmp-suh\">\nTac\u00f3n c\u00f3modo<br \/>\n<\/h3>\n<\/p>\n<p class=\"voc-paragraph\">Estas sandalias con el detalle de flor en ante al tono son de <strong>Lodi<\/strong>. Tienen unas tiras delanteras y llevan el tal\u00f3n forrado en piel metalizada. Un dise\u00f1o confeccionado con tac\u00f3n de 7.5 cm de altura, cierre en lateral mediante hebilla al tobillo y punta cuadrada. Precio: rebajadas a 83 euros.<\/p>\n<div class=\"v-c-cmp v-c-cmp--s\">\n<div class=\"v-cmp-m \">\n<article class=\"v-a v-a--cmp-m v-c-cmp--m-z\">\n<div class=\"v-a-img-c \">\n<div class=\"v-a-fig\">\n<button class=\"v-a-link\" popovertarget=\"photo-848\"><br \/>\n<img loading=\"lazy\" src=\"http:\/\/hoycordobaweb.com\/wp-content\/uploads\/2025\/07\/sandalias-con-flor-la-tendencia-a-la-que-tienes-que-unirte-en-verano-7-modelos-preciosos-5.jpg\" class=\"v-a-img\" width=\"650\" height=\"650\" alt data-voc-vtm-id=\"in-text-traffic\"> <\/button>\n<\/div>\n<\/div>\n<div id=\"photo-848\" popover class=\"v-mdl v-mdl--fw\">\n<button class=\"v-x\" popovertarget=\"photo-848\" popovertargetaction=\"hide\"><br \/>\n<span class=\"v-i\"><br \/>\n<svg width=\"24\" height=\"23.996\" viewBox=\"0 0 24 23.996\">\n<path data-name=\"Uni\u00f3n 29\" d=\"M12,14.03,2.031,24,0,21.963,9.968,12,0,2.033,2.031,0,12,9.966,21.969,0,24,2.033,14.032,12,24,21.963,21.969,24Z\" \/>\n<\/svg><br \/>\n<\/span><br \/>\n<\/button><\/p>\n<div class=\"v-mdl__c\">\n<div class=\"v-mdl__w\">\n<img loading=\"lazy\" src=\"http:\/\/hoycordobaweb.com\/wp-content\/uploads\/2025\/07\/sandalias-con-flor-la-tendencia-a-la-que-tienes-que-unirte-en-verano-7-modelos-preciosos-5.jpg\" class=\"v-mdl__img-z\" width=\"650\" height=\"650\" alt>\n<\/div>\n<\/div>\n<\/div>\n<p><span class=\"v-bdp\"><\/span><br \/>\n<\/article>\n<\/div>\n<\/div>\n<p><h3 class=\"v-cmp-suh\">\nRojas<br \/>\n<\/h3>\n<\/p>\n<p class=\"voc-paragraph\">Entre las opciones low cost, se encuentran estas sandalias de <strong>Pull&amp;Bear<\/strong> de color rojo que no pueden ser m\u00e1s ideales. Con tiras finas, la flor peque\u00f1a en el empeine y un tac\u00f3n kitten muy ponible, son ya de las favoritas. Precio: 29,99 euros.<\/p>\n<div class=\"v-c-cmp v-c-cmp--s\">\n<div class=\"v-cmp-m \">\n<article class=\"v-a v-a--cmp-m v-c-cmp--m-z\">\n<div class=\"v-a-img-c \">\n<div class=\"v-a-fig\">\n<button class=\"v-a-link\" popovertarget=\"photo-396\"><br \/>\n<img loading=\"lazy\" src=\"http:\/\/hoycordobaweb.com\/wp-content\/uploads\/2025\/07\/sandalias-con-flor-la-tendencia-a-la-que-tienes-que-unirte-en-verano-7-modelos-preciosos-6.jpg\" class=\"v-a-img\" width=\"650\" height=\"650\" alt data-voc-vtm-id=\"in-text-traffic\"> <\/button>\n<\/div>\n<\/div>\n<div id=\"photo-396\" popover class=\"v-mdl v-mdl--fw\">\n<button class=\"v-x\" popovertarget=\"photo-396\" popovertargetaction=\"hide\"><br \/>\n<span class=\"v-i\"><br \/>\n<svg width=\"24\" height=\"23.996\" viewBox=\"0 0 24 23.996\">\n<path data-name=\"Uni\u00f3n 29\" d=\"M12,14.03,2.031,24,0,21.963,9.968,12,0,2.033,2.031,0,12,9.966,21.969,0,24,2.033,14.032,12,24,21.963,21.969,24Z\" \/>\n<\/svg><br \/>\n<\/span><br \/>\n<\/button><\/p>\n<div class=\"v-mdl__c\">\n<div class=\"v-mdl__w\">\n<img loading=\"lazy\" src=\"http:\/\/hoycordobaweb.com\/wp-content\/uploads\/2025\/07\/sandalias-con-flor-la-tendencia-a-la-que-tienes-que-unirte-en-verano-7-modelos-preciosos-6.jpg\" class=\"v-mdl__img-z\" width=\"650\" height=\"650\" alt>\n<\/div>\n<\/div>\n<\/div>\n<p><span class=\"v-bdp\"><\/span><br \/>\n<\/article>\n<\/div>\n<\/div>\n<p><h3 class=\"v-cmp-suh\">\nLas m\u00e1s originales<br \/>\n<\/h3>\n<\/p>\n<p class=\"voc-paragraph\">Si quieres ser la m\u00e1s original y que tus zapatos sean los protagonistas de tus looks de verano, tienes que hacerte con esta sandalia de tac\u00f3n en tejido efecto piel de <strong>Desigual<\/strong>. Con cintas atadas al tobillo y aplique de flor 3D, est\u00e1n dise\u00f1adas por Tyler McGillivary. Precio: 199 euros.<\/p>\n<div class=\"v-c-cmp v-c-cmp--s\">\n<div class=\"v-cmp-m \">\n<article class=\"v-a v-a--cmp-m v-c-cmp--m-z\">\n<div class=\"v-a-img-c \">\n<div class=\"v-a-fig\">\n<button class=\"v-a-link\" popovertarget=\"photo-503\"><br \/>\n<img loading=\"lazy\" src=\"http:\/\/hoycordobaweb.com\/wp-content\/uploads\/2025\/07\/sandalias-con-flor-la-tendencia-a-la-que-tienes-que-unirte-en-verano-7-modelos-preciosos-7.jpg\" class=\"v-a-img\" width=\"650\" height=\"650\" alt data-voc-vtm-id=\"in-text-traffic\"> <\/button>\n<\/div>\n<\/div>\n<div id=\"photo-503\" popover class=\"v-mdl v-mdl--fw\">\n<button class=\"v-x\" popovertarget=\"photo-503\" popovertargetaction=\"hide\"><br \/>\n<span class=\"v-i\"><br \/>\n<svg width=\"24\" height=\"23.996\" viewBox=\"0 0 24 23.996\">\n<path data-name=\"Uni\u00f3n 29\" d=\"M12,14.03,2.031,24,0,21.963,9.968,12,0,2.033,2.031,0,12,9.966,21.969,0,24,2.033,14.032,12,24,21.963,21.969,24Z\" \/>\n<\/svg><br \/>\n<\/span><br \/>\n<\/button><\/p>\n<div class=\"v-mdl__c\">\n<div class=\"v-mdl__w\">\n<img loading=\"lazy\" src=\"http:\/\/hoycordobaweb.com\/wp-content\/uploads\/2025\/07\/sandalias-con-flor-la-tendencia-a-la-que-tienes-que-unirte-en-verano-7-modelos-preciosos-7.jpg\" class=\"v-mdl__img-z\" width=\"650\" height=\"650\" alt>\n<\/div>\n<\/div>\n<\/div>\n<p><span class=\"v-bdp\"><\/span><br \/>\n<\/article>\n<\/div>\n<\/div>\n<p><h3 class=\"v-cmp-suh\">\nDe rebajas<br \/>\n<\/h3>\n<\/p>\n<p class=\"voc-paragraph\">En las rebajas de <strong>Mango<\/strong>, hemos encontrado estos mules de color marr\u00f3n que son perfectos para llevar a diario. Con tac\u00f3n medio de 5m y confeccionadas en 100% piel bovino, llevan la flor en el centro. Precio: rebajadas a 65,99 euros.<\/p>\n<div class=\"v-c-cmp v-c-cmp--s\">\n<div class=\"v-cmp-m \">\n<article class=\"v-a v-a--cmp-m v-c-cmp--m-z\">\n<div class=\"v-a-img-c \">\n<div class=\"v-a-fig\">\n<button class=\"v-a-link\" popovertarget=\"photo-405\"><br \/>\n<img loading=\"lazy\" src=\"http:\/\/hoycordobaweb.com\/wp-content\/uploads\/2025\/07\/sandalias-con-flor-la-tendencia-a-la-que-tienes-que-unirte-en-verano-7-modelos-preciosos-8.jpg\" class=\"v-a-img\" width=\"650\" height=\"650\" alt data-voc-vtm-id=\"in-text-traffic\"> <\/button>\n<\/div>\n<\/div>\n<div id=\"photo-405\" popover class=\"v-mdl v-mdl--fw\">\n<button class=\"v-x\" popovertarget=\"photo-405\" popovertargetaction=\"hide\"><br \/>\n<span class=\"v-i\"><br \/>\n<svg width=\"24\" height=\"23.996\" viewBox=\"0 0 24 23.996\">\n<path data-name=\"Uni\u00f3n 29\" d=\"M12,14.03,2.031,24,0,21.963,9.968,12,0,2.033,2.031,0,12,9.966,21.969,0,24,2.033,14.032,12,24,21.963,21.969,24Z\" \/>\n<\/svg><br \/>\n<\/span><br \/>\n<\/button><\/p>\n<div class=\"v-mdl__c\">\n<div class=\"v-mdl__w\">\n<img loading=\"lazy\" src=\"http:\/\/hoycordobaweb.com\/wp-content\/uploads\/2025\/07\/sandalias-con-flor-la-tendencia-a-la-que-tienes-que-unirte-en-verano-7-modelos-preciosos-8.jpg\" class=\"v-mdl__img-z\" width=\"650\" height=\"650\" alt>\n<\/div>\n<\/div>\n<\/div>\n<p><span class=\"v-bdp\"><\/span><br \/>\n<\/article>\n<\/div>\n<\/div>\n<p><h3 class=\"v-cmp-suh\">\nC\u00f3modas<br \/>\n<\/h3>\n<\/p>\n<p class=\"voc-paragraph\">En <strong>Bershka<\/strong>, hemos encontrado este modelo que es ideal para las que buscan comodidad por su pulsera al tobillo. Son de color rosa claro y en las tiras finas del empeine llevan el detalle de la flor con tonos rosas m\u00e1s vivos a contraste. Precio: 29,99 euros.<\/p>\n<div class=\"v-c-cmp v-c-cmp--s\">\n<div class=\"v-cmp-m \">\n<article class=\"v-a v-a--cmp-m v-c-cmp--m-z\">\n<div class=\"v-a-img-c \">\n<div class=\"v-a-fig\">\n<button class=\"v-a-link\" popovertarget=\"photo-370\"><br \/>\n<img loading=\"lazy\" src=\"http:\/\/hoycordobaweb.com\/wp-content\/uploads\/2025\/07\/sandalias-con-flor-la-tendencia-a-la-que-tienes-que-unirte-en-verano-7-modelos-preciosos-9.jpg\" class=\"v-a-img\" width=\"650\" height=\"650\" alt data-voc-vtm-id=\"in-text-traffic\"> <\/button>\n<\/div>\n<\/div>\n<div id=\"photo-370\" popover class=\"v-mdl v-mdl--fw\">\n<button class=\"v-x\" popovertarget=\"photo-370\" popovertargetaction=\"hide\"><br \/>\n<span class=\"v-i\"><br \/>\n<svg width=\"24\" height=\"23.996\" viewBox=\"0 0 24 23.996\">\n<path data-name=\"Uni\u00f3n 29\" d=\"M12,14.03,2.031,24,0,21.963,9.968,12,0,2.033,2.031,0,12,9.966,21.969,0,24,2.033,14.032,12,24,21.963,21.969,24Z\" \/>\n<\/svg><br \/>\n<\/span><br \/>\n<\/button><\/p>\n<div class=\"v-mdl__c\">\n<div class=\"v-mdl__w\">\n<img loading=\"lazy\" src=\"http:\/\/hoycordobaweb.com\/wp-content\/uploads\/2025\/07\/sandalias-con-flor-la-tendencia-a-la-que-tienes-que-unirte-en-verano-7-modelos-preciosos-9.jpg\" class=\"v-mdl__img-z\" width=\"650\" height=\"650\" alt>\n<\/div>\n<\/div>\n<\/div>\n<p><span class=\"v-bdp\"><\/span><br \/>\n<\/article>\n<\/div>\n<\/div>\n<p><h3 class=\"v-cmp-suh\">\nPlanas<br \/>\n<\/h3>\n<\/p>\n<p class=\"voc-paragraph\">Estas de <strong>Stradivarius <\/strong>son unas sandalias planas con detalle de flores en empeine. Tiene tiras con nudos y cierre mediante tira atada al tobillo. Nos encanta su color fresa perfecto para verano. Precio: 29,99 euros.<\/p>\n<div class=\"v-c-cmp v-c-cmp--s\">\n<div class=\"v-cmp-m \">\n<article class=\"v-a v-a--cmp-m v-c-cmp--m-z\">\n<div class=\"v-a-img-c \">\n<div class=\"v-a-fig\">\n<button class=\"v-a-link\" popovertarget=\"photo-786\"><br \/>\n<img loading=\"lazy\" src=\"http:\/\/hoycordobaweb.com\/wp-content\/uploads\/2025\/07\/sandalias-con-flor-la-tendencia-a-la-que-tienes-que-unirte-en-verano-7-modelos-preciosos-10.jpg\" class=\"v-a-img\" width=\"650\" height=\"650\" alt data-voc-vtm-id=\"in-text-traffic\"> <\/button>\n<\/div>\n<\/div>\n<div id=\"photo-786\" popover class=\"v-mdl v-mdl--fw\">\n<button class=\"v-x\" popovertarget=\"photo-786\" popovertargetaction=\"hide\"><br \/>\n<span class=\"v-i\"><br \/>\n<svg width=\"24\" height=\"23.996\" viewBox=\"0 0 24 23.996\">\n<path data-name=\"Uni\u00f3n 29\" d=\"M12,14.03,2.031,24,0,21.963,9.968,12,0,2.033,2.031,0,12,9.966,21.969,0,24,2.033,14.032,12,24,21.963,21.969,24Z\" \/>\n<\/svg><br \/>\n<\/span><br \/>\n<\/button><\/p>\n<div class=\"v-mdl__c\">\n<div class=\"v-mdl__w\">\n<img loading=\"lazy\" src=\"http:\/\/hoycordobaweb.com\/wp-content\/uploads\/2025\/07\/sandalias-con-flor-la-tendencia-a-la-que-tienes-que-unirte-en-verano-7-modelos-preciosos-10.jpg\" class=\"v-mdl__img-z\" width=\"650\" height=\"650\" alt>\n<\/div>\n<\/div>\n<\/div>\n<p><span class=\"v-bdp\"><\/span><br \/>\n<\/article>\n<\/div>\n<\/div>\n<p><h3 class=\"v-cmp-suh\">\nDe piel<br \/>\n<\/h3>\n<\/p>\n<p class=\"voc-paragraph\">Las sandalia Amelie de Mascar\u00f3 est\u00e1n confeccionadas en napa metalizada en un muy ponible color nude. Est\u00e1n adornadas con flor hecha a mano sobre el empeine, un tac\u00f3n de 2.5cm, suela de goma y plantilla de piel. Precio: rebajadas a 188,30 euros.<\/p>\n<div class=\"v-c-cmp v-c-cmp--t1 \">\n<div class=\"v-cmp-rld v-cmp-rld--2 \">\n<div class=\"v-cnt-m v-cnt-m--m\">\n<div class=\"v-cnt-m__c\">\n<div class=\"v-cnt-m__w v-cnt-m__w--1\">\n<p class=\"v-cnt-m__t\">\nTAMBI\u00c9N TE INTERESA\n<\/p>\n<\/div>\n<\/div>\n<\/div>\n<div class=\"v-g v-g--2-c v-g--bdr-min-xs\">\n<div class=\"v-g__c \">\n<article class=\"v-a v-a--cmp-rld v-a--cmp-rld-2 v-a--p-l\">\n<div class=\"v-a-img-c\">\n<figure class=\"v-a-fig\">\n<a href=\"https:\/\/www.mujerhoy.com\/moda\/no-te-pierdas\/eugenia-martinez-irujo-sandalias-cuna-comodas-ponibles-20250626104036-nt.html#vtm_modulosEngag=mod-rel:moda:noticia:1:cmp:2-not\" class=\"v-a-link\" title=\"Las sandalias con cu\u00f1a que usa Eugenia Mart\u00ednez de Irujo para parecer m\u00e1s alta\"><br \/>\n<img loading=\"lazy\" class=\"v-a-img\" src=\"http:\/\/hoycordobaweb.com\/wp-content\/uploads\/2025\/07\/sandalias-con-flor-la-tendencia-a-la-que-tienes-que-unirte-en-verano-7-modelos-preciosos-11.jpg\" alt=\"Las sandalias con cu\u00f1a que usa Eugenia Mart\u00ednez de Irujo para parecer m\u00e1s alta\"><br \/>\n<\/a><br \/>\n<\/figure>\n<\/div>\n<\/article>\n<\/div>\n<div class=\"v-g__c \">\n<article class=\"v-a v-a--cmp-rld v-a--cmp-rld-2 v-a--p-l\">\n<div class=\"v-a-img-c\">\n<figure class=\"v-a-fig\">\n<a href=\"https:\/\/www.mujerhoy.com\/moda\/no-te-pierdas\/sandalias-dedo-zapatos-verano-elegantes-zara-parfois-20250619110618-nt.html#vtm_modulosEngag=mod-rel:moda:noticia:2:cmp:2-not\" class=\"v-a-link\" title=\"Estas sandalias de dedo son las favoritas de las m\u00e1s elegantes\"><br \/>\n<img loading=\"lazy\" class=\"v-a-img\" src=\"http:\/\/hoycordobaweb.com\/wp-content\/uploads\/2025\/07\/sandalias-con-flor-la-tendencia-a-la-que-tienes-que-unirte-en-verano-7-modelos-preciosos-12.jpg\" alt=\"Estas sandalias de dedo son las favoritas de las m\u00e1s elegantes\"><br \/>\n<\/a><br \/>\n<\/figure>\n<\/div>\n<\/article>\n<\/div>\n<\/div>\n<\/div>\n<\/div>\n<div class=\"media_block\"><\/div>\n","protected":false},"excerpt":{"rendered":"<p>Si quieres hacerte con unas sandalias nuevas este verano y no tienes del todo claro por cu\u00e1l decantarte, adem\u00e1s de fichar los modelos planos tendencia, debes saber que hay una opci\u00f3n que se lleva much\u00edsimo. Hablamos de las sandalias con flor, aprobadas por las que m\u00e1s saben de moda y todo un reclamo entre aquellas [&hellip;]<\/p>\n","protected":false},"author":1,"featured_media":110851,"comment_status":"closed","ping_status":"closed","sticky":false,"template":"","format":"standard","meta":[],"categories":[],"tags":[],"_links":{"self":[{"href":"http:\/\/hoycordobaweb.com\/index.php\/wp-json\/wp\/v2\/posts\/110850"}],"collection":[{"href":"http:\/\/hoycordobaweb.com\/index.php\/wp-json\/wp\/v2\/posts"}],"about":[{"href":"http:\/\/hoycordobaweb.com\/index.php\/wp-json\/wp\/v2\/types\/post"}],"author":[{"embeddable":true,"href":"http:\/\/hoycordobaweb.com\/index.php\/wp-json\/wp\/v2\/users\/1"}],"replies":[{"embeddable":true,"href":"http:\/\/hoycordobaweb.com\/index.php\/wp-json\/wp\/v2\/comments?post=110850"}],"version-history":[{"count":0,"href":"http:\/\/hoycordobaweb.com\/index.php\/wp-json\/wp\/v2\/posts\/110850\/revisions"}],"wp:featuredmedia":[{"embeddable":true,"href":"http:\/\/hoycordobaweb.com\/index.php\/wp-json\/wp\/v2\/media\/110851"}],"wp:attachment":[{"href":"http:\/\/hoycordobaweb.com\/index.php\/wp-json\/wp\/v2\/media?parent=110850"}],"wp:term":[{"taxonomy":"category","embeddable":true,"href":"http:\/\/hoycordobaweb.com\/index.php\/wp-json\/wp\/v2\/categories?post=110850"},{"taxonomy":"post_tag","embeddable":true,"href":"http:\/\/hoycordobaweb.com\/index.php\/wp-json\/wp\/v2\/tags?post=110850"}],"curies":[{"name":"wp","href":"https:\/\/api.w.org\/{rel}","templated":true}]}}