{"id":110844,"date":"2025-07-12T23:14:44","date_gmt":"2025-07-12T23:14:44","guid":{"rendered":"https:\/\/www.ole.com.ar\/futbol-internacional\/america\/jorge-almiron-colo-chile-clasicos-perdidos-mitad-tabla-futuro-incierto-liga-primera-chile-catolica_0_SlaT9Ve1h4.html"},"modified":"2025-07-12T23:14:44","modified_gmt":"2025-07-12T23:14:44","slug":"el-flojo-presente-de-almiron-en-colo-colo-dos-clasicos-perdidos-mitad-de-tabla-y-un-futuro-incierto","status":"publish","type":"post","link":"http:\/\/hoycordobaweb.com\/index.php\/2025\/07\/12\/el-flojo-presente-de-almiron-en-colo-colo-dos-clasicos-perdidos-mitad-de-tabla-y-un-futuro-incierto\/","title":{"rendered":"El flojo presente de Almir\u00f3n en Colo Colo: dos cl\u00e1sicos perdidos, mitad de tabla y un futuro incierto"},"content":{"rendered":"<p><img src=\"http:\/\/hoycordobaweb.com\/wp-content\/uploads\/2025\/07\/el-flojo-presente-de-almiron-en-colo-colo-dos-clasicos-perdidos-mitad-de-tabla-y-un-futuro-incierto.jpg\"><\/p>\n<p><time class=\"createDate\" datetime=\"2025-07-12T20:14:44-03:00\">12\/07\/2025 20:14hs.<\/time><\/p>\n<div id=\"storyBody\">\n<div class=\"custom-text \" readability=\"33.24\">\n<p>Una nueva derrota volvi\u00f3 a poner a <strong><a href=\"https:\/\/www.ole.com.ar\/tema\/jorge-almiron.html\" title=\"Jorge Almir\u00f3n\" alt=\"Jorge Almir\u00f3n\" class=\"slug\">Jorge Almir\u00f3n<\/a><\/strong> en el foco de la tormenta en la que <strong><a href=\"https:\/\/www.ole.com.ar\/tema\/colo-colo.html\" title=\"colo colo\" alt=\"colo colo\" class=\"slug\">Colo Colo<\/a><\/strong> se encuentra inmerso. Con el <strong>2 a 1 en contra en el cl\u00e1sico frente a la U de Chile<\/strong> por la 7\u00b0 fecha de la Liga Primera, <strong>el ex DT de Boca se hundi\u00f3 a\u00fan m\u00e1s en un pozo que tiene al Cacique al rojo vivo<\/strong>.<\/p>\n<\/div>\n<div class=\"custom-text \" readability=\"33.904109589041\">\n<p>Ya <strong>eliminado de la<\/strong> <strong><a href=\"https:\/\/www.ole.com.ar\/tema\/copa-libertadores.html\" title=\"Copa Libertadores\" alt=\"Copa Libertadores\" class=\"slug\">Copa Libertadores<\/a><\/strong> <strong>y de la Sudamericana<\/strong> -qued\u00f3 \u00faltimo en el grupo de la CL con cinco puntos cosechados en seis fechas- y tambi\u00e9n <strong>fuera de la Copa Chile<\/strong>, torneo en el que perdi\u00f3 de forma prematura en la fase inicial, Colo Colo atraviesa un delicado momento futbol\u00edstico. <\/p>\n<\/div>\n<div class=\"sc-e7b891c4-0 ifHnQL image-embed\"><img alt=\"Almir\u00f3n y un momento complicado en Colo Colo (EFE).\" loading=\"lazy\" width=\"720\" height=\"100\" decoding=\"async\" data-nimg=\"1\" src=\"http:\/\/hoycordobaweb.com\/wp-content\/uploads\/2025\/07\/el-flojo-presente-de-almiron-en-colo-colo-dos-clasicos-perdidos-mitad-de-tabla-y-un-futuro-incierto-2.jpg\"><span class=\"epigraphe\">Almir\u00f3n y un momento complicado en Colo Colo (EFE).<\/span><\/div>\n<div class=\"custom-text \" readability=\"36.132478632479\">\n<p>Y es que a estas dos duras eliminaciones que sufri\u00f3 en los \u00faltimos dos meses, el conjunto chileno le sum\u00f3 una <strong>importante racha negativa y dos duras derrotas frente a los rivales de toda la vida: la <a href=\"https:\/\/www.ole.com.ar\/tema\/universidad-de-chile.html\" title=\"Universidad de Chile\" alt=\"Universidad de Chile\" class=\"slug\">U. de Chile<\/a> y la <a href=\"https:\/\/www.ole.com.ar\/tema\/u-catolica.html\" title=\"U Cat\u00f3lica\" alt=\"U Cat\u00f3lica\" class=\"slug\">U. Cat\u00f3lica<\/a><\/strong>. Esta seguidilla de partidos perdidos comenz\u00f3 en el duelo frente a Audax Italiano, partido que el Cacique perdi\u00f3 por 2 a 1 y que tuvo la expulsi\u00f3n de Arturo Vidal, quien recibi\u00f3 dos fechas de suspensi\u00f3n y se perdi\u00f3 ambos cl\u00e1sicos.<\/p>\n<\/div>\n<div class=\"sc-e7b891c4-0 ifHnQL image-embed\"><img alt=\"Arturo Vidal fue expulsado por protestar (TNT Sports).\" loading=\"lazy\" width=\"720\" height=\"100\" decoding=\"async\" data-nimg=\"1\" src=\"http:\/\/hoycordobaweb.com\/wp-content\/uploads\/2025\/07\/el-flojo-presente-de-almiron-en-colo-colo-dos-clasicos-perdidos-mitad-de-tabla-y-un-futuro-incierto-3.jpg\"><span class=\"epigraphe\">Arturo Vidal fue expulsado por protestar (TNT Sports).<\/span><\/div>\n<div class=\"custom-text \" readability=\"35\">\n<p>Tras esta olvidable tarde, el Colo Colo de Almir\u00f3n visit\u00f3 a Universidad Cat\u00f3lica por la 5\u00b0 fecha de la Liga Primera y el resultado tampoco fue el esperado: <strong>perdi\u00f3 categ\u00f3ricamente por 2 a 0 en un partido en el que su equipo pate\u00f3 tres veces<\/strong> y uno solo de estos remates tuvo direcci\u00f3n de arco.<\/p>\n<\/div>\n<div class=\"sc-e7b891c4-0 ifHnQL image-embed\"><img alt=\"El equipo de Almir\u00f3n perdi\u00f3 frente a la U. de Chile (EFE).\" loading=\"lazy\" width=\"720\" height=\"100\" decoding=\"async\" data-nimg=\"1\" src=\"http:\/\/hoycordobaweb.com\/wp-content\/uploads\/2025\/07\/el-flojo-presente-de-almiron-en-colo-colo-dos-clasicos-perdidos-mitad-de-tabla-y-un-futuro-incierto-4.jpg\"><span class=\"epigraphe\">El equipo de Almir\u00f3n perdi\u00f3 frente a la U. de Chile (EFE).<\/span><\/div>\n<div class=\"custom-text \" readability=\"39\">\n<p>Por \u00faltimo, y estirando este mal momento del Cacique, el equipo de Almir\u00f3n <strong>cay\u00f3 en el cl\u00e1sico frente a la U. de Chile en el Estadio Nacional Julio Mart\u00ednez Pr\u00e1danos, cancha en la que no perd\u00eda hace 12 a\u00f1os<\/strong> -en el 3 a 2 del 5 de mayo de 2013-. En un partido que estuvo lleno de penales -hubo tres tiros desde los 12 pasos-, Colo Colo fue derrotado por 2 a 1 a pesar del gol del argentino Claudio Aquino. <\/p>\n<\/div>\n<div class=\"sc-e7b891c4-0 ifHnQL image-embed\"><img alt=\"U. de Chile venci\u00f3 al Colo Colo de Almir\u00f3n (EFE).\" loading=\"lazy\" width=\"720\" height=\"100\" decoding=\"async\" data-nimg=\"1\" src=\"http:\/\/hoycordobaweb.com\/wp-content\/uploads\/2025\/07\/el-flojo-presente-de-almiron-en-colo-colo-dos-clasicos-perdidos-mitad-de-tabla-y-un-futuro-incierto-5.jpg\"><span class=\"epigraphe\">U. de Chile venci\u00f3 al Colo Colo de Almir\u00f3n (EFE).<\/span><\/div>\n<div class=\"custom-text \" readability=\"37\">\n<p>Este nuevo resultado negativo hizo que el equipo salte a la <strong>9\u00b0 posici\u00f3n de la tabla<\/strong>, quede fuera de la actual clasificaci\u00f3n a las copas y se encuentre con 21 puntos en 15 fechas; cuestiones que generaron mucho revuelo en los principales medios de Chile, donde <strong>pusieron en duda el futuro del entrenador de 54 a\u00f1os en el cargo de DT del Cacique<\/strong>. <\/p>\n<\/div>\n<p><h2><strong>Las quejas del ayudante de Almir\u00f3n por el arbitraje<\/strong><\/h2>\n<\/p>\n<div class=\"custom-text \" readability=\"39\">\n<p>Tras el partido frente a la U. de Chile, Pablo Ricchetti, ayudante de campo de Almir\u00f3n se quej\u00f3 del arbitraje y dijo: \u201cHay situaciones que se van dando que no se pueden controlar, como la expulsi\u00f3n de P\u00e1vez que todav\u00eda no entiendo por qu\u00e9. <strong>A m\u00ed no me ha pasado que en un cl\u00e1sico se cobren dos penales dudosos y que ni ellos hayan protestado<\/strong>, son cosas que uno piensa\u201d.<\/p>\n<\/div>\n<div class=\"sc-a7166897-0 eoLsBE\" readability=\"7.5\">\n<section readability=\"5\"><picture><img alt=\"Atl\u00e9tico Tucum\u00e1n vs. San Mart\u00edn de San Juan, por el Torneo Clausura: d\u00eda, horario y c\u00f3mo verlo por TV\" loading=\"lazy\" width=\"290\" height=\"290\" decoding=\"async\" data-nimg=\"1\" src=\"http:\/\/hoycordobaweb.com\/wp-content\/uploads\/2025\/07\/el-flojo-presente-de-almiron-en-colo-colo-dos-clasicos-perdidos-mitad-de-tabla-y-un-futuro-incierto-6.jpg\"><\/picture>\n<p><span>Mir\u00e1 tambi\u00e9n<\/span><\/p>\n<hr>\n<h3>Atl\u00e9tico Tucum\u00e1n vs. San Mart\u00edn de San Juan, por el Torneo Clausura: d\u00eda, horario y c\u00f3mo verlo por TV<\/h3>\n<\/p>\n<\/section>\n<\/div>\n<div class=\"sc-a7166897-0 eoLsBE\" readability=\"7\">\n<section readability=\"4\"><picture><img alt=\"Independiente, con un debut, una duda y una sorpresa ante Sarmiento\" loading=\"lazy\" width=\"290\" height=\"290\" decoding=\"async\" data-nimg=\"1\" src=\"http:\/\/hoycordobaweb.com\/wp-content\/uploads\/2025\/07\/el-flojo-presente-de-almiron-en-colo-colo-dos-clasicos-perdidos-mitad-de-tabla-y-un-futuro-incierto-7.jpg\"><\/picture>\n<p><span>Mir\u00e1 tambi\u00e9n<\/span><\/p>\n<hr>\n<h3>Independiente, con un debut, una duda y una sorpresa ante Sarmiento<\/h3>\n<\/p>\n<\/section>\n<\/div>\n<div class=\"sc-a7166897-0 eoLsBE\" readability=\"7.5\">\n<section readability=\"5\"><picture><img alt=\"Sarmiento vs. Independiente, por el Torneo Clausura: d\u00eda, horario y c\u00f3mo verlo por TV\" loading=\"lazy\" width=\"290\" height=\"290\" decoding=\"async\" data-nimg=\"1\" src=\"http:\/\/hoycordobaweb.com\/wp-content\/uploads\/2025\/07\/el-flojo-presente-de-almiron-en-colo-colo-dos-clasicos-perdidos-mitad-de-tabla-y-un-futuro-incierto-8.jpg\"><\/picture>\n<p><span>Mir\u00e1 tambi\u00e9n<\/span><\/p>\n<hr>\n<h3>Sarmiento vs. Independiente, por el Torneo Clausura: d\u00eda, horario y c\u00f3mo verlo por TV<\/h3>\n<\/p>\n<\/section>\n<\/div>\n<\/div>\n","protected":false},"excerpt":{"rendered":"<p>12\/07\/2025 20:14hs. Una nueva derrota volvi\u00f3 a poner a Jorge Almir\u00f3n en el foco de la tormenta en la que Colo Colo se encuentra inmerso. Con el 2 a 1 en contra en el cl\u00e1sico frente a la U de Chile por la 7\u00b0 fecha de la Liga Primera, el ex DT de Boca se [&hellip;]<\/p>\n","protected":false},"author":1,"featured_media":110845,"comment_status":"open","ping_status":"closed","sticky":false,"template":"","format":"standard","meta":[],"categories":[16],"tags":[],"_links":{"self":[{"href":"http:\/\/hoycordobaweb.com\/index.php\/wp-json\/wp\/v2\/posts\/110844"}],"collection":[{"href":"http:\/\/hoycordobaweb.com\/index.php\/wp-json\/wp\/v2\/posts"}],"about":[{"href":"http:\/\/hoycordobaweb.com\/index.php\/wp-json\/wp\/v2\/types\/post"}],"author":[{"embeddable":true,"href":"http:\/\/hoycordobaweb.com\/index.php\/wp-json\/wp\/v2\/users\/1"}],"replies":[{"embeddable":true,"href":"http:\/\/hoycordobaweb.com\/index.php\/wp-json\/wp\/v2\/comments?post=110844"}],"version-history":[{"count":0,"href":"http:\/\/hoycordobaweb.com\/index.php\/wp-json\/wp\/v2\/posts\/110844\/revisions"}],"wp:featuredmedia":[{"embeddable":true,"href":"http:\/\/hoycordobaweb.com\/index.php\/wp-json\/wp\/v2\/media\/110845"}],"wp:attachment":[{"href":"http:\/\/hoycordobaweb.com\/index.php\/wp-json\/wp\/v2\/media?parent=110844"}],"wp:term":[{"taxonomy":"category","embeddable":true,"href":"http:\/\/hoycordobaweb.com\/index.php\/wp-json\/wp\/v2\/categories?post=110844"},{"taxonomy":"post_tag","embeddable":true,"href":"http:\/\/hoycordobaweb.com\/index.php\/wp-json\/wp\/v2\/tags?post=110844"}],"curies":[{"name":"wp","href":"https:\/\/api.w.org\/{rel}","templated":true}]}}