{"id":110766,"date":"2025-07-12T15:29:21","date_gmt":"2025-07-12T15:29:21","guid":{"rendered":"http:\/\/hoycordobaweb.com\/index.php\/2025\/07\/12\/trump-no-duerme-ahora-amenaza-con-aranceles-a-mexico-30-y-la-union-europea-25\/"},"modified":"2025-07-12T15:29:21","modified_gmt":"2025-07-12T15:29:21","slug":"trump-no-duerme-ahora-amenaza-con-aranceles-a-mexico-30-y-la-union-europea-25","status":"publish","type":"post","link":"http:\/\/hoycordobaweb.com\/index.php\/2025\/07\/12\/trump-no-duerme-ahora-amenaza-con-aranceles-a-mexico-30-y-la-union-europea-25\/","title":{"rendered":"Trump no duerme: ahora amenaza con aranceles a M\u00e9xico (30%) y la Uni\u00f3n Europea (25%)"},"content":{"rendered":"<div class=\"media_block\"><\/div>\n<p>La cruzada arancelaria global del presidente de Estados Unidos, <strong>Donald Trump<\/strong>, no descansa ni los fines de semana. Sus cartas a l\u00edderes globales imponiendo tasas m\u00e1s altas de importaci\u00f3n <strong>llegaron este s\u00e1bado al vecino M\u00e9xico,<\/strong> con el que ya ha discutido y acordado en incontables ocasiones, <strong>y tambi\u00e9n a la Uni\u00f3n Europea (UE)<\/strong>, destino a\u00f1ejo de sus quejas.<\/p>\n<p><a target=\"_blank\" href=\"https:\/\/www.perfil.com\/noticias\/internacional\/trump-descarta-dar-marcha-atras-con-los-aranceles-a-brasil-y-defiende-a-bolsonaro.phtml\" rel=\"noopener noreferrer\">Todo en medio de la pelea de alt\u00edsimo tono que mantiene con<strong> Lula da Silva en Brasil<\/strong>, <\/a>que le advirti\u00f3 que si impone aranceles a sus productos,<a target=\"_blank\" href=\"https:\/\/www.perfil.com\/noticias\/internacional\/lula-da-silva-dijo-que-trump-es-irresponsable-pero-no-lo-menciono-por-su-nombre.phtml\" rel=\"noopener noreferrer\"> aplicar\u00e1 habr\u00e1 id\u00e9nticos impuestos a las exportaciones de EE.UU. a ese pa\u00eds.<\/a><\/p>\n<p>Las cartas de este s\u00e1bado tienen un margen de entrada en vigencia, <strong>el 1 de agosto,<\/strong> y en el caso de M\u00e9xico admiti\u00f3 \u00abme han ayudado en la frontera\u00bb, pero enseguida agreg\u00f3 que \u00abno era suficiente\u00bb la tarea que est\u00e1n haciendo en la lucha contra los carteles que trafican fentanilo, y que por eso les impondr\u00e1 aranceles del 30%. <\/p>\n<div class=\"subscription\" readability=\"6.683257918552\">\n<p> Esto no les gusta a los autoritarios <\/p>\n<div class=\"subscription__container\" readability=\"6.1467391304348\">\n<div class=\"subscription__text-wrapper\" readability=\"31.20652173913\">\n<p> El ejercicio del periodismo profesional y cr\u00edtico es un pilar fundamental de la democracia. Por eso molesta a quienes creen ser los due\u00f1os de la verdad. <\/p>\n<\/p><\/div><\/div><\/div>\n<p class=\"destacadoNota\">Hasta el momento, Trump solo pact\u00f3 con Reino Unido y Vietnam, adem\u00e1s de una rebaja rec\u00edproca con China.<\/p>\n<p>Esa nueva tasa para M\u00e9xico es superior a la que Trump hab\u00eda impuesto a principios de este a\u00f1o, que era del 25%, aunque los productos que ingresan a Estados Unidos bajo el tratado de libre comercio de Am\u00e9rica del Norte (T-MEC) est\u00e1n exentos. <\/p>\n<p>Para la Uni\u00f3n Europea, en tanto, el posteo de Trump en su plataforma Truth Social <strong>aludi\u00f3 al desequilibrio comercial<\/strong>, y tambi\u00e9n habr\u00eda grav\u00e1menes del 35%, aludiendo al papel de M\u00e9xico en la introducci\u00f3n de drogas ilegales en Estados Unidos y al desequilibrio comercial con la UE, respectivamente.<\/p>\n<p><picture><source media=\"(max-width: 440px)\" srcset=\"https:\/\/fotos.perfil.com\/\/2025\/07\/12\/440\/0\/mas-cartas-de-trump-amenazando-con-aranceles-2060255.png?webp\"><source media=\"(max-width: 1019px)\" srcset=\"https:\/\/fotos.perfil.com\/\/2025\/07\/12\/712\/0\/mas-cartas-de-trump-amenazando-con-aranceles-2060255.png?webp\"><img alt=\"M\u00e1s cartas de Trump amenazando con aranceles.\" src=\"http:\/\/hoycordobaweb.com\/wp-content\/uploads\/2025\/07\/trump-no-duerme-ahora-amenaza-con-aranceles-a-mexico-30-y-la-union-europea-25.jpg\" loading=\"lazy\"><\/picture><\/p>\n<p>Canad\u00e1 recibi\u00f3 tambi\u00e9n en los \u00faltimos d\u00edas una carta similar que estableci\u00f3 aranceles del 25% sobre sus productos, que con el 10% ya vigente elevar\u00edan a un total del 35%. Desde su regreso a la Casa Blanca en enero, Trump ha impuesto aranceles radicales tanto a aliados como a competidores, lo que ha afectado a los mercados financieros y ha generado temores de una recesi\u00f3n econ\u00f3mica mundial. <\/p>\n<p>Sin embargo, su administraci\u00f3n se encuentra bajo presi\u00f3n para cerrar acuerdos con varios socios comerciales.<\/p>\n<div>\n<figure class=\"image\"><picture><source media=\"(max-width: 440px)\" srcset=\"http:\/\/hoycordobaweb.com\/wp-content\/uploads\/2025\/07\/trump-no-duerme-ahora-amenaza-con-aranceles-a-mexico-30-y-la-union-europea-25-2.webp\"><source media=\"(max-width: 1019px)\" srcset=\"https:\/\/fotos.perfil.com\/\/2024\/11\/27\/712\/0\/claudia-sheinbaum-presidente-de-mexico-1919867.jpg?webp\"><img alt=\"Claudia Sheinbaum presidente de M\u00e9xico \" src=\"http:\/\/hoycordobaweb.com\/wp-content\/uploads\/2025\/07\/trump-no-duerme-ahora-amenaza-con-aranceles-a-mexico-30-y-la-union-europea-25.webp\" loading=\"lazy\"><\/picture><figcaption>La presidenta mexicana Claudia Sheinbaum.<\/figcaption><\/figure>\n<\/p><\/div>\n<p><strong>\u00abM\u00e9xico me ha estado ayudando a asegurar la frontera, PERO lo que ha hecho no es suficiente\u00bb<\/strong>, destac\u00f3 Trump en su carta. \u00abA partir del 1 de agosto de 2025, cobraremos a M\u00e9xico un arancel del 30% a los productos mexicanos que ingresen a Estados Unidos\u00bb, a\u00f1adi\u00f3.<\/p>\n<h2>El caso de Bruselas<\/h2>\n<p>Junto con decenas de otras econom\u00edas, los 27 pa\u00edses de la Uni\u00f3n Europea ten\u00edan previsto un aumento de sus aranceles estadounidenses desde una base del 10% el mi\u00e9rcoles, pero Trump retras\u00f3 la fecha l\u00edmite de aplicaci\u00f3n del nuevo gravamen de otro 25% al 1 de agosto.<\/p>\n<p>Desde Bruselas, voceros de la titular de la UE <strong>Ursula von der Leyen<\/strong> se\u00f1alaron que quieren llegar a un acuerdo con Washington para evitar la nueva amenaza de suba, aunque \u00f1a UE ha preparado aranceles de represalia sobre productos estadounidenses despu\u00e9s de que Trump tambi\u00e9n impusiera aranceles separados a las importaciones de acero y aluminio a principios de este a\u00f1o. Estos aranceles est\u00e1n suspendidos hasta el 14 de julio.<\/p>\n<p><picture><source media=\"(max-width: 440px)\" srcset=\"http:\/\/hoycordobaweb.com\/wp-content\/uploads\/2025\/07\/trump-no-duerme-ahora-amenaza-con-aranceles-a-mexico-30-y-la-union-europea-25-3.webp\"><source media=\"(max-width: 1019px)\" srcset=\"https:\/\/fotos.perfil.com\/\/2025\/07\/12\/712\/0\/mas-cartas-de-trump-amenazando-con-aranceles-2060256.jpg?webp\"><img alt=\"M\u00e1s cartas de Trump amenazando con aranceles.\" src=\"http:\/\/hoycordobaweb.com\/wp-content\/uploads\/2025\/07\/trump-no-duerme-ahora-amenaza-con-aranceles-a-mexico-30-y-la-union-europea-25-1.webp\" loading=\"lazy\"><\/picture><\/p>\n<p>La tasa fijada a la UE tambi\u00e9n es considerablemente mayor que el impuesto del 20% que Trump anunci\u00f3 en abril para el bloque. <\/p>\n<p>Junto con decenas de otras econom\u00edas, los 27 pa\u00edses de la Uni\u00f3n Europea ten\u00edan previsto un aumento de sus aranceles a Estados Unidos desde una base del 10% el mi\u00e9rcoles, pero Trump retras\u00f3 la fecha l\u00edmite de aplicaci\u00f3n de sus nuevos grav\u00e1menes hasta el 1 de agosto. Desde principios de esta semana, Trump envi\u00f3 cartas a m\u00e1s de 20 pa\u00edses d\u00e1ndoles cuenta de los aranceles que aplicar\u00e1 ahora a cada uno de ellos. <\/p>\n<p>HB<\/p>\n","protected":false},"excerpt":{"rendered":"<p>La cruzada arancelaria global del presidente de Estados Unidos, Donald Trump, no descansa ni los fines de semana. Sus cartas a l\u00edderes globales imponiendo tasas m\u00e1s altas de importaci\u00f3n llegaron este s\u00e1bado al vecino M\u00e9xico, con el que ya ha discutido y acordado en incontables ocasiones, y tambi\u00e9n a la Uni\u00f3n Europea (UE), destino a\u00f1ejo [&hellip;]<\/p>\n","protected":false},"author":1,"featured_media":110767,"comment_status":"closed","ping_status":"closed","sticky":false,"template":"","format":"standard","meta":[],"categories":[19],"tags":[690,126,746,45,666],"_links":{"self":[{"href":"http:\/\/hoycordobaweb.com\/index.php\/wp-json\/wp\/v2\/posts\/110766"}],"collection":[{"href":"http:\/\/hoycordobaweb.com\/index.php\/wp-json\/wp\/v2\/posts"}],"about":[{"href":"http:\/\/hoycordobaweb.com\/index.php\/wp-json\/wp\/v2\/types\/post"}],"author":[{"embeddable":true,"href":"http:\/\/hoycordobaweb.com\/index.php\/wp-json\/wp\/v2\/users\/1"}],"replies":[{"embeddable":true,"href":"http:\/\/hoycordobaweb.com\/index.php\/wp-json\/wp\/v2\/comments?post=110766"}],"version-history":[{"count":0,"href":"http:\/\/hoycordobaweb.com\/index.php\/wp-json\/wp\/v2\/posts\/110766\/revisions"}],"wp:featuredmedia":[{"embeddable":true,"href":"http:\/\/hoycordobaweb.com\/index.php\/wp-json\/wp\/v2\/media\/110767"}],"wp:attachment":[{"href":"http:\/\/hoycordobaweb.com\/index.php\/wp-json\/wp\/v2\/media?parent=110766"}],"wp:term":[{"taxonomy":"category","embeddable":true,"href":"http:\/\/hoycordobaweb.com\/index.php\/wp-json\/wp\/v2\/categories?post=110766"},{"taxonomy":"post_tag","embeddable":true,"href":"http:\/\/hoycordobaweb.com\/index.php\/wp-json\/wp\/v2\/tags?post=110766"}],"curies":[{"name":"wp","href":"https:\/\/api.w.org\/{rel}","templated":true}]}}