{"id":110758,"date":"2025-07-12T11:59:30","date_gmt":"2025-07-12T11:59:30","guid":{"rendered":"https:\/\/www.mujerhoy.com\/moda\/no-te-pierdas\/vestidos-nido-abeja-verano-sientan-maravilla-tendencia-20250712135929-nt.html"},"modified":"2025-07-12T11:59:30","modified_gmt":"2025-07-12T11:59:30","slug":"9-vestidos-con-nido-de-abeja-para-verano-sientan-de-maravilla-y-son-tendencia","status":"publish","type":"post","link":"http:\/\/hoycordobaweb.com\/index.php\/2025\/07\/12\/9-vestidos-con-nido-de-abeja-para-verano-sientan-de-maravilla-y-son-tendencia\/","title":{"rendered":"9 vestidos con nido de abeja para verano: sientan de maravilla y son tendencia"},"content":{"rendered":"<p><!-- AUTHOR --><\/p>\n<div class=\"voc-author-timesocial \">\n<!-- AUTHOR --><\/p>\n<div class=\"voc-author-timesocial__signature \">\n<!-- IMAGE AUTHOR -->\n<picture class=\"voc-image-signature\">\n<img class=\"voc-image-signature__img\" src=\"http:\/\/hoycordobaweb.com\/wp-content\/uploads\/2025\/07\/9-vestidos-con-nido-de-abeja-para-verano-sientan-de-maravilla-y-son-tendencia.jpg\" alt=\"Raquel Rodr\u00edguez\">\n<\/picture>\n<!-- INFO AUTHOR --> <\/div><\/div>\n<p><!-- COMPONENTS --><\/p>\n<p class=\"voc-paragraph\">Hay una tendencia m\u00e1s que clara que protagoniza todas y cada una de las nuevas colecciones de este verano. Hablamos de esa moda en la que el<strong> tejido fruncido<\/strong> o tambi\u00e9n llamado nido de abeja protagoniza muchos de<a href=\"https:\/\/www.mujerhoy.com\/moda\/no-te-pierdas\/vestidos-bonitos-ponibles-favorecedores-20250512064637-nt.html\" title=\"www.mujerhoy.com\" data-voc-vtm-id=\"in-text-traffic\" data-mrf-link=\"www.mujerhoy.com\"> los vestidos m\u00e1s bonitos del momento<\/a>.<\/p>\n<p class=\"voc-paragraph\">Resulta que este<strong> corte que queda ce\u00f1ido al cuerpo <\/strong>y que suele ir acompa\u00f1ado de otros detalles, tendencia como el corte bajo, el escote palabra de honor o el largo hasta los pies es el absoluto favorito. Y si todav\u00eda no tienes ninguno en el armario, aqu\u00ed te dejamos algunas de las opciones m\u00e1s bonitas.<\/p>\n<div class=\"v-c-cmp v-c-cmp--t1 \">\n<div class=\"v-cmp-rld v-cmp-rld--2 \">\n<div class=\"v-cnt-m v-cnt-m--m\">\n<div class=\"v-cnt-m__c\">\n<div class=\"v-cnt-m__w v-cnt-m__w--1\">\n<p class=\"v-cnt-m__t\">\nTAMBI\u00c9N TE INTERESA\n<\/p>\n<\/div>\n<\/div>\n<\/div>\n<div class=\"v-g v-g--2-c v-g--bdr-min-xs\">\n<div class=\"v-g__c \">\n<article class=\"v-a v-a--cmp-rld v-a--cmp-rld-2 v-a--p-l\">\n<div class=\"v-a-img-c\">\n<figure class=\"v-a-fig\">\n<a href=\"https:\/\/www.mujerhoy.com\/moda\/no-te-pierdas\/coosy-rebajas-vestidos-verano-invitadas-playa-20250624132437-nt.html#vtm_modulosEngag=mod-rel:moda:noticia:1:cmp:2-not\" class=\"v-a-link\" title=\"Esta es la firma espa\u00f1ola que ha rebajado much\u00edsimo vestidos para la playa o para una boda\"><br \/>\n<img loading=\"lazy\" class=\"v-a-img\" src=\"http:\/\/hoycordobaweb.com\/wp-content\/uploads\/2025\/07\/9-vestidos-con-nido-de-abeja-para-verano-sientan-de-maravilla-y-son-tendencia-1.jpg\" alt=\"Esta es la firma espa\u00f1ola que ha rebajado much\u00edsimo vestidos para la playa o para una boda\"><br \/>\n<\/a><br \/>\n<\/figure>\n<\/div>\n<\/article>\n<\/div>\n<div class=\"v-g__c \">\n<article class=\"v-a v-a--cmp-rld v-a--cmp-rld-2 v-a--p-l\">\n<div class=\"v-a-img-c\">\n<figure class=\"v-a-fig\">\n<a href=\"https:\/\/www.mujerhoy.com\/moda\/no-te-pierdas\/novedades-mango-semana-tejidos-veraniegos-lino-crochet-20250624150501-nt.html#vtm_modulosEngag=mod-rel:moda:noticia:2:cmp:2-not\" class=\"v-a-link\" title=\"Las novedades de Mango de la semana: de tejidos veraniegos como el lino o el crochet a las prendas m\u00e1s sofisticadas\"><br \/>\n<img loading=\"lazy\" class=\"v-a-img\" src=\"http:\/\/hoycordobaweb.com\/wp-content\/uploads\/2025\/07\/9-vestidos-con-nido-de-abeja-para-verano-sientan-de-maravilla-y-son-tendencia-2.jpg\" alt=\"Las novedades de Mango de la semana: de tejidos veraniegos como el lino o el crochet a las prendas m\u00e1s sofisticadas\"><br \/>\n<\/a><br \/>\n<\/figure>\n<\/div>\n<\/article>\n<\/div>\n<\/div>\n<\/div>\n<\/div>\n<div class=\"v-c-cmp \">\n<div class=\"v-cmp-m v-cmp-m--t1\">\n<article class=\"v-a v-a--cmp-m v-c-cmp--m-p\">\n<div class=\"v-a-img-c v-a-img-c--fw-xs\">\n<div class=\"v-a-fig\">\n<div class=\"v-a-link\">\n<img loading=\"lazy\" src=\"http:\/\/hoycordobaweb.com\/wp-content\/uploads\/2025\/07\/9-vestidos-con-nido-de-abeja-para-verano-sientan-de-maravilla-y-son-tendencia-3.jpg\" class=\"v-a-img\" width=\"650\" height=\"975\" alt data-voc-vtm-id=\"in-text-traffic\">\n<\/div>\n<\/div>\n<\/div>\n<\/article>\n<\/div>\n<\/div>\n<p><h3 class=\"v-cmp-suh\">\nAzul favorecedor<br \/>\n<\/h3>\n<\/p>\n<p class=\"voc-paragraph\">Si quieres lucir s\u00faper favorecida, ficha este vestido largo de tirantes de <strong>Ysabel Mora<\/strong>. Tiene la parte superior fruncida y la inferior fluida para una mayor sensaci\u00f3n de comodidad. Precio: rebajado a 37,07 euros.<\/p>\n<div class=\"v-c-cmp \">\n<div class=\"v-cmp-m v-cmp-m--t1\">\n<article class=\"v-a v-a--cmp-m v-c-cmp--m-p\">\n<div class=\"v-a-img-c v-a-img-c--fw-xs\">\n<div class=\"v-a-fig\">\n<div class=\"v-a-link\">\n<img loading=\"lazy\" src=\"http:\/\/hoycordobaweb.com\/wp-content\/uploads\/2025\/07\/9-vestidos-con-nido-de-abeja-para-verano-sientan-de-maravilla-y-son-tendencia-4.jpg\" class=\"v-a-img\" width=\"650\" height=\"975\" alt data-voc-vtm-id=\"in-text-traffic\">\n<\/div>\n<\/div>\n<\/div>\n<\/article>\n<\/div>\n<\/div>\n<p><h3 class=\"v-cmp-suh\">\nEl m\u00e1s viral<br \/>\n<\/h3>\n<\/p>\n<p class=\"voc-paragraph\">Entre las propuestas m\u00e1s virales, est\u00e1 este vestido largo con nido de abeja hasta debajo de la cadera con estampado block print de flores en verde y beige con tintes naturales. Es de <strong>Par&amp;Escala<\/strong>. Precio: 145 euros.<\/p>\n<div class=\"v-c-cmp \">\n<div class=\"v-cmp-m v-cmp-m--t1\">\n<article class=\"v-a v-a--cmp-m v-c-cmp--m-p\">\n<div class=\"v-a-img-c v-a-img-c--fw-xs\">\n<div class=\"v-a-fig\">\n<div class=\"v-a-link\">\n<img loading=\"lazy\" src=\"http:\/\/hoycordobaweb.com\/wp-content\/uploads\/2025\/07\/9-vestidos-con-nido-de-abeja-para-verano-sientan-de-maravilla-y-son-tendencia-5.jpg\" class=\"v-a-img\" width=\"650\" height=\"975\" alt data-voc-vtm-id=\"in-text-traffic\">\n<\/div>\n<\/div>\n<\/div>\n<\/article>\n<\/div>\n<\/div>\n<p><h3 class=\"v-cmp-suh\">\nMidi<br \/>\n<\/h3>\n<\/p>\n<p class=\"voc-paragraph\">El vestido Lissette de <strong>Hoss Intropia<\/strong> es una prenda midi con cuello redondeado y un estampado ikat. Cuenta con manga a la sisa y un detalle de volante en la misma, que aporta un aire femenino. En la zona superior del vestido, el nido de abeja en el \u00e1rea del pecho realza la figura. C\u00f3modo y favorecedor, este vestido es perfecto para combinar con unas sandalias, creando un look ideal para esta primavera. Precio: 119 euros.<\/p>\n<div class=\"v-c-cmp \">\n<div class=\"v-cmp-m v-cmp-m--t1\">\n<article class=\"v-a v-a--cmp-m v-c-cmp--m-p\">\n<div class=\"v-a-img-c v-a-img-c--fw-xs\">\n<div class=\"v-a-fig\">\n<div class=\"v-a-link\">\n<img loading=\"lazy\" src=\"http:\/\/hoycordobaweb.com\/wp-content\/uploads\/2025\/07\/9-vestidos-con-nido-de-abeja-para-verano-sientan-de-maravilla-y-son-tendencia-6.jpg\" class=\"v-a-img\" width=\"650\" height=\"975\" alt data-voc-vtm-id=\"in-text-traffic\">\n<\/div>\n<\/div>\n<\/div>\n<\/article>\n<\/div>\n<\/div>\n<p><h3 class=\"v-cmp-suh\">\nRebajado<br \/>\n<\/h3>\n<\/p>\n<p class=\"voc-paragraph\">En las rebajas de Stradivarius, hemos dado con este vestido midi de cuerpo el\u00e1stico tipo nido de abeja y escote recto con hombros descubiertos. Tiene el bajo acabado fluido y el detalle de acabados con volantes. Precio: 25,99 euros.<\/p>\n<div class=\"v-c-cmp \">\n<div class=\"v-cmp-m v-cmp-m--t1\">\n<article class=\"v-a v-a--cmp-m v-c-cmp--m-p\">\n<div class=\"v-a-img-c v-a-img-c--fw-xs\">\n<div class=\"v-a-fig\">\n<div class=\"v-a-link\">\n<img loading=\"lazy\" src=\"http:\/\/hoycordobaweb.com\/wp-content\/uploads\/2025\/07\/9-vestidos-con-nido-de-abeja-para-verano-sientan-de-maravilla-y-son-tendencia-7.jpg\" class=\"v-a-img\" width=\"650\" height=\"975\" alt data-voc-vtm-id=\"in-text-traffic\">\n<\/div>\n<\/div>\n<\/div>\n<\/article>\n<\/div>\n<\/div>\n<p><h3 class=\"v-cmp-suh\">\nCuello halter<br \/>\n<\/h3>\n<\/p>\n<p class=\"voc-paragraph\">\u00bfC\u00f3mo es de bonito este dise\u00f1o de <strong>Brownie<\/strong>? Es un vestido largo con estampado de flores y un dise\u00f1o con cuello halter, smock en la parte superior y ca\u00edda con volantes que sienta de maravilla. Precio: 65,90 euros.<\/p>\n<div class=\"v-c-cmp \">\n<div class=\"v-cmp-m v-cmp-m--t1\">\n<article class=\"v-a v-a--cmp-m v-c-cmp--m-p\">\n<div class=\"v-a-img-c v-a-img-c--fw-xs\">\n<div class=\"v-a-fig\">\n<div class=\"v-a-link\">\n<img loading=\"lazy\" src=\"http:\/\/hoycordobaweb.com\/wp-content\/uploads\/2025\/07\/9-vestidos-con-nido-de-abeja-para-verano-sientan-de-maravilla-y-son-tendencia-8.jpg\" class=\"v-a-img\" width=\"650\" height=\"975\" alt data-voc-vtm-id=\"in-text-traffic\">\n<\/div>\n<\/div>\n<\/div>\n<\/article>\n<\/div>\n<\/div>\n<p><h3 class=\"v-cmp-suh\">\nCuadros vichy<br \/>\n<\/h3>\n<\/p>\n<p class=\"voc-paragraph\">\u00danete a uno de los estampados favoritos de la temporada con este vestido largo con tirante ancho y estampado de cuadros vichy en color azul y blanco de <strong>elPulpo<\/strong>. Tiene el fruncido el\u00e1stico en la zona del pecho, una falda con vuelo y tirantes con volantes. Precio: 47,94 euros.<\/p>\n<div class=\"v-c-cmp \">\n<div class=\"v-cmp-m v-cmp-m--t1\">\n<article class=\"v-a v-a--cmp-m v-c-cmp--m-p\">\n<div class=\"v-a-img-c v-a-img-c--fw-xs\">\n<div class=\"v-a-fig\">\n<div class=\"v-a-link\">\n<img loading=\"lazy\" src=\"http:\/\/hoycordobaweb.com\/wp-content\/uploads\/2025\/07\/9-vestidos-con-nido-de-abeja-para-verano-sientan-de-maravilla-y-son-tendencia-9.jpg\" class=\"v-a-img\" width=\"650\" height=\"975\" alt data-voc-vtm-id=\"in-text-traffic\">\n<\/div>\n<\/div>\n<\/div>\n<\/article>\n<\/div>\n<\/div>\n<p><h3 class=\"v-cmp-suh\">\nDe rayas<br \/>\n<\/h3>\n<\/p>\n<p class=\"voc-paragraph\">Uno de los dise\u00f1o m\u00e1s rom\u00e1nticos, es este de rayas finas en color amarillo de <strong>Sfera<\/strong>. Es un vestido frundico en el pecho con tirantes con lazada muy finos y una falda con volante ancho en el bajo. Precio: 25,99 euros.<\/p>\n<div class=\"v-c-cmp \">\n<div class=\"v-cmp-m v-cmp-m--t1\">\n<article class=\"v-a v-a--cmp-m v-c-cmp--m-p\">\n<div class=\"v-a-img-c v-a-img-c--fw-xs\">\n<div class=\"v-a-fig\">\n<div class=\"v-a-link\">\n<img loading=\"lazy\" src=\"http:\/\/hoycordobaweb.com\/wp-content\/uploads\/2025\/07\/9-vestidos-con-nido-de-abeja-para-verano-sientan-de-maravilla-y-son-tendencia-10.jpg\" class=\"v-a-img\" width=\"650\" height=\"975\" alt data-voc-vtm-id=\"in-text-traffic\">\n<\/div>\n<\/div>\n<\/div>\n<\/article>\n<\/div>\n<\/div>\n<p><h3 class=\"v-cmp-suh\">\nLargo<br \/>\n<\/h3>\n<\/p>\n<p class=\"voc-paragraph\">En Simorra hemos encontrado este vestido largo de escote redondo y sin mangas. Lleva el canes\u00fa fruncido y el cuerpo de punto smock el\u00e1stico. con el corte en cadera y falda con vuelo, es uno de los m\u00e1s bonitos. Precio: 158 euros.<\/p>\n<div class=\"v-c-cmp \">\n<div class=\"v-cmp-m v-cmp-m--t1\">\n<article class=\"v-a v-a--cmp-m v-c-cmp--m-p\">\n<div class=\"v-a-img-c v-a-img-c--fw-xs\">\n<div class=\"v-a-fig\">\n<div class=\"v-a-link\">\n<img loading=\"lazy\" src=\"http:\/\/hoycordobaweb.com\/wp-content\/uploads\/2025\/07\/9-vestidos-con-nido-de-abeja-para-verano-sientan-de-maravilla-y-son-tendencia-11.jpg\" class=\"v-a-img\" width=\"650\" height=\"975\" alt data-voc-vtm-id=\"in-text-traffic\">\n<\/div>\n<\/div>\n<\/div>\n<\/article>\n<\/div>\n<\/div>\n<p><h3 class=\"v-cmp-suh\">\nBordado<br \/>\n<\/h3>\n<\/p>\n<p class=\"voc-paragraph\">Por \u00faltimo, en <strong>Zara <\/strong>tienes este modelo para las que prefieren ir con algo de manga. Es un dise\u00f1o de color azul con escote bardot que va adornado de bordados en el bajo. Precio: 39,95 euros.<\/p>\n<div class=\"v-c-cmp v-c-cmp--t1 \">\n<div class=\"v-cmp-rld v-cmp-rld--2 \">\n<div class=\"v-cnt-m v-cnt-m--m\">\n<div class=\"v-cnt-m__c\">\n<div class=\"v-cnt-m__w v-cnt-m__w--1\">\n<p class=\"v-cnt-m__t\">\nTAMBI\u00c9N TE INTERESA\n<\/p>\n<\/div>\n<\/div>\n<\/div>\n<div class=\"v-g v-g--2-c v-g--bdr-min-xs\">\n<div class=\"v-g__c \">\n<article class=\"v-a v-a--cmp-rld v-a--cmp-rld-2 v-a--p-l\">\n<div class=\"v-a-img-c\">\n<figure class=\"v-a-fig\">\n<a href=\"https:\/\/www.mujerhoy.com\/moda\/no-te-pierdas\/vestidos-verano-baratos-comodos-primark-20250624105008-nt.html#vtm_modulosEngag=mod-rel:moda:noticia:2:cmp:2-not\" class=\"v-a-link\" title=\"Los mejores vestidos de Primark baratos para llevar con sandalias\"><br \/>\n<img loading=\"lazy\" class=\"v-a-img\" src=\"http:\/\/hoycordobaweb.com\/wp-content\/uploads\/2025\/07\/9-vestidos-con-nido-de-abeja-para-verano-sientan-de-maravilla-y-son-tendencia-12.jpg\" alt=\"Los mejores vestidos de Primark baratos para llevar con sandalias\"><br \/>\n<\/a><br \/>\n<\/figure>\n<\/div>\n<\/article>\n<\/div>\n<\/div>\n<\/div>\n<\/div>\n<div class=\"media_block\"><\/div>\n","protected":false},"excerpt":{"rendered":"<p>Hay una tendencia m\u00e1s que clara que protagoniza todas y cada una de las nuevas colecciones de este verano. Hablamos de esa moda en la que el tejido fruncido o tambi\u00e9n llamado nido de abeja protagoniza muchos de los vestidos m\u00e1s bonitos del momento. Resulta que este corte que queda ce\u00f1ido al cuerpo y que [&hellip;]<\/p>\n","protected":false},"author":1,"featured_media":110759,"comment_status":"closed","ping_status":"closed","sticky":false,"template":"","format":"standard","meta":[],"categories":[],"tags":[],"_links":{"self":[{"href":"http:\/\/hoycordobaweb.com\/index.php\/wp-json\/wp\/v2\/posts\/110758"}],"collection":[{"href":"http:\/\/hoycordobaweb.com\/index.php\/wp-json\/wp\/v2\/posts"}],"about":[{"href":"http:\/\/hoycordobaweb.com\/index.php\/wp-json\/wp\/v2\/types\/post"}],"author":[{"embeddable":true,"href":"http:\/\/hoycordobaweb.com\/index.php\/wp-json\/wp\/v2\/users\/1"}],"replies":[{"embeddable":true,"href":"http:\/\/hoycordobaweb.com\/index.php\/wp-json\/wp\/v2\/comments?post=110758"}],"version-history":[{"count":0,"href":"http:\/\/hoycordobaweb.com\/index.php\/wp-json\/wp\/v2\/posts\/110758\/revisions"}],"wp:featuredmedia":[{"embeddable":true,"href":"http:\/\/hoycordobaweb.com\/index.php\/wp-json\/wp\/v2\/media\/110759"}],"wp:attachment":[{"href":"http:\/\/hoycordobaweb.com\/index.php\/wp-json\/wp\/v2\/media?parent=110758"}],"wp:term":[{"taxonomy":"category","embeddable":true,"href":"http:\/\/hoycordobaweb.com\/index.php\/wp-json\/wp\/v2\/categories?post=110758"},{"taxonomy":"post_tag","embeddable":true,"href":"http:\/\/hoycordobaweb.com\/index.php\/wp-json\/wp\/v2\/tags?post=110758"}],"curies":[{"name":"wp","href":"https:\/\/api.w.org\/{rel}","templated":true}]}}