{"id":110653,"date":"2025-07-11T11:38:13","date_gmt":"2025-07-11T11:38:13","guid":{"rendered":"https:\/\/www.mujerhoy.com\/moda\/no-te-pierdas\/mejores-vestidos-boho-convertiran-invitada-perfecta-20250711133811-nt.html"},"modified":"2025-07-11T11:38:13","modified_gmt":"2025-07-11T11:38:13","slug":"los-mejores-vestidos-boho-que-te-convertiran-en-la-invitada-perfecta","status":"publish","type":"post","link":"http:\/\/hoycordobaweb.com\/index.php\/2025\/07\/11\/los-mejores-vestidos-boho-que-te-convertiran-en-la-invitada-perfecta\/","title":{"rendered":"Los mejores vestidos boho que te convertir\u00e1n en la invitada perfecta"},"content":{"rendered":"<p><!-- AUTHOR --><\/p>\n<div class=\"voc-author-timesocial \">\n<!-- AUTHOR --><\/p>\n<div class=\"voc-author-timesocial__signature \">\n<!-- IMAGE AUTHOR -->\n<picture class=\"voc-image-signature\">\n<img class=\"voc-image-signature__img\" src=\"http:\/\/hoycordobaweb.com\/wp-content\/uploads\/2025\/07\/los-mejores-vestidos-boho-que-te-convertiran-en-la-invitada-perfecta.jpg\" alt=\"Carla Dom\u00ednguez\">\n<\/picture>\n<!-- INFO AUTHOR --> <\/div><\/div>\n<p><!-- COMPONENTS --><\/p>\n<p class=\"voc-paragraph\">Uno de los estilos que ha cautivado a la mayor\u00eda de invitadas es <a href=\"https:\/\/www.mujerhoy.com\/moda\/no-te-pierdas\/vestidos-boho-primavera-mujeres-mayores-50-anos-zara-sfera-20250322132320-nt.html\" data-voc-vtm-id=\"in-text-traffic\" title=\"el boho\" data-mrf-link=\"www.mujerhoy.com\">el boho<\/a>. Ya llevamos un tiempo viendo muchos dise\u00f1os en torno a esta est\u00e9tica y la temporada de verano no pod\u00eda ser menos. Si tienes un evento nucpial durante estos meses y eres <strong>una enamorada del estilo m\u00e1s bohemio<\/strong>, necesitas algunos de estos dise\u00f1os.<\/p>\n<p class=\"voc-paragraph\">Hemos querido recopilar <a href=\"https:\/\/www.mujerhoy.com\/moda\/no-te-pierdas\/vestidos-amplios-frescos-verano-recomendados-20250604133343-nt.html\" data-voc-vtm-id=\"in-text-traffic\" title=\"los vestidos m\u00e1s favorecedores\" data-mrf-link=\"www.mujerhoy.com\">los vestidos m\u00e1s favorecedores<\/a>, elegantes y especiales que encontrar\u00e1s ahora mismo disponible en algunas firmas con sello espa\u00f1ol. Desde <strong>vestidos estampados<\/strong>, pasando por cl\u00e1sicos lisos, hasta todo tipo de escotes y texturas para que escojas el que mejor se adapta a tu pr\u00f3xima boda.<\/p>\n<div class=\"v-c-cmp v-c-cmp--t1 \">\n<div class=\"v-cmp-rld v-cmp-rld--2 \">\n<div class=\"v-cnt-m v-cnt-m--m\">\n<div class=\"v-cnt-m__c\">\n<div class=\"v-cnt-m__w v-cnt-m__w--1\">\n<p class=\"v-cnt-m__t\">\nTAMBI\u00c9N TE INTERESA\n<\/p>\n<\/div>\n<\/div>\n<\/div>\n<div class=\"v-g v-g--2-c v-g--bdr-min-xs\">\n<div class=\"v-g__c \">\n<article class=\"v-a v-a--cmp-rld v-a--cmp-rld-2 v-a--p-l\">\n<div class=\"v-a-img-c\">\n<figure class=\"v-a-fig\">\n<a href=\"https:\/\/www.mujerhoy.com\/moda\/no-te-pierdas\/novedades-parfois-semana-cuadros-vichy-rayas-bordados-20250624212639-nt.html#vtm_modulosEngag=mod-rel:moda:noticia:1:cmp:2-not\" class=\"v-a-link\" title=\"Las novedades de Parfois de la semana: de los cuadros vichy a las rayas y los bordados en prendas de verano\"><br \/>\n<img loading=\"lazy\" class=\"v-a-img\" src=\"http:\/\/hoycordobaweb.com\/wp-content\/uploads\/2025\/07\/los-mejores-vestidos-boho-que-te-convertiran-en-la-invitada-perfecta-1.jpg\" alt=\"Las novedades de Parfois de la semana: de los cuadros vichy a las rayas y los bordados en prendas de verano\"><br \/>\n<\/a><br \/>\n<\/figure>\n<\/div>\n<\/article>\n<\/div>\n<div class=\"v-g__c \">\n<article class=\"v-a v-a--cmp-rld v-a--cmp-rld-2 v-a--p-l\">\n<div class=\"v-a-img-c\">\n<figure class=\"v-a-fig\">\n<a href=\"https:\/\/www.mujerhoy.com\/moda\/no-te-pierdas\/pareos-especiales-elevar-looks-playa-verano-complemento-bikini-20250623121938-nt.html#vtm_modulosEngag=mod-rel:moda:noticia:2:cmp:2-not\" class=\"v-a-link\" title=\"Eleva tus looks de playa con estos pareos especiales que son el complemento perfecto para tus trajes de ba\u00f1o\"><br \/>\n<img loading=\"lazy\" class=\"v-a-img\" src=\"http:\/\/hoycordobaweb.com\/wp-content\/uploads\/2025\/07\/los-mejores-vestidos-boho-que-te-convertiran-en-la-invitada-perfecta-2.jpg\" alt=\"Eleva tus looks de playa con estos pareos especiales que son el complemento perfecto para tus trajes de ba\u00f1o\"><br \/>\n<\/a><br \/>\n<\/figure>\n<\/div>\n<\/article>\n<\/div>\n<\/div>\n<\/div>\n<\/div>\n<p><h3 class=\"v-cmp-suh\">\nLos mejores vestidos boho para invitadas de verano<br \/>\n<\/h3>\n<\/p>\n<div class=\"v-c-cmp \">\n<div class=\"v-cmp-m v-cmp-m--t1\">\n<article class=\"v-a v-a--cmp-m v-c-cmp--m-p\">\n<div class=\"v-a-img-c v-a-img-c--fw-xs\">\n<div class=\"v-a-fig\">\n<div class=\"v-a-link\">\n<img loading=\"lazy\" src=\"http:\/\/hoycordobaweb.com\/wp-content\/uploads\/2025\/07\/los-mejores-vestidos-boho-que-te-convertiran-en-la-invitada-perfecta-3.jpg\" class=\"v-a-img\" width=\"650\" height=\"975\" alt=\"Vestido marr\u00f3n con estampado de Bimani\" data-voc-vtm-id=\"in-text-traffic\">\n<\/div><figcaption class=\"v-fc\">\n<span class=\"v-fc__t\"><br \/>\nVestido marr\u00f3n con estampado de Bimani<br \/>\n<\/span><br \/>\n<span class=\"v-fc__p\"><br \/>\nBimani.<br \/>\n<\/span><br \/>\n<\/figcaption><\/div>\n<\/div>\n<\/article>\n<\/div>\n<\/div>\n<p><h3 class=\"v-cmp-suh\">\nVestido marr\u00f3n con estampado de Bimani (165 euros)<br \/>\n<\/h3>\n<\/p>\n<p class=\"voc-paragraph\">La firma espa\u00f1ola cuenta con un sinf\u00edn de piezas para invitadas. No solo tiene modelos lisos, sino tambi\u00e9n estampados como este vestido en color marr\u00f3n con estampado y escote halter. Es un dise\u00f1o elegant\u00edsimo con espalda abierta. Est\u00e1 hecho en Espa\u00f1a.<\/p>\n<div class=\"v-c-cmp \">\n<div class=\"v-cmp-m v-cmp-m--t1\">\n<article class=\"v-a v-a--cmp-m v-c-cmp--m-p\">\n<div class=\"v-a-img-c v-a-img-c--fw-xs\">\n<div class=\"v-a-fig\">\n<div class=\"v-a-link\">\n<img loading=\"lazy\" src=\"http:\/\/hoycordobaweb.com\/wp-content\/uploads\/2025\/07\/los-mejores-vestidos-boho-que-te-convertiran-en-la-invitada-perfecta-4.jpg\" class=\"v-a-img\" width=\"650\" height=\"975\" alt=\"Vestido satinado con fruncido de Massimo Dutti.\" data-voc-vtm-id=\"in-text-traffic\">\n<\/div><figcaption class=\"v-fc\">\n<span class=\"v-fc__t\"><br \/>\nVestido satinado con fruncido de Massimo Dutti.<br \/>\n<\/span><br \/>\n<span class=\"v-fc__p\"><br \/>\nMassimo Dutti.<br \/>\n<\/span><br \/>\n<\/figcaption><\/div>\n<\/div>\n<\/article>\n<\/div>\n<\/div>\n<p><h3 class=\"v-cmp-suh\">\nVestido satinado con fruncido de Massimo Dutti (129 euros)<br \/>\n<\/h3>\n<\/p>\n<p class=\"voc-paragraph\">Los dise\u00f1os boho no siempre tienen que estar asociados a textiles estampados. El boho es una est\u00e9tica que tambi\u00e9n puedes llevar a trav\u00e9s de siluetas relajadas como este vestido de Massimo Dutti. Es un vestido con tejido fluido y acabado satinado. Cuenta con detalle de tirantes finos y bordado decorativo.<\/p>\n<div class=\"v-c-cmp \">\n<div class=\"v-cmp-m v-cmp-m--t1\">\n<article class=\"v-a v-a--cmp-m v-c-cmp--m-p\">\n<div class=\"v-a-img-c v-a-img-c--fw-xs\">\n<div class=\"v-a-fig\">\n<div class=\"v-a-link\">\n<img loading=\"lazy\" src=\"http:\/\/hoycordobaweb.com\/wp-content\/uploads\/2025\/07\/los-mejores-vestidos-boho-que-te-convertiran-en-la-invitada-perfecta-5.jpg\" class=\"v-a-img\" width=\"650\" height=\"975\" alt=\"Vestido palabra de honor Serena de Baymo.\" data-voc-vtm-id=\"in-text-traffic\">\n<\/div><figcaption class=\"v-fc\">\n<span class=\"v-fc__t\"><br \/>\nVestido palabra de honor Serena de Baymo.<br \/>\n<\/span><br \/>\n<span class=\"v-fc__p\"><br \/>\nBaymo.<br \/>\n<\/span><br \/>\n<\/figcaption><\/div>\n<\/div>\n<\/article>\n<\/div>\n<\/div>\n<p><h3 class=\"v-cmp-suh\">\nVestido palabra de honor Serena de Baymo (269 euros)<br \/>\n<\/h3>\n<\/p>\n<p class=\"voc-paragraph\">Es un vestido elegant\u00edsimo con escote palabra de honor. Se trata de un modelo en color burdeos con detalles florales en crema. Es un vestido con un dise\u00f1o cuidado y elegante para cualquier boda que tengas este verano.<\/p>\n<div class=\"v-c-cmp \">\n<div class=\"v-cmp-m v-cmp-m--t1\">\n<article class=\"v-a v-a--cmp-m v-c-cmp--m-p\">\n<div class=\"v-a-img-c v-a-img-c--fw-xs\">\n<div class=\"v-a-fig\">\n<div class=\"v-a-link\">\n<img loading=\"lazy\" src=\"http:\/\/hoycordobaweb.com\/wp-content\/uploads\/2025\/07\/los-mejores-vestidos-boho-que-te-convertiran-en-la-invitada-perfecta-6.jpg\" class=\"v-a-img\" width=\"650\" height=\"975\" alt=\"Vestido estampado con manga abullonada de Cherubina.\" data-voc-vtm-id=\"in-text-traffic\">\n<\/div><figcaption class=\"v-fc\">\n<span class=\"v-fc__t\"><br \/>\nVestido estampado con manga abullonada de Cherubina.<br \/>\n<\/span><br \/>\n<span class=\"v-fc__p\"><br \/>\ncherubina<br \/>\n<\/span><br \/>\n<\/figcaption><\/div>\n<\/div>\n<\/article>\n<\/div>\n<\/div>\n<p><h3 class=\"v-cmp-suh\">\nVestido estampado con manga abullonada de Cherubina (210 euros)<br \/>\n<\/h3>\n<\/p>\n<p class=\"voc-paragraph\">Se trata de un dise\u00f1o con estampado y manga abullonada de la firma espa\u00f1ola. Es un modelo con falda evas\u00e9 y corte a la cintura. Tiene escote con bajada sutil y mangas abullonadas con detalle de nido de abeja en los hombros. Cuenta con espalda abierta y lazo trenzado.<\/p>\n<div class=\"v-c-cmp \">\n<div class=\"v-cmp-m v-cmp-m--t1\">\n<article class=\"v-a v-a--cmp-m v-c-cmp--m-p\">\n<div class=\"v-a-img-c v-a-img-c--fw-xs\">\n<div class=\"v-a-fig\">\n<div class=\"v-a-link\">\n<img loading=\"lazy\" src=\"http:\/\/hoycordobaweb.com\/wp-content\/uploads\/2025\/07\/los-mejores-vestidos-boho-que-te-convertiran-en-la-invitada-perfecta-7.jpg\" class=\"v-a-img\" width=\"650\" height=\"975\" alt=\"Vestido con estampado Riley de Philippa 1970.\" data-voc-vtm-id=\"in-text-traffic\">\n<\/div><figcaption class=\"v-fc\">\n<span class=\"v-fc__t\"><br \/>\nVestido con estampado Riley de Philippa 1970.<br \/>\n<\/span><br \/>\n<span class=\"v-fc__p\"><br \/>\nPhilippa 1970<br \/>\n<\/span><br \/>\n<\/figcaption><\/div>\n<\/div>\n<\/article>\n<\/div>\n<\/div>\n<p><h3 class=\"v-cmp-suh\">\nVestido con estampado Riley de Philippa 1970 (215 euros)<br \/>\n<\/h3>\n<\/p>\n<p class=\"voc-paragraph\">Si tienes una boda este verano y te apetece lucir un dise\u00f1o m\u00e1s bohemio, hemos dado con el modelo perfecto. Se trata de un vestidod de la firma Philippa 1970. Es un vestido s\u00faper original con estampado de flores, 100% algod\u00f3n y tirantes gruesos. Tiene detalle de volantes en la parte inferior. Se puede conseguir a trav\u00e9s de la tienda ES Fascinante.<\/p>\n<div class=\"v-c-cmp \">\n<div class=\"v-cmp-m v-cmp-m--t1\">\n<article class=\"v-a v-a--cmp-m v-c-cmp--m-p\">\n<div class=\"v-a-img-c v-a-img-c--fw-xs\">\n<div class=\"v-a-fig\">\n<div class=\"v-a-link\">\n<img loading=\"lazy\" src=\"http:\/\/hoycordobaweb.com\/wp-content\/uploads\/2025\/07\/los-mejores-vestidos-boho-que-te-convertiran-en-la-invitada-perfecta-8.jpg\" class=\"v-a-img\" width=\"650\" height=\"975\" alt=\"Vestido estampado multicolor de Byan.\" data-voc-vtm-id=\"in-text-traffic\">\n<\/div><figcaption class=\"v-fc\">\n<span class=\"v-fc__t\"><br \/>\nVestido estampado multicolor de Byan.<br \/>\n<\/span><br \/>\n<span class=\"v-fc__p\"><br \/>\nByan.<br \/>\n<\/span><br \/>\n<\/figcaption><\/div>\n<\/div>\n<\/article>\n<\/div>\n<\/div>\n<p><h3 class=\"v-cmp-suh\">\nVestido estampado multicolor de Byan (215 euros)<br \/>\n<\/h3>\n<\/p>\n<p class=\"voc-paragraph\">Es un dise\u00f1o de la firma espa\u00f1ola Byan. Se trata de un modelo de la colecci\u00f3n Quinta. Es un dise\u00f1o con botones en la parte delantera y mangas con volantes. Tiene una cintura ce\u00f1ida y un estampado multicolor dise\u00f1ado en exclusiva por la firma. Este vestido est\u00e1 realizado a mano en Espa\u00f1a.<\/p>\n<div class=\"v-c-cmp \">\n<div class=\"v-cmp-m v-cmp-m--t1\">\n<article class=\"v-a v-a--cmp-m v-c-cmp--m-p\">\n<div class=\"v-a-img-c v-a-img-c--fw-xs\">\n<div class=\"v-a-fig\">\n<div class=\"v-a-link\">\n<img loading=\"lazy\" src=\"http:\/\/hoycordobaweb.com\/wp-content\/uploads\/2025\/07\/los-mejores-vestidos-boho-que-te-convertiran-en-la-invitada-perfecta-9.jpg\" class=\"v-a-img\" width=\"650\" height=\"975\" alt=\"Vestido ajustado con falda fluida de Sophie &amp; Lucie\" data-voc-vtm-id=\"in-text-traffic\">\n<\/div><figcaption class=\"v-fc\">\n<span class=\"v-fc__t\"><br \/>\nVestido ajustado con falda fluida de Sophie &amp; Lucie<br \/>\n<\/span><br \/>\n<span class=\"v-fc__p\"><br \/>\nSophie &amp; Lucie<br \/>\n<\/span><br \/>\n<\/figcaption><\/div>\n<\/div>\n<\/article>\n<\/div>\n<\/div>\n<p><h3 class=\"v-cmp-suh\">\nVestido ajustado con falda fluida de Sophie &amp; Lucie (380 euros)<br \/>\n<\/h3>\n<\/p>\n<p class=\"voc-paragraph\">Por \u00faltimo, otro dise\u00f1o que nos ha conquistado por completo es este vestido largo de la nueva colecci\u00f3n de Sophie &amp; Lucie. Es un vestido en color \u00e1mbar algo m\u00e1s ajustado en la parte de arriba y fluido en la zona de la falda. Tiene tirantes finitos y fruncido.<\/p>\n<div class=\"v-c-cmp v-c-cmp--t1 \">\n<div class=\"v-cmp-rld v-cmp-rld--2 \">\n<div class=\"v-cnt-m v-cnt-m--m\">\n<div class=\"v-cnt-m__c\">\n<div class=\"v-cnt-m__w v-cnt-m__w--1\">\n<p class=\"v-cnt-m__t\">\nTAMBI\u00c9N TE INTERESA\n<\/p>\n<\/div>\n<\/div>\n<\/div>\n<div class=\"v-g v-g--2-c v-g--bdr-min-xs\">\n<div class=\"v-g__c \">\n<article class=\"v-a v-a--cmp-rld v-a--cmp-rld-2 v-a--p-l\">\n<div class=\"v-a-img-c\">\n<figure class=\"v-a-fig\">\n<a href=\"https:\/\/www.mujerhoy.com\/moda\/no-te-pierdas\/novedades-zara-semana-bolsos-piel-prendas-rusticas-20250623071634-nt.html#vtm_modulosEngag=mod-rel:moda:noticia:1:cmp:2-not\" class=\"v-a-link\" title=\"Las novedades de Zara de la semana: bolsos de piel, prendas r\u00fasticas y estampados de rayas\"><br \/>\n<img loading=\"lazy\" class=\"v-a-img\" src=\"http:\/\/hoycordobaweb.com\/wp-content\/uploads\/2025\/07\/los-mejores-vestidos-boho-que-te-convertiran-en-la-invitada-perfecta-10.jpg\" alt=\"Las novedades de Zara de la semana: bolsos de piel, prendas r\u00fasticas y estampados de rayas\"><br \/>\n<\/a><br \/>\n<\/figure>\n<\/div>\n<\/article>\n<\/div>\n<div class=\"v-g__c \">\n<article class=\"v-a v-a--cmp-rld v-a--cmp-rld-2 v-a--p-l\">\n<div class=\"v-a-img-c\">\n<figure class=\"v-a-fig\">\n<a href=\"https:\/\/www.mujerhoy.com\/moda\/no-te-pierdas\/novedades-primark-semana-vestidos-camisetas-grupies-accesorios-20250621150159-nt.html#vtm_modulosEngag=mod-rel:moda:noticia:2:cmp:2-not\" class=\"v-a-link\" title=\"Las novedades de Primark de la semana: vestidos, camisetas para grupies y accesorios para elevar tus looks\"><br \/>\n<img loading=\"lazy\" class=\"v-a-img\" src=\"http:\/\/hoycordobaweb.com\/wp-content\/uploads\/2025\/07\/los-mejores-vestidos-boho-que-te-convertiran-en-la-invitada-perfecta-11.jpg\" alt=\"Las novedades de Primark de la semana: vestidos, camisetas para grupies y accesorios para elevar tus looks\"><br \/>\n<\/a><br \/>\n<\/figure>\n<\/div>\n<\/article>\n<\/div>\n<\/div>\n<\/div>\n<\/div>\n<div class=\"media_block\"><\/div>\n","protected":false},"excerpt":{"rendered":"<p>Uno de los estilos que ha cautivado a la mayor\u00eda de invitadas es el boho. Ya llevamos un tiempo viendo muchos dise\u00f1os en torno a esta est\u00e9tica y la temporada de verano no pod\u00eda ser menos. Si tienes un evento nucpial durante estos meses y eres una enamorada del estilo m\u00e1s bohemio, necesitas algunos de [&hellip;]<\/p>\n","protected":false},"author":1,"featured_media":110654,"comment_status":"closed","ping_status":"closed","sticky":false,"template":"","format":"standard","meta":[],"categories":[],"tags":[],"_links":{"self":[{"href":"http:\/\/hoycordobaweb.com\/index.php\/wp-json\/wp\/v2\/posts\/110653"}],"collection":[{"href":"http:\/\/hoycordobaweb.com\/index.php\/wp-json\/wp\/v2\/posts"}],"about":[{"href":"http:\/\/hoycordobaweb.com\/index.php\/wp-json\/wp\/v2\/types\/post"}],"author":[{"embeddable":true,"href":"http:\/\/hoycordobaweb.com\/index.php\/wp-json\/wp\/v2\/users\/1"}],"replies":[{"embeddable":true,"href":"http:\/\/hoycordobaweb.com\/index.php\/wp-json\/wp\/v2\/comments?post=110653"}],"version-history":[{"count":0,"href":"http:\/\/hoycordobaweb.com\/index.php\/wp-json\/wp\/v2\/posts\/110653\/revisions"}],"wp:featuredmedia":[{"embeddable":true,"href":"http:\/\/hoycordobaweb.com\/index.php\/wp-json\/wp\/v2\/media\/110654"}],"wp:attachment":[{"href":"http:\/\/hoycordobaweb.com\/index.php\/wp-json\/wp\/v2\/media?parent=110653"}],"wp:term":[{"taxonomy":"category","embeddable":true,"href":"http:\/\/hoycordobaweb.com\/index.php\/wp-json\/wp\/v2\/categories?post=110653"},{"taxonomy":"post_tag","embeddable":true,"href":"http:\/\/hoycordobaweb.com\/index.php\/wp-json\/wp\/v2\/tags?post=110653"}],"curies":[{"name":"wp","href":"https:\/\/api.w.org\/{rel}","templated":true}]}}