{"id":110641,"date":"2025-07-10T23:58:49","date_gmt":"2025-07-10T23:58:49","guid":{"rendered":"https:\/\/www.ole.com.ar\/futbol-internacional\/espana\/yeray-insolito-positivo-antidoping-athletic-bilbao-sancion-alopecia_0_bmhvpQUOeN.html"},"modified":"2025-07-10T23:58:49","modified_gmt":"2025-07-10T23:58:49","slug":"el-insolito-motivo-que-llevo-a-un-futbolista-espanol-a-dar-positivo-en-un-control-antidoping","status":"publish","type":"post","link":"http:\/\/hoycordobaweb.com\/index.php\/2025\/07\/10\/el-insolito-motivo-que-llevo-a-un-futbolista-espanol-a-dar-positivo-en-un-control-antidoping\/","title":{"rendered":"El ins\u00f3lito motivo que llev\u00f3 a un futbolista espa\u00f1ol a dar positivo en un control antidoping"},"content":{"rendered":"<p><img src=\"http:\/\/hoycordobaweb.com\/wp-content\/uploads\/2025\/07\/el-insolito-motivo-que-llevo-a-un-futbolista-espanol-a-dar-positivo-en-un-control-antidoping.jpg\"><\/p>\n<p><time class=\"createDate\" datetime=\"2025-07-10T20:58:49-03:00\">10\/07\/2025 20:58hs.<\/time><\/p>\n<div id=\"storyBody\">\n<div class=\"custom-text \" readability=\"31.975609756098\">\n<p>Las \u00faltimas horas no fueron f\u00e1ciles para <strong>Yeray \u00c1lvarez,<\/strong> defensor central del <strong><a href=\"https:\/\/www.ole.com.ar\/tema\/athletic-bilbao.html\" title=\"Athletic Bilbao\" alt=\"Athletic Bilbao\" class=\"slug\">Athletic Bilbao.<\/a><\/strong> A trav\u00e9s de un comunicado en sus redes sociales, <strong>el futbolista inform\u00f3 que fue sancionado tras un control antidopaje<\/strong> realizado por la <strong><a href=\"https:\/\/www.ole.com.ar\/tema\/uefa.html\" title=\"UEFA\" alt=\"UEFA\" class=\"slug\">UEFA,<\/a><\/strong> luego de la semifinal de la <strong><a href=\"https:\/\/www.ole.com.ar\/tema\/uefa-europa-league.html\" title=\"UEFA Europa League\" alt=\"UEFA Europa League\" class=\"slug\">Europa League<\/a><\/strong> entre el conjunto vasco y el <strong><a href=\"https:\/\/www.ole.com.ar\/tema\/mancheter-united.html\" title=\"Mancheter United\" alt=\"Mancheter United\" class=\"slug\">Manchester United.<\/a><\/strong> <\/p>\n<\/div>\n<div class=\"custom-text \" readability=\"39\">\n<p>Lo curioso de todo esto es que el resultado est\u00e1 relacionado con el consumo de una sustancia incluida en un <strong>tratamiento que el futbolista realiza desde hace a\u00f1os para combatir la alopecia,<\/strong> consecuencia de un<strong> c\u00e1ncer testicular que super\u00f3 en 2017. <\/strong>De dicha enfermedad, fue diagnosticado en 2016 y volvi\u00f3 a jugar al a\u00f1o siguiente, aunque sufri\u00f3 una reca\u00edda. Sin embargo,<strong> logr\u00f3 regresar por segunda vez en 2018.<\/strong><\/p>\n<\/div>\n<div class=\"custom-text \" readability=\"37\">\n<p>Por el momento, el central fue apartado de la competencia mientras se resuelve su situaci\u00f3n, ya que a\u00fan no se defini\u00f3 el alcance de la sanci\u00f3n. <strong>El defensor sostiene que la sustancia detectada proviene del mismo tratamiento capilar autorizado<\/strong> y planea presentar una apelaci\u00f3n con la esperanza de volver a vestir los colores del Athletic y volver a jugar lo antes posible.<\/p>\n<\/div>\n<div class=\"sc-e7b891c4-0 ifHnQL image-embed\"><img alt=\"Foto de los primeros entrenamientos de Yeray Alvarez al conocer que fue dado de alta tras la enfermedad. (EFE\/Luis Tejido)\" loading=\"lazy\" width=\"720\" height=\"100\" decoding=\"async\" data-nimg=\"1\" src=\"http:\/\/hoycordobaweb.com\/wp-content\/uploads\/2025\/07\/el-insolito-motivo-que-llevo-a-un-futbolista-espanol-a-dar-positivo-en-un-control-antidoping-2.jpg\"><span class=\"epigraphe\">Foto de los primeros entrenamientos de Yeray Alvarez al conocer que fue dado de alta tras la enfermedad. (EFE\/Luis Tejido)<\/span><\/div>\n<p><h2><strong>El comunicado de Yeray \u00c1lvarez<\/strong><\/h2>\n<\/p>\n<div class=\"custom-text \" readability=\"38\">\n<p>Hace unas semanas me comunicaron que hab\u00eda dado positivo en un control antidopaje efectuado por la UEFA tras el partido de ida de las semifinales de la Europa League ante el Manchester United. Recibir esa noticia fue un golpe muy duro y, sinceramente, no me lo pod\u00eda creer, dado que jam\u00e1s en mi vida he consumido sustancias prohibidas.<\/p>\n<\/div>\n<div class=\"custom-text \" readability=\"37\">\n<p>Desde que super\u00e9 mi enfermedad, llevo a\u00f1os siguiendo un tratamiento contra la alopecia y, tras estudiar el caso, hemos comprobado que el positivo se dio porque tom\u00e9 de forma involuntaria un medicamento preventivo contra la ca\u00edda del cabello que conten\u00eda una sustancia prohibida.<\/p>\n<\/div>\n<div class=\"custom-text \" readability=\"35\">\n<p>El procedimiento disciplinario se encuentra actualmente en fase de instrucci\u00f3n y sujeto a confidencialidad, por lo que estoy provisionalmente suspendido y no estoy autorizado a realizar declaraciones p\u00fablicas adicionales.<\/p>\n<\/div>\n<div class=\"sc-e7b891c4-0 ifHnQL image-embed\"><img alt=\"Archivo de los jugadores del Athletic de Bilbao sin pelo en apoyo a su compa\u00f1ero Yeray \u00c1lvarez.\" loading=\"lazy\" width=\"720\" height=\"100\" decoding=\"async\" data-nimg=\"1\" src=\"http:\/\/hoycordobaweb.com\/wp-content\/uploads\/2025\/07\/el-insolito-motivo-que-llevo-a-un-futbolista-espanol-a-dar-positivo-en-un-control-antidoping-3.jpg\"><span class=\"epigraphe\">Archivo de los jugadores del Athletic de Bilbao sin pelo en apoyo a su compa\u00f1ero Yeray \u00c1lvarez.<\/span><\/div>\n<div class=\"custom-text \" readability=\"37\">\n<p>Quiero deciros a todos vosotros que lamento mucho esta situaci\u00f3n pero que, con el apoyo del Club, estoy trabajando en mi defensa con el convencimiento de poder volver a los terrenos de juego lo antes posible. Una vez que finalice el proceso, dar\u00e9 todas las explicaciones necesarias.<\/p>\n<\/div>\n<div class=\"custom-text \" readability=\"33\">\n<p>Quiero agradecer al Athletic Club su apoyo y respaldo desde el primer momento y manifestar mi confianza en la justicia y las instituciones deportivas.<\/p>\n<\/div>\n<p><h2><strong>El comunicado del Athletic Bilbao<\/strong><\/h2>\n<\/p>\n<div class=\"custom-text \" readability=\"38\">\n<p>Tal y como ha se\u00f1alado el propio Yeray, el procedimiento se encuentra en fase de instrucci\u00f3n y sujeto a confidencialidad, por lo que el Club no est\u00e1 autorizado a realizar declaraciones p\u00fablicas adicionales sobre este asunto. Una vez que finalice el proceso, Yeray \u00c1lvarez y el Athletic Club ofrecer\u00e1n todas las explicaciones que resulten pertinentes y necesarias.<\/p>\n<\/div>\n<div class=\"custom-embedhtml\" readability=\"6.7933130699088\">\n<blockquote class=\"twitter-tweet\" readability=\"7.2462006079027\">\n<p lang=\"es\" dir=\"ltr\">\u2139\ufe0f El Athletic Club lamenta el error humano de Yeray y le muestra todo su apoyo.<\/p>\n<p>El jugador ha publicado un mensaje en sus redes sociales en el que explica que un error en su tratamiento contra la alopecia ha causado un resultado positivo en un control de <a href=\"https:\/\/twitter.com\/UEFA?ref_src=twsrc%5Etfw\">@UEFA<\/a><a href=\"https:\/\/twitter.com\/hashtag\/AthleticClub?src=hash&amp;ref_src=twsrc%5Etfw\">#AthleticClub<\/a> \ud83e\udd81<\/p>\n<p>\u2014 Athletic Club (@AthleticClub) <a href=\"https:\/\/twitter.com\/AthleticClub\/status\/1943355173331702260?ref_src=twsrc%5Etfw\">July 10, 2025<\/a><\/p><\/blockquote><\/div>\n<div class=\"custom-text \" readability=\"33\">\n<p>El Athletic Club desea expresar su total respaldo a Yeray \u00c1lvarez en estos momentos y su plena confianza en los \u00f3rganos encargados de resolver el caso.<\/p>\n<\/div>\n<div class=\"sc-a7166897-0 eoLsBE\" readability=\"6\">\n<section readability=\"2\"><picture><img alt=\"Se va el tercero: River ya acord\u00f3 de palabra la cesi\u00f3n de Tapia al San Pablo\" loading=\"lazy\" width=\"290\" height=\"290\" decoding=\"async\" data-nimg=\"1\" src=\"http:\/\/hoycordobaweb.com\/wp-content\/uploads\/2025\/07\/el-insolito-motivo-que-llevo-a-un-futbolista-espanol-a-dar-positivo-en-un-control-antidoping-4.jpg\"><\/picture>\n<p><span>Mir\u00e1 tambi\u00e9n<\/span><\/p>\n<hr>\n<h3>Se va el tercero: River ya acord\u00f3 de palabra la cesi\u00f3n de Tapia al San Pablo<\/h3>\n<\/p>\n<\/section>\n<\/div>\n<div class=\"sc-a7166897-0 eoLsBE\" readability=\"7\">\n<section readability=\"4\"><picture><img alt=\"Hist\u00f3rico Bombonerazo por Paredes: con 50 mil personas, as\u00ed est\u00e1 el Templo para recibir al campe\u00f3n del mundo\" loading=\"lazy\" width=\"290\" height=\"290\" decoding=\"async\" data-nimg=\"1\" src=\"http:\/\/hoycordobaweb.com\/wp-content\/uploads\/2025\/07\/el-insolito-motivo-que-llevo-a-un-futbolista-espanol-a-dar-positivo-en-un-control-antidoping-5.jpg\"><\/picture>\n<p><span>Mir\u00e1 tambi\u00e9n<\/span><\/p>\n<hr>\n<h3>Hist\u00f3rico Bombonerazo por Paredes: con 50 mil personas, as\u00ed est\u00e1 el Templo para recibir al campe\u00f3n del mundo<\/h3>\n<\/p>\n<\/section>\n<\/div>\n<\/div>\n","protected":false},"excerpt":{"rendered":"<p>10\/07\/2025 20:58hs. Las \u00faltimas horas no fueron f\u00e1ciles para Yeray \u00c1lvarez, defensor central del Athletic Bilbao. A trav\u00e9s de un comunicado en sus redes sociales, el futbolista inform\u00f3 que fue sancionado tras un control antidopaje realizado por la UEFA, luego de la semifinal de la Europa League entre el conjunto vasco y el Manchester United. [&hellip;]<\/p>\n","protected":false},"author":1,"featured_media":110642,"comment_status":"open","ping_status":"closed","sticky":false,"template":"","format":"standard","meta":[],"categories":[16],"tags":[],"_links":{"self":[{"href":"http:\/\/hoycordobaweb.com\/index.php\/wp-json\/wp\/v2\/posts\/110641"}],"collection":[{"href":"http:\/\/hoycordobaweb.com\/index.php\/wp-json\/wp\/v2\/posts"}],"about":[{"href":"http:\/\/hoycordobaweb.com\/index.php\/wp-json\/wp\/v2\/types\/post"}],"author":[{"embeddable":true,"href":"http:\/\/hoycordobaweb.com\/index.php\/wp-json\/wp\/v2\/users\/1"}],"replies":[{"embeddable":true,"href":"http:\/\/hoycordobaweb.com\/index.php\/wp-json\/wp\/v2\/comments?post=110641"}],"version-history":[{"count":0,"href":"http:\/\/hoycordobaweb.com\/index.php\/wp-json\/wp\/v2\/posts\/110641\/revisions"}],"wp:featuredmedia":[{"embeddable":true,"href":"http:\/\/hoycordobaweb.com\/index.php\/wp-json\/wp\/v2\/media\/110642"}],"wp:attachment":[{"href":"http:\/\/hoycordobaweb.com\/index.php\/wp-json\/wp\/v2\/media?parent=110641"}],"wp:term":[{"taxonomy":"category","embeddable":true,"href":"http:\/\/hoycordobaweb.com\/index.php\/wp-json\/wp\/v2\/categories?post=110641"},{"taxonomy":"post_tag","embeddable":true,"href":"http:\/\/hoycordobaweb.com\/index.php\/wp-json\/wp\/v2\/tags?post=110641"}],"curies":[{"name":"wp","href":"https:\/\/api.w.org\/{rel}","templated":true}]}}