{"id":110633,"date":"2025-07-10T21:18:01","date_gmt":"2025-07-10T21:18:01","guid":{"rendered":"https:\/\/ladecimaweb.com\/?p=32591"},"modified":"2025-07-10T21:18:01","modified_gmt":"2025-07-10T21:18:01","slug":"procesaron-a-alberto-fernandez-por-corrupcion-en-la-causa-seguros","status":"publish","type":"post","link":"http:\/\/hoycordobaweb.com\/index.php\/2025\/07\/10\/procesaron-a-alberto-fernandez-por-corrupcion-en-la-causa-seguros\/","title":{"rendered":"Procesaron a Alberto Fern\u00e1ndez por corrupci\u00f3n en la causa Seguros"},"content":{"rendered":"<div class=\"boldgrid-section\">\n<div class=\"container\">\n<div class=\"row\">\n<div class=\"col-md-12 col-xs-12 col-sm-12\">\n<div class=\"sc-45461e9c-0 eqiBeF container-text text-embed \" id=\"element-body-0\">\n<p class=\"\"><em>(Con info de medios porte\u00f1os)<\/em> El juez federal Sebasti\u00e1n Casanello<span>&nbsp;<\/span><strong>proces\u00f3 en la causa Seguros a Alberto Fern\u00e1ndez<\/strong><span>&nbsp;<\/span>por hechos de corrupci\u00f3n en la contracci\u00f3n de seguros por parte de decenas de organismos p\u00fablicos,<strong><span>&nbsp;<\/span>pagando comisiones millonarias a intermediarios privados.<\/strong><\/p>\n<\/div>\n<div class=\"sc-45461e9c-0 eqiBeF container-text text-embed \" id=\"element-body-1\">\n<p>En este expediente, que instruy\u00f3 desde un comienzo el juez Juli\u00e1n Ercolini, el ex Jefe de Estado termin\u00f3 procesado por el delito de<span>&nbsp;<\/span><strong>negociaciones incompatibles con la funci\u00f3n p\u00fablica. Con un embargo de 14.634.220.283,68 pesos.<\/strong><\/p>\n<\/div>\n<div class=\"sc-45461e9c-0 eqiBeF container-text text-embed \" id=\"element-body-2\">\n<p>Tambi\u00e9n fue procesado por el magistrado el broker amigo de Fern\u00e1ndez,<span>&nbsp;<\/span><strong>H\u00e9ctor Mart\u00ednez Sosa y su esposa y ex secretaria Mar\u00eda Cantero.<span>&nbsp;<\/span><\/strong>En este caso se les atribuy\u00f3 los delitos de negociaciones incompatibles con el ejercicio de la funci\u00f3n p\u00fablica en calidad de part\u00edcipes necesarios. Y tambi\u00e9n el incumplimiento de los deberes de funcionario p\u00fablico,<strong><span>&nbsp;<\/span>con el mismo monto de embargo.<\/strong><\/p>\n<\/div>\n<div class=\"sc-80d44df9-7 keNRi bannerCollapse\">\n<div class=\"sc-d0f79270-0 lcvdWI lazyBanner\" id=\"div-gpt-ad-inread\" data-google-query-id=\"CJujltOZs44DFbptuAQdeKcPjA\">\n<div id=\"google_ads_iframe_\/242767168\/clarin\/politica\/nota\/inread_0__container__\">Un cuestionado decreto firmado por Fern\u00e1ndez, 45 contratos, 25 intermediarios de Seguros, comisiones millonarias, una cooperativa que funcion\u00f3 como financiera y un posible direccionamiento de los contratos son parte de las piezas que componen lo que la justicia denomin\u00f3 una \u201cestructura criminal\u201d para desviar fondos p\u00fablicos a privados.<\/div>\n<\/div>\n<\/div>\n<div class=\"sc-45461e9c-0 eqiBeF container-text text-embed \" id=\"element-body-4\">\n<p class=\"\">Un total de<span>&nbsp;<\/span><strong>40 personas fueron indagadas<\/strong><span>&nbsp;<\/span>en el marco de esta causa, tras haber sido imputados por \u201chaber intervenido mancomunadamente en forma coordinada y funcional, aproximadamente entre el mes de diciembre de 2019 y el mes de diciembre de 2023, en<strong><span>&nbsp;<\/span>un esquema de recaudaci\u00f3n y distribuci\u00f3n de fondos p\u00fablicos<\/strong><span>&nbsp;<\/span>por medio del irregular direccionamiento en la contrataci\u00f3n e intermediaci\u00f3n en seguros tomados por distintas reparticiones p\u00fablicas en Naci\u00f3n Seguros\u201d.<\/p>\n<\/div>\n<div class=\"sc-45461e9c-0 eqiBeF container-text text-embed \" id=\"element-body-5\">\n<p class=\"\">Los brokers de seguros, sostiene la causa,\u201c<strong>con la connivencia de Alberto Fern\u00e1ndez<\/strong>, habr\u00edan operado en la contrataci\u00f3n de seguros de diversos entes estatales, y en especial a trav\u00e9s de la intermediaci\u00f3n de particulares y empresas entre dichos entes y la aseguradora Naci\u00f3n Seguros; como as\u00ed tambi\u00e9n en la inclusi\u00f3n de empresas coaseguradoras por parte de \u00e9sta\u201d.<\/p>\n<\/div>\n<div class=\"sc-45461e9c-0 eqiBeF container-text text-embed \" id=\"element-body-6\">\n<p class=\"\">El juez Sebasti\u00e1n Casanello detall\u00f3 en una resoluci\u00f3n de 400 p\u00e1ginas, que durante la gesti\u00f3n de Alberto Pagliano al frente de \u201cNaci\u00f3n Seguros S.A.\u201d, la empresa estatal abon\u00f3 comisiones \u201cpor intermediaci\u00f3n con organismos p\u00fablicos principalmente a tres grupos de productores liderados por: H\u00e9ctor Horacio Mart\u00ednez Sosa, Pablo Andr\u00e9s Torres Garc\u00eda y Oscar Alberto Castello\u201d.<\/p>\n<\/div>\n<div class=\"sc-45461e9c-0 eqiBeF container-text text-embed \" id=\"element-body-7\">\n<p>El n\u00famero de las comisiones pagadas fue d<strong>e $ 3.364.522.944<\/strong>.<\/p>\n<p>&nbsp;<\/p>\n<div class=\"ubm_banner\"><a href=\"https:\/\/youtu.be\/h2J_ZdbxYVc\" target=\"_blank\" rel=\"dofollow noopener noreferrer\"><img src=\"http:\/\/hoycordobaweb.com\/wp-content\/uploads\/2025\/07\/procesaron-a-alberto-fernandez-por-corrupcion-en-la-causa-seguros.gif\" alt=\"\"><\/a><\/div>\n<\/div>\n<\/div>\n<\/div>\n<\/div>\n<\/div>\n<p>La entrada <a rel=\"nofollow\" href=\"https:\/\/ladecimaweb.com\/procesaron-a-alberto-fernandez-por-corrupcion-en-la-causa-seguros\/\">Procesaron a Alberto Fern\u00e1ndez por corrupci\u00f3n en la causa Seguros<\/a> se public\u00f3 primero en <a rel=\"nofollow\" href=\"https:\/\/ladecimaweb.com\">LaDecima<\/a>.<\/p>\n","protected":false},"excerpt":{"rendered":"<p>(Con info de medios porte\u00f1os) El juez federal Sebasti\u00e1n Casanello&nbsp;proces\u00f3 en la causa Seguros a Alberto Fern\u00e1ndez&nbsp;por hechos de corrupci\u00f3n en la contracci\u00f3n de seguros por parte de decenas de organismos p\u00fablicos,&nbsp;pagando comisiones millonarias a intermediarios privados. En este expediente, que instruy\u00f3 desde un comienzo el juez Juli\u00e1n Ercolini, el ex Jefe de Estado termin\u00f3 [&hellip;]<\/p>\n","protected":false},"author":1,"featured_media":0,"comment_status":"closed","ping_status":"closed","sticky":false,"template":"","format":"standard","meta":[],"categories":[32],"tags":[],"_links":{"self":[{"href":"http:\/\/hoycordobaweb.com\/index.php\/wp-json\/wp\/v2\/posts\/110633"}],"collection":[{"href":"http:\/\/hoycordobaweb.com\/index.php\/wp-json\/wp\/v2\/posts"}],"about":[{"href":"http:\/\/hoycordobaweb.com\/index.php\/wp-json\/wp\/v2\/types\/post"}],"author":[{"embeddable":true,"href":"http:\/\/hoycordobaweb.com\/index.php\/wp-json\/wp\/v2\/users\/1"}],"replies":[{"embeddable":true,"href":"http:\/\/hoycordobaweb.com\/index.php\/wp-json\/wp\/v2\/comments?post=110633"}],"version-history":[{"count":0,"href":"http:\/\/hoycordobaweb.com\/index.php\/wp-json\/wp\/v2\/posts\/110633\/revisions"}],"wp:attachment":[{"href":"http:\/\/hoycordobaweb.com\/index.php\/wp-json\/wp\/v2\/media?parent=110633"}],"wp:term":[{"taxonomy":"category","embeddable":true,"href":"http:\/\/hoycordobaweb.com\/index.php\/wp-json\/wp\/v2\/categories?post=110633"},{"taxonomy":"post_tag","embeddable":true,"href":"http:\/\/hoycordobaweb.com\/index.php\/wp-json\/wp\/v2\/tags?post=110633"}],"curies":[{"name":"wp","href":"https:\/\/api.w.org\/{rel}","templated":true}]}}