{"id":110564,"date":"2025-07-10T14:46:51","date_gmt":"2025-07-10T14:46:51","guid":{"rendered":"https:\/\/www.trendencias.com\/shopping\/aspirador-tapicerias-para-duenos-mascotas-vendido-esta-hoy-a-precio-black-friday"},"modified":"2025-07-10T14:46:51","modified_gmt":"2025-07-10T14:46:51","slug":"el-aspirador-de-tapicerias-para-duenos-de-mascotas-mas-vendido-esta-hoy-a-precio-de-black-friday","status":"publish","type":"post","link":"http:\/\/hoycordobaweb.com\/index.php\/2025\/07\/10\/el-aspirador-de-tapicerias-para-duenos-de-mascotas-mas-vendido-esta-hoy-a-precio-de-black-friday\/","title":{"rendered":"El aspirador de tapicer\u00edas para due\u00f1os de mascotas m\u00e1s vendido est\u00e1 (hoy) a precio de Black Friday"},"content":{"rendered":"<p>En mi casa somos cuatro, mi chico, yo y<strong> los verdaderos reyes de la casa: mi perro y mi gata. <\/strong>Entre ellos digamos que existe una relaci\u00f3n de respeto y distancia, pero si coinciden en algo, es que el sof\u00e1 es el mejor lugar de la casa y lo ocupan casi en su totalidad, dejando peque\u00f1os rastros de pelo por toda la tapicer\u00eda.<\/p>\n<p><!-- BREAK 1 --> <!-- PIVOT START --><\/p>\n<div class=\"pivot-ecommerce-container m-pivot-ecommerce-redesign article-asset-normal article-asset-center\" readability=\"22\">\n<div class=\"pivot-ecommerce\" readability=\"3.3080357142857\">\n<div class=\"pivot-ecommerce-figure\"> <a rel=\"nofollow, sponsored, noopener, noreferrer noopener\" target=\"_blank\" href=\"https:\/\/www.webedia-afilia.com\/redirect?url=https%3A%2F%2Fwww.amazon.es%2Fdp%2FB084PSXMQM%3Ftag%3Dtrendencias-21%26linkCode%3Dogi%26th%3D1%26psc%3D1&amp;category=shopping&amp;site=trendencias&amp;pivot=1&amp;ecomPostExpiration=perish&amp;postId=645328\"> <img loading=\"lazy\" alt=\"BISSELL SpotClean Pet Pro, Aspiradora de Agua Tapicer\u00eda\" width=\"438\" height=\"500\" src=\"http:\/\/hoycordobaweb.com\/wp-content\/uploads\/2025\/07\/el-aspirador-de-tapicerias-para-duenos-de-mascotas-mas-vendido-esta-hoy-a-precio-de-black-friday.jpg\"> <\/a> <\/div>\n<div class=\"pivot-ecommerce-summary\" readability=\"4.0714285714286\">\n<p class=\"pivot-ecommerce-desc\">BISSELL SpotClean Pet Pro, Aspiradora de Agua Tapicer\u00eda<\/p>\n<\/p><\/div><\/div>\n<p>* Alg\u00fan precio puede haber cambiado desde la \u00faltima revisi\u00f3n<\/p>\n<\/p><\/div>\n<p><!-- PIVOT END --><\/p>\n<p>No pasa nada, lo asumo, es parte del sacrificio por tener en casa dos bolitas de pelo de amor infinito, pero necesito una soluci\u00f3n urgente porque con mi <a class=\"text-outboundlink\" href=\"https:\/\/www.trendencias.com\/shopping\/mejores-aspiradores-cable-cual-comprar-consejos-recomendaciones-1\" data-vars-post-title=\"Los mejores aspiradores sin cable | \u00bfCu\u00e1l comprar? Consejos y recomendaciones\" data-vars-post-url=\"https:\/\/www.trendencias.com\/shopping\/mejores-aspiradores-cable-cual-comprar-consejos-recomendaciones-1\">aspiradora sin cable<\/a>, no es suficiente. Por eso he estado investigando y buscando una soluci\u00f3n pr\u00e1ctica para <strong>limpiar tapicer\u00edas, alfombras y rincones donde los pelos, manchas y olores acaban acumul\u00e1ndose<\/strong>. Y esta <a rel=\"nofollow, sponsored, noopener, noreferrer noopener\" target=\"_blank\" class=\"js-ecommerce\" id=\"link-ecommerce-1\" href=\"https:\/\/www.webedia-afilia.com\/redirect?url=https%3A%2F%2Fwww.amazon.es%2FBissell-15585-SpotClean-Portable-Decibelios%2Fdp%2FB084PSXMQM%2Fref%3Dsr_1_1_sspa%3F__mk_es_ES%3D%25C3%2585M%25C3%2585%25C5%25BD%25C3%2595%25C3%2591%26crid%3DQJTJ1LZHKW16%26dib%3DeyJ2IjoiMSJ9.695wSC5mFAFiC-09Cq5ZxQ.X4maJE_6JLuy79vsTUgk1SLBftNh2MXltJvo5qcNMmI%26dib_tag%3Dse%26keywords%3DB07GXS35PG%26qid%3D1752150868%26sprefix%3Db07gxs35pg%252Caps%252C305%26sr%3D8-1-spons%26sp_csd%3Dd2lkZ2V0TmFtZT1zcF9hdGY%26psc%3D1&amp;category=shopping&amp;site=trendencias&amp;ecomPostExpiration=perish&amp;postId=645328\" data-vars-affiliate-url=\"https:\/\/www.amazon.es\/Bissell-15585-SpotClean-Portable-Decibelios\/dp\/B084PSXMQM\/ref=sr_1_1_sspa?__mk_es_ES=%C3%85M%C3%85%C5%BD%C3%95%C3%91&amp;crid=QJTJ1LZHKW16&amp;dib=eyJ2IjoiMSJ9.695wSC5mFAFiC-09Cq5ZxQ.X4maJE_6JLuy79vsTUgk1SLBftNh2MXltJvo5qcNMmI&amp;dib_tag=se&amp;keywords=B07GXS35PG&amp;qid=1752150868&amp;sprefix=b07gxs35pg%2Caps%2C305&amp;sr=8-1-spons&amp;sp_csd=d2lkZ2V0TmFtZT1zcF9hdGY&amp;psc=1\">BISSELL SpotClean<\/a> que arrasa en ventas en Amazon, es una gran candidata.<\/p>\n<p><!-- BREAK 2 --><\/p>\n<div class=\"article-asset-image article-asset-normal article-asset-center\">\n<div class=\"asset-content\"> <a rel=\"nofollow, sponsored, noopener, noreferrer noopener\" target=\"_blank\" class=\"js-ecommerce\" id=\"link-ecommerce-2\" href=\"https:\/\/www.webedia-afilia.com\/redirect?url=https%3A%2F%2Fwww.amazon.es%2FBissell-15585-SpotClean-Portable-Decibelios%2Fdp%2FB084PSXMQM%2Fref%3Dsr_1_1_sspa%3F__mk_es_ES%3D%25C3%2585M%25C3%2585%25C5%25BD%25C3%2595%25C3%2591%26crid%3DQJTJ1LZHKW16%26dib%3DeyJ2IjoiMSJ9.695wSC5mFAFiC-09Cq5ZxQ.X4maJE_6JLuy79vsTUgk1SLBftNh2MXltJvo5qcNMmI%26dib_tag%3Dse%26keywords%3DB07GXS35PG%26qid%3D1752150868%26sprefix%3Db07gxs35pg%252Caps%252C305%26sr%3D8-1-spons%26sp_csd%3Dd2lkZ2V0TmFtZT1zcF9hdGY%26psc%3D1&amp;category=shopping&amp;site=trendencias&amp;ecomPostExpiration=perish&amp;postId=645328\" data-vars-affiliate-url=\"https:\/\/www.amazon.es\/Bissell-15585-SpotClean-Portable-Decibelios\/dp\/B084PSXMQM\/ref=sr_1_1_sspa?__mk_es_ES=%C3%85M%C3%85%C5%BD%C3%95%C3%91&amp;crid=QJTJ1LZHKW16&amp;dib=eyJ2IjoiMSJ9.695wSC5mFAFiC-09Cq5ZxQ.X4maJE_6JLuy79vsTUgk1SLBftNh2MXltJvo5qcNMmI&amp;dib_tag=se&amp;keywords=B07GXS35PG&amp;qid=1752150868&amp;sprefix=b07gxs35pg%2Caps%2C305&amp;sr=8-1-spons&amp;sp_csd=d2lkZ2V0TmFtZT1zcF9hdGY&amp;psc=1\"> <img class height=\"1228\" width=\"1076\" loading=\"lazy\" decoding=\"async\" sizes=\"100vw\" fetchpriority=\"high\" srcset=\"http:\/\/hoycordobaweb.com\/wp-content\/uploads\/2025\/07\/el-aspirador-de-tapicerias-para-duenos-de-mascotas-mas-vendido-esta-hoy-a-precio-de-black-friday-1.jpg 450w, http:\/\/hoycordobaweb.com\/wp-content\/uploads\/2025\/07\/el-aspirador-de-tapicerias-para-duenos-de-mascotas-mas-vendido-esta-hoy-a-precio-de-black-friday-3.jpg 681w, http:\/\/hoycordobaweb.com\/wp-content\/uploads\/2025\/07\/el-aspirador-de-tapicerias-para-duenos-de-mascotas-mas-vendido-esta-hoy-a-precio-de-black-friday-4.jpg 1024w, http:\/\/hoycordobaweb.com\/wp-content\/uploads\/2025\/07\/el-aspirador-de-tapicerias-para-duenos-de-mascotas-mas-vendido-esta-hoy-a-precio-de-black-friday-5.jpg 1366w\" src=\"http:\/\/hoycordobaweb.com\/wp-content\/uploads\/2025\/07\/el-aspirador-de-tapicerias-para-duenos-de-mascotas-mas-vendido-esta-hoy-a-precio-de-black-friday-1.jpg\" alt=\"Aspirador\"> <noscript><img alt=\"Aspirador\" class src=\"http:\/\/hoycordobaweb.com\/wp-content\/uploads\/2025\/07\/el-aspirador-de-tapicerias-para-duenos-de-mascotas-mas-vendido-esta-hoy-a-precio-de-black-friday-1.jpg\"><\/noscript> <\/a> <\/div>\n<\/div>\n<p>Para empezar, el nombre ya me da una pista, est\u00e1 dise\u00f1ada para casas con mascotas y promete eliminar manchas dif\u00edciles gracias a su succi\u00f3n potente y a una f\u00f3rmula de limpieza con OXY <strong>capaz de eliminar bacterias y malos olores<\/strong> (incluidos los de v\u00f3mitos, que por desgracia, de esto se mucho \u00faltimamente).<\/p>\n<p><!-- BREAK 3 --> <\/p>\n<p>Adem\u00e1s, tiene un <strong>dep\u00f3sito bastante grande teniendo en cuenta su tama\u00f1o<\/strong> -2,8 litros- lo que permite limpiar varias zonas sin necesidad de vaciarla constantemente.Viene tambi\u00e9n con una herramienta especial que atrapa los residuos s\u00f3lidos (algo que se agradece cuando hay pelos por todas partes) y est\u00e1 a precio m\u00ednimo hist\u00f3rico hoy por <del>209,99<\/del> <a rel=\"nofollow, sponsored, noopener, noreferrer noopener\" target=\"_blank\" class=\"js-ecommerce\" id=\"link-ecommerce-3\" href=\"https:\/\/www.webedia-afilia.com\/redirect?url=https%3A%2F%2Fwww.amazon.es%2FBissell-15585-SpotClean-Portable-Decibelios%2Fdp%2FB084PSXMQM%2Fref%3Dsr_1_1_sspa%3F__mk_es_ES%3D%25C3%2585M%25C3%2585%25C5%25BD%25C3%2595%25C3%2591%26crid%3DQJTJ1LZHKW16%26dib%3DeyJ2IjoiMSJ9.695wSC5mFAFiC-09Cq5ZxQ.X4maJE_6JLuy79vsTUgk1SLBftNh2MXltJvo5qcNMmI%26dib_tag%3Dse%26keywords%3DB07GXS35PG%26qid%3D1752150868%26sprefix%3Db07gxs35pg%252Caps%252C305%26sr%3D8-1-spons%26sp_csd%3Dd2lkZ2V0TmFtZT1zcF9hdGY%26psc%3D1&amp;category=shopping&amp;site=trendencias&amp;ecomPostExpiration=perish&amp;postId=645328\" data-vars-affiliate-url=\"https:\/\/www.amazon.es\/Bissell-15585-SpotClean-Portable-Decibelios\/dp\/B084PSXMQM\/ref=sr_1_1_sspa?__mk_es_ES=%C3%85M%C3%85%C5%BD%C3%95%C3%91&amp;crid=QJTJ1LZHKW16&amp;dib=eyJ2IjoiMSJ9.695wSC5mFAFiC-09Cq5ZxQ.X4maJE_6JLuy79vsTUgk1SLBftNh2MXltJvo5qcNMmI&amp;dib_tag=se&amp;keywords=B07GXS35PG&amp;qid=1752150868&amp;sprefix=b07gxs35pg%2Caps%2C305&amp;sr=8-1-spons&amp;sp_csd=d2lkZ2V0TmFtZT1zcF9hdGY&amp;psc=1\">169,99 euros<\/a> (a niveles del Black Friday). Una oferta que da que pensar, quiz\u00e1s ha llegado el momento de acabar con los pelos de una vez por todas en mi sof\u00e1.<\/p>\n<p><!-- BREAK 4 --><\/p>\n<p><em>Nota: Algunos de los enlaces de este art\u00edculo son afiliados y pueden reportar un beneficio econ\u00f3mico a Trendencias. En caso de no disponibilidad, las ofertas pueden variar.<\/em><\/p>\n<p><!-- BREAK 5 --><\/p>\n<p>Fotos | Pexels, Amazon<\/p>\n<p>En Trendencias |<a class=\"text-outboundlink\" href=\"https:\/\/www.trendencias.com\/eventos\/cuando-empiezan-rebajas-verano-inditex-mango-h-m-corte-ingles\" data-vars-post-title=\"Cu\u00e1ndo empiezan las rebajas de verano 2025 en Zara, Mango, H&amp;M, El Corte Ingl\u00e9s y m\u00e1s\" data-vars-post-url=\"https:\/\/www.trendencias.com\/eventos\/cuando-empiezan-rebajas-verano-inditex-mango-h-m-corte-ingles\" data-id=\"noopener noreferrer\"> Cu\u00e1ndo empiezan las rebajas de verano 2025 en Zara, Mango, H&amp;M, El Corte Ingl\u00e9s y m\u00e1s<\/a><\/p>\n<p>En Trendencias | <a class=\"text-outboundlink\" href=\"https:\/\/www.trendencias.com\/shopping\/como-combinar-chaleco-mangas-colores-zapatos-accesorios\" data-vars-post-title=\"C\u00f3mo combinar un chaleco sin mangas: colores, zapatos y accesorios \" data-vars-post-url=\"https:\/\/www.trendencias.com\/shopping\/como-combinar-chaleco-mangas-colores-zapatos-accesorios\" data-id=\"noopener noreferrer\">C\u00f3mo combinar un chaleco sin mangas: colores, zapatos y accesorios<\/a><\/p>\n<p>En Trendencias | <a class=\"text-outboundlink\" href=\"https:\/\/www.trendencias.com\/shopping\/mejores-bragas-menstruales-cuales-comprar-que-tener-cuenta-consejos-recomendaciones\" data-vars-post-title=\"Las mejores bragas menstruales | \u00bfCu\u00e1les comprar y qu\u00e9 tener en cuenta? Consejos y recomendaciones \" data-vars-post-url=\"https:\/\/www.trendencias.com\/shopping\/mejores-bragas-menstruales-cuales-comprar-que-tener-cuenta-consejos-recomendaciones\" data-id=\"noopener noreferrer\">Las mejores bragas menstruales | \u00bfCu\u00e1les comprar y qu\u00e9 tener en cuenta? Consejos y recomendaciones<\/a><\/p>\n","protected":false},"excerpt":{"rendered":"<p>En mi casa somos cuatro, mi chico, yo y los verdaderos reyes de la casa: mi perro y mi gata. Entre ellos digamos que existe una relaci\u00f3n de respeto y distancia, pero si coinciden en algo, es que el sof\u00e1 es el mejor lugar de la casa y lo ocupan casi en su totalidad, dejando [&hellip;]<\/p>\n","protected":false},"author":1,"featured_media":110565,"comment_status":"closed","ping_status":"closed","sticky":false,"template":"","format":"standard","meta":[],"categories":[],"tags":[],"_links":{"self":[{"href":"http:\/\/hoycordobaweb.com\/index.php\/wp-json\/wp\/v2\/posts\/110564"}],"collection":[{"href":"http:\/\/hoycordobaweb.com\/index.php\/wp-json\/wp\/v2\/posts"}],"about":[{"href":"http:\/\/hoycordobaweb.com\/index.php\/wp-json\/wp\/v2\/types\/post"}],"author":[{"embeddable":true,"href":"http:\/\/hoycordobaweb.com\/index.php\/wp-json\/wp\/v2\/users\/1"}],"replies":[{"embeddable":true,"href":"http:\/\/hoycordobaweb.com\/index.php\/wp-json\/wp\/v2\/comments?post=110564"}],"version-history":[{"count":0,"href":"http:\/\/hoycordobaweb.com\/index.php\/wp-json\/wp\/v2\/posts\/110564\/revisions"}],"wp:featuredmedia":[{"embeddable":true,"href":"http:\/\/hoycordobaweb.com\/index.php\/wp-json\/wp\/v2\/media\/110565"}],"wp:attachment":[{"href":"http:\/\/hoycordobaweb.com\/index.php\/wp-json\/wp\/v2\/media?parent=110564"}],"wp:term":[{"taxonomy":"category","embeddable":true,"href":"http:\/\/hoycordobaweb.com\/index.php\/wp-json\/wp\/v2\/categories?post=110564"},{"taxonomy":"post_tag","embeddable":true,"href":"http:\/\/hoycordobaweb.com\/index.php\/wp-json\/wp\/v2\/tags?post=110564"}],"curies":[{"name":"wp","href":"https:\/\/api.w.org\/{rel}","templated":true}]}}