{"id":110560,"date":"2025-07-10T12:16:59","date_gmt":"2025-07-10T12:16:59","guid":{"rendered":"https:\/\/www.mujerhoy.com\/vivir\/ocio\/liubliana-capital-desconocida-bonita-eslovenia-que-ver-barato-20250710144657-nt.html"},"modified":"2025-07-10T12:16:59","modified_gmt":"2025-07-10T12:16:59","slug":"la-capital-mas-desconocida-de-europa-que-puedes-ver-en-dos-dias-y-es-tan-bonita-como-praga","status":"publish","type":"post","link":"http:\/\/hoycordobaweb.com\/index.php\/2025\/07\/10\/la-capital-mas-desconocida-de-europa-que-puedes-ver-en-dos-dias-y-es-tan-bonita-como-praga\/","title":{"rendered":"La capital m\u00e1s desconocida de Europa que puedes ver en dos d\u00edas y es tan bonita como Praga"},"content":{"rendered":"<p><!-- AUTHOR --><\/p>\n<div class=\"voc-author-timesocial \">\n<!-- AUTHOR --><\/p>\n<div class=\"voc-author-timesocial__signature \">\n<!-- IMAGE AUTHOR -->\n<picture class=\"voc-image-signature\">\n<img class=\"voc-image-signature__img\" src=\"http:\/\/hoycordobaweb.com\/wp-content\/uploads\/2025\/07\/la-capital-mas-desconocida-de-europa-que-puedes-ver-en-dos-dias-y-es-tan-bonita-como-praga.jpg\" alt=\"Ana Calvo\">\n<\/picture>\n<!-- INFO AUTHOR --><\/p>\n<div class=\"voc-author-timesocial__info\" data-mrf-recirculation=\"Autor\">\n<div class=\"voc-author-info\">\n<author><br \/>\n<a class=\"voc-author\" href=\"https:\/\/www.mujerhoy.com\/autor\/ana-calvo-1186.html\">Ana Calvo<\/a><br \/>\n<\/author><br \/>\n<!-- TIME --><br \/>\n<time datetime=\"2025-07-10T12:16:59Z\" data-timestamp><br \/>\nPublicado \u00b7 <span data-voc-date-modified-short> 10 de julio de 2025, 14:16 h <\/span><br \/>\n<\/time>\n<\/div>\n<\/div>\n<\/div><\/div>\n<p><!-- COMPONENTS --><\/p>\n<p class=\"voc-paragraph\">M\u00e1s all\u00e1 de las grandes capitales europeas como Madrid, <a href=\"https:\/\/www.mujerhoy.com\/lujo-slow\/mejores-planes-invierno-paris-amantes-moda-lujo-exposicion-pop-art-fundacion-louis-vuitton-20250112150357-nt.html\" title=\"www.mujerhoy.com\" data-voc-vtm-id=\"in-text-traffic\" data-mrf-link=\"www.mujerhoy.com\">Par\u00eds<\/a>, Roma o Londres, que combinan su hist\u00f3rica belleza, su esplendor arquitect\u00f3nico y su efervescencia cultural con calles y atracciones abarrotadas de turistas, en el coraz\u00f3n de Europa se esconde una joya que pocos viajeros han descubierto: <strong>Liubliana, la encantadora capital de Eslovenia<\/strong>. <\/p>\n<p class=\"voc-paragraph\">Manejable y vibrante, sorprendente y cautivadora, Libliana combina el romanticismo de <a href=\"https:\/\/www.mujerhoy.com\/vivir\/ocio\/201604\/14\/praga-historia-corazon-vanguardia-20160414134230.html\" title=\"www.mujerhoy.com\" data-voc-vtm-id=\"in-text-traffic\" data-mrf-link=\"www.mujerhoy.com\">ciudades como Praga<\/a> con la tranquilidad de una aldea alpina en Suiza. Sus calles adoquinadas en las que parece que se ha detenido el tiempo se llenan de vida, m\u00fasica y aroma a caf\u00e9, convirti\u00e9ndola en <strong>un destino ideal para aquellos que buscan escapar de las multitudes<\/strong>, sin renunciar al encanto hist\u00f3rico del Viejo Continente. <\/p>\n<div class=\"v-c-cmp v-c-cmp--t1 \">\n<div class=\"v-cmp-rld v-cmp-rld--2 \">\n<div class=\"v-cnt-m v-cnt-m--m\">\n<div class=\"v-cnt-m__c\">\n<div class=\"v-cnt-m__w v-cnt-m__w--1\">\n<p class=\"v-cnt-m__t\">\nTAMBI\u00c9N TE INTERESA\n<\/p>\n<\/div>\n<\/div>\n<\/div>\n<div class=\"v-g v-g--2-c v-g--bdr-min-xs\">\n<div class=\"v-g__c \">\n<article class=\"v-a v-a--cmp-rld v-a--cmp-rld-2 v-a--p-l\">\n<div class=\"v-a-img-c\">\n<figure class=\"v-a-fig\">\n<a href=\"https:\/\/www.mujerhoy.com\/vivir\/ocio\/hossegor-mejores-playas-surf-landas-pais-vasco-frances-que-hacer-donde-comer-20250611123904-nt.html#vtm_modulosEngag=mod-rel:vivir:noticia:1:cmp:2-not\" class=\"v-a-link\" title=\"Ni en California ni en Bali, las mejores playas de surf est\u00e1n en este encantador pueblo franc\u00e9s\"><br \/>\n<img loading=\"lazy\" class=\"v-a-img\" src=\"http:\/\/hoycordobaweb.com\/wp-content\/uploads\/2025\/07\/la-capital-mas-desconocida-de-europa-que-puedes-ver-en-dos-dias-y-es-tan-bonita-como-praga-1.jpg\" alt=\"Ni en California ni en Bali, las mejores playas de surf est\u00e1n en este encantador pueblo franc\u00e9s\"><br \/>\n<\/a><br \/>\n<\/figure>\n<\/div>\n<\/article>\n<\/div>\n<div class=\"v-g__c \">\n<article class=\"v-a v-a--cmp-rld v-a--cmp-rld-2 v-a--p-l\">\n<div class=\"v-a-img-c\">\n<figure class=\"v-a-fig\">\n<a href=\"https:\/\/www.mujerhoy.com\/vivir\/ocio\/burgau-pueblo-pesquero-algarve-portugal-sin-turistas-escapadas-verano-20250612145938-nt.html#vtm_modulosEngag=mod-rel:vivir:noticia:2:cmp:2-not\" class=\"v-a-link\" title=\"El pueblo portugu\u00e9s para una escapada de verano: es el Santorini del Algarve y no est\u00e1 lleno de turistas\"><br \/>\n<img loading=\"lazy\" class=\"v-a-img\" src=\"http:\/\/hoycordobaweb.com\/wp-content\/uploads\/2025\/07\/la-capital-mas-desconocida-de-europa-que-puedes-ver-en-dos-dias-y-es-tan-bonita-como-praga-2.jpg\" alt=\"El pueblo portugu\u00e9s para una escapada de verano: es el Santorini del Algarve y no est\u00e1 lleno de turistas\"><br \/>\n<\/a><br \/>\n<\/figure>\n<\/div>\n<\/article>\n<\/div>\n<\/div>\n<\/div>\n<\/div>\n<p class=\"voc-paragraph\">A orillas del r\u00edo Ljubljanica, el centro hist\u00f3rico de Liubliana es un paseo peatonal lleno de color, arte y arquitectura. Los puentes que lo cruzan son obras maestras que conectan siglos de historia y a su alrededor, terrazas soleadas y mercados artesanales invitan al paseante a sentarse y disfrutar sin prisa.<strong> Turismo cultural slow y amable<\/strong> con el misterio y la magia de un secreto que solo contar\u00edas a tus mejores amigos. Para que no se masifique, sobre todo.<\/p>\n<div class=\"v-c-cmp v-c-cmp--s\">\n<div class=\"v-cmp-m \">\n<article class=\"v-a v-a--cmp-m v-c-cmp--m-z\">\n<div class=\"v-a-img-c \">\n<div class=\"v-a-fig\">\n<button class=\"v-a-link\" popovertarget=\"photo-850\"><br \/>\n<img loading=\"lazy\" src=\"http:\/\/hoycordobaweb.com\/wp-content\/uploads\/2025\/07\/la-capital-mas-desconocida-de-europa-que-puedes-ver-en-dos-dias-y-es-tan-bonita-como-praga-3.jpg\" class=\"v-a-img\" width=\"650\" height=\"650\" alt=\"Puente de los Dragones, emblema de la ciudad de Liubliana.\" data-voc-vtm-id=\"in-text-traffic\"> <\/button><figcaption class=\"v-fc\">\n<span class=\"v-fc__t\"><br \/>\nPuente de los Dragones, emblema de la ciudad de Liubliana.<br \/>\n<\/span><br \/>\n<span class=\"v-fc__p\"><br \/>\nGETTY<br \/>\n<\/span><br \/>\n<\/figcaption><\/div>\n<\/div>\n<div id=\"photo-850\" popover class=\"v-mdl v-mdl--fw\">\n<button class=\"v-x\" popovertarget=\"photo-850\" popovertargetaction=\"hide\"><br \/>\n<span class=\"v-i\"><br \/>\n<svg width=\"24\" height=\"23.996\" viewBox=\"0 0 24 23.996\">\n<path data-name=\"Uni\u00f3n 29\" d=\"M12,14.03,2.031,24,0,21.963,9.968,12,0,2.033,2.031,0,12,9.966,21.969,0,24,2.033,14.032,12,24,21.963,21.969,24Z\" \/>\n<\/svg><br \/>\n<\/span><br \/>\n<\/button><\/p>\n<div class=\"v-mdl__c\">\n<div class=\"v-mdl__w\">\n<img loading=\"lazy\" src=\"http:\/\/hoycordobaweb.com\/wp-content\/uploads\/2025\/07\/la-capital-mas-desconocida-de-europa-que-puedes-ver-en-dos-dias-y-es-tan-bonita-como-praga-3.jpg\" class=\"v-mdl__img-z\" width=\"650\" height=\"650\" alt>\n<\/div>\n<\/div>\n<\/div>\n<p><span class=\"v-bdp\"><\/span><br \/>\n<\/article>\n<\/div>\n<\/div>\n<p><h3 class=\"v-cmp-suh\">\nGu\u00eda de viajes: qu\u00e9 ver en Liubliana<br \/>\n<\/h3>\n<\/p>\n<p class=\"voc-paragraph\">Liubliana es una ciudad verde, en el sentido m\u00e1s literal, ya que ha sido reconocida como una de las capitales m\u00e1s sostenibles de Europa, as\u00ed que lo normal (y para sorpresa de los que vivimos en Madrid, por ejemplo) es ver m\u00e1s bicis que coches. Por no hablar de sus imponentes parques, como <strong>el inmenso Tivoli<\/strong>, un pulm\u00f3n natural que a pocos minutos del centro, ofrece un respiro perfecto para un picnic o una siesta a la sombra, o para pasear relajada por sus senderos arbolados.<\/p>\n<p class=\"voc-paragraph\">Entre todas las joyas arquitect\u00f3nicas con historia que esconde Liubliana, sin duda una visita imprescindible es <strong>su castillo<\/strong>, una robusta fortaleza militar del siglo XII bien restaurada que domina la ciudad desde la Edad Media, encaramado en lo alto de una colina con vistas panor\u00e1micas a la capital eslovena.<\/p>\n<div class=\"v-c-cmp v-c-cmp--s\">\n<div class=\"v-cmp-m \">\n<article class=\"v-a v-a--cmp-m v-c-cmp--m-z\">\n<div class=\"v-a-img-c \">\n<div class=\"v-a-fig\">\n<button class=\"v-a-link\" popovertarget=\"photo-854\"><br \/>\n<img loading=\"lazy\" src=\"http:\/\/hoycordobaweb.com\/wp-content\/uploads\/2025\/07\/la-capital-mas-desconocida-de-europa-que-puedes-ver-en-dos-dias-y-es-tan-bonita-como-praga-4.jpg\" class=\"v-a-img\" width=\"650\" height=\"650\" alt=\"El castillo medieval domina la ciudad.\" data-voc-vtm-id=\"in-text-traffic\"> <\/button><figcaption class=\"v-fc\">\n<span class=\"v-fc__t\"><br \/>\nEl castillo medieval domina la ciudad.<br \/>\n<\/span><br \/>\n<span class=\"v-fc__p\"><br \/>\nGETTY<br \/>\n<\/span><br \/>\n<\/figcaption><\/div>\n<\/div>\n<div id=\"photo-854\" popover class=\"v-mdl v-mdl--fw\">\n<button class=\"v-x\" popovertarget=\"photo-854\" popovertargetaction=\"hide\"><br \/>\n<span class=\"v-i\"><br \/>\n<svg width=\"24\" height=\"23.996\" viewBox=\"0 0 24 23.996\">\n<path data-name=\"Uni\u00f3n 29\" d=\"M12,14.03,2.031,24,0,21.963,9.968,12,0,2.033,2.031,0,12,9.966,21.969,0,24,2.033,14.032,12,24,21.963,21.969,24Z\" \/>\n<\/svg><br \/>\n<\/span><br \/>\n<\/button><\/p>\n<div class=\"v-mdl__c\">\n<div class=\"v-mdl__w\">\n<img loading=\"lazy\" src=\"http:\/\/hoycordobaweb.com\/wp-content\/uploads\/2025\/07\/la-capital-mas-desconocida-de-europa-que-puedes-ver-en-dos-dias-y-es-tan-bonita-como-praga-4.jpg\" class=\"v-mdl__img-z\" width=\"650\" height=\"650\" alt>\n<\/div>\n<\/div>\n<\/div>\n<p><span class=\"v-bdp\"><\/span><br \/>\n<\/article>\n<\/div>\n<\/div>\n<p class=\"voc-paragraph\"><strong>Abierto al p\u00fablico<\/strong> en verano todos los d\u00edas de la semana de 9 de la ma\u00f1ana a 8 de la tarde, se puede subir a \u00e9l caminando o en funicular y desde sus murallas se contempla una ciudad tejida de tejados rojos y torres esbeltas, enmarcada por los Alpes Julianos. Adem\u00e1s, su interior acoge exposiciones interactivas y una sorprendente historia medieval que nos invita a un viaje al pasado sin movernos del presente.<\/p>\n<p class=\"voc-paragraph\">En un recorrido por el <strong>centro hist\u00f3rico de Liubliana<\/strong>, manejable, agradable de pasear y accesible, no podemos perdernos la catedral de San Nicol\u00e1s, de estilo Barroco, con imponentes frescos y esculturas en el interior y una llamativa c\u00fapula verde custodiada por dos torres gemelas. O la Plaza Pre\u0161eren, en honor al porta m\u00e1s importante del pa\u00eds, con su Iglesia Franciscana de la Anunciaci\u00f3n y su Farmacia Central o Palacio Meyer, con su preciosa fachada Neorrenacentista.<\/p>\n<p class=\"voc-paragraph\">Adem\u00e1s, visitaremos el Mercado Central, ubicado a orillas del r\u00edo. Y es que precisamente el r\u00edo Ljubljanica nos ofrece un espect\u00e1culo de puentes que lo cruzan que bien merecen un paseo: del Puente Triple al de los Carniceros, sin olvidar el <strong>Puente de los Dragones<\/strong>, emblema de la ciudad.<\/p>\n<p class=\"voc-paragraph\">Y es que la capital eslovena se conoce tambi\u00e9n como <strong>la ciudad de los dragones<\/strong> porque, tal y como cuenta la leyenda, Jas\u00f3n, h\u00e9roe de la mitolog\u00eda griega, mat\u00f3 al drag\u00f3n que habitaba en una ci\u00e9naga en la actual Liubliana junto con los argonautas, despu\u00e9s de huir del rey Eetes tras haber robado el Vellocino de Oro.<\/p>\n<div class=\"v-c-cmp v-c-cmp--s\">\n<div class=\"v-cmp-m \">\n<article class=\"v-a v-a--cmp-m v-c-cmp--m-z\">\n<div class=\"v-a-img-c \">\n<div class=\"v-a-fig\">\n<button class=\"v-a-link\" popovertarget=\"photo-427\"><br \/>\n<img loading=\"lazy\" src=\"http:\/\/hoycordobaweb.com\/wp-content\/uploads\/2025\/07\/la-capital-mas-desconocida-de-europa-que-puedes-ver-en-dos-dias-y-es-tan-bonita-como-praga-5.jpg\" class=\"v-a-img\" width=\"650\" height=\"650\" alt=\"Barrio de Metelkova.\" data-voc-vtm-id=\"in-text-traffic\"> <\/button><figcaption class=\"v-fc\">\n<span class=\"v-fc__t\"><br \/>\nBarrio de Metelkova.<br \/>\n<\/span><br \/>\n<span class=\"v-fc__p\"><br \/>\nSLOVENIA.INFO<br \/>\n<\/span><br \/>\n<\/figcaption><\/div>\n<\/div>\n<div id=\"photo-427\" popover class=\"v-mdl v-mdl--fw\">\n<button class=\"v-x\" popovertarget=\"photo-427\" popovertargetaction=\"hide\"><br \/>\n<span class=\"v-i\"><br \/>\n<svg width=\"24\" height=\"23.996\" viewBox=\"0 0 24 23.996\">\n<path data-name=\"Uni\u00f3n 29\" d=\"M12,14.03,2.031,24,0,21.963,9.968,12,0,2.033,2.031,0,12,9.966,21.969,0,24,2.033,14.032,12,24,21.963,21.969,24Z\" \/>\n<\/svg><br \/>\n<\/span><br \/>\n<\/button><\/p>\n<div class=\"v-mdl__c\">\n<div class=\"v-mdl__w\">\n<img loading=\"lazy\" src=\"http:\/\/hoycordobaweb.com\/wp-content\/uploads\/2025\/07\/la-capital-mas-desconocida-de-europa-que-puedes-ver-en-dos-dias-y-es-tan-bonita-como-praga-5.jpg\" class=\"v-mdl__img-z\" width=\"650\" height=\"650\" alt>\n<\/div>\n<\/div>\n<\/div>\n<p><span class=\"v-bdp\"><\/span><br \/>\n<\/article>\n<\/div>\n<\/div>\n<p class=\"voc-paragraph\">Los amantes del arte y la cultura tambi\u00e9n encontrar\u00e1n en Liubliana un fest\u00edn inesperado. <strong>El barrio de Metelkova<\/strong>, una antigua base militar convertida en centro cultural alternativo y un tanto irreverente. Un hervidero de creatividad urbana al m\u00e1s puro estilo Williamsburg, en Nueva York, donde murales, instalaciones y conciertos al aire libre conviven con galer\u00edas de arte contempor\u00e1neo en un espacio vivo donde se respira libertad, experimentaci\u00f3n y comunidad.<\/p>\n<p class=\"voc-paragraph\">Adem\u00e1s, gracias a su ubicaci\u00f3n, Liubliana tambi\u00e9n es un excelente punto de partida para <strong>explorar otros tesoros de Eslovenia<\/strong>: en menos de una hora se puede llegar al lago Bled o a las espectaculares cuevas de Postojna. O llegar al litoral adri\u00e1tico, donde podremos descubrir maravillosas ciudades costeras como Piran, Izola, Koper o Portoroz, mucho menos masificadas que las playas de Croacia o Grecia, pero con el mismo encanto.<\/p>\n<div class=\"v-c-cmp v-c-cmp--t1 \">\n<div class=\"v-cmp-rld v-cmp-rld--2 \">\n<div class=\"v-cnt-m v-cnt-m--m\">\n<div class=\"v-cnt-m__c\">\n<div class=\"v-cnt-m__w v-cnt-m__w--1\">\n<p class=\"v-cnt-m__t\">\nTAMBI\u00c9N TE INTERESA\n<\/p>\n<\/div>\n<\/div>\n<\/div>\n<div class=\"v-g v-g--2-c v-g--bdr-min-xs\">\n<div class=\"v-g__c \">\n<article class=\"v-a v-a--cmp-rld v-a--cmp-rld-2 v-a--p-l\">\n<div class=\"v-a-img-c\">\n<figure class=\"v-a-fig\">\n<a href=\"https:\/\/www.mujerhoy.com\/vivir\/ocio\/azores-vacaciones-baratas-playas-bonitas-ruta-volcanes-20250708134907-nt.html#vtm_modulosEngag=mod-rel:vivir:noticia:1:cmp:2-not\" class=\"v-a-link\" title=\"El Haw\u00e1i europeo est\u00e1 a 3 horas de Madrid: islas con playas paradisiacas, volcanes y naturaleza salvaje\"><br \/>\n<img loading=\"lazy\" class=\"v-a-img\" src=\"http:\/\/hoycordobaweb.com\/wp-content\/uploads\/2025\/07\/la-capital-mas-desconocida-de-europa-que-puedes-ver-en-dos-dias-y-es-tan-bonita-como-praga-6.jpg\" alt=\"El Haw\u00e1i europeo est\u00e1 a 3 horas de Madrid: islas con playas paradisiacas, volcanes y naturaleza salvaje\"><br \/>\n<\/a><br \/>\n<\/figure>\n<\/div>\n<\/article>\n<\/div>\n<div class=\"v-g__c \">\n<article class=\"v-a v-a--cmp-rld v-a--cmp-rld-2 v-a--p-l\">\n<div class=\"v-a-img-c\">\n<figure class=\"v-a-fig\">\n<a href=\"https:\/\/www.mujerhoy.com\/vivir\/ocio\/tossa-de-mar-pueblo-medieval-costa-brava-girona-conquisto-ava-gardner-paraiso-azul-20250703122315-nt.html#vtm_modulosEngag=mod-rel:vivir:noticia:2:cmp:2-not\" class=\"v-a-link\" title=\"El pueblo de la Costa Brava que enamor\u00f3 a Ava Gardner y conquist\u00f3 a Chagall: as\u00ed es el para\u00edso azul de Girona\"><br \/>\n<img loading=\"lazy\" class=\"v-a-img\" src=\"http:\/\/hoycordobaweb.com\/wp-content\/uploads\/2025\/07\/la-capital-mas-desconocida-de-europa-que-puedes-ver-en-dos-dias-y-es-tan-bonita-como-praga-7.jpg\" alt=\"El pueblo de la Costa Brava que enamor\u00f3 a Ava Gardner y conquist\u00f3 a Chagall: as\u00ed es el para\u00edso azul de Girona\"><br \/>\n<\/a><br \/>\n<\/figure>\n<\/div>\n<\/article>\n<\/div>\n<\/div>\n<\/div>\n<\/div>\n","protected":false},"excerpt":{"rendered":"<p>Ana Calvo Publicado \u00b7 10 de julio de 2025, 14:16 h M\u00e1s all\u00e1 de las grandes capitales europeas como Madrid, Par\u00eds, Roma o Londres, que combinan su hist\u00f3rica belleza, su esplendor arquitect\u00f3nico y su efervescencia cultural con calles y atracciones abarrotadas de turistas, en el coraz\u00f3n de Europa se esconde una joya que pocos viajeros [&hellip;]<\/p>\n","protected":false},"author":1,"featured_media":110561,"comment_status":"closed","ping_status":"closed","sticky":false,"template":"","format":"standard","meta":[],"categories":[],"tags":[],"_links":{"self":[{"href":"http:\/\/hoycordobaweb.com\/index.php\/wp-json\/wp\/v2\/posts\/110560"}],"collection":[{"href":"http:\/\/hoycordobaweb.com\/index.php\/wp-json\/wp\/v2\/posts"}],"about":[{"href":"http:\/\/hoycordobaweb.com\/index.php\/wp-json\/wp\/v2\/types\/post"}],"author":[{"embeddable":true,"href":"http:\/\/hoycordobaweb.com\/index.php\/wp-json\/wp\/v2\/users\/1"}],"replies":[{"embeddable":true,"href":"http:\/\/hoycordobaweb.com\/index.php\/wp-json\/wp\/v2\/comments?post=110560"}],"version-history":[{"count":0,"href":"http:\/\/hoycordobaweb.com\/index.php\/wp-json\/wp\/v2\/posts\/110560\/revisions"}],"wp:featuredmedia":[{"embeddable":true,"href":"http:\/\/hoycordobaweb.com\/index.php\/wp-json\/wp\/v2\/media\/110561"}],"wp:attachment":[{"href":"http:\/\/hoycordobaweb.com\/index.php\/wp-json\/wp\/v2\/media?parent=110560"}],"wp:term":[{"taxonomy":"category","embeddable":true,"href":"http:\/\/hoycordobaweb.com\/index.php\/wp-json\/wp\/v2\/categories?post=110560"},{"taxonomy":"post_tag","embeddable":true,"href":"http:\/\/hoycordobaweb.com\/index.php\/wp-json\/wp\/v2\/tags?post=110560"}],"curies":[{"name":"wp","href":"https:\/\/api.w.org\/{rel}","templated":true}]}}