{"id":110546,"date":"2025-07-10T00:03:54","date_gmt":"2025-07-10T00:03:54","guid":{"rendered":"https:\/\/www.ole.com.ar\/river-plate\/fassi-river-galarza-portillo-transferencia-negociacion-cordoba-jugadores_0_c1tDk00fah.html"},"modified":"2025-07-10T00:03:54","modified_gmt":"2025-07-10T00:03:54","slug":"fassi-le-abrio-las-puertas-de-river-a-galarza-y-portillo-aunque-advirtio-debera-pagar-lo-que-valen","status":"publish","type":"post","link":"http:\/\/hoycordobaweb.com\/index.php\/2025\/07\/10\/fassi-le-abrio-las-puertas-de-river-a-galarza-y-portillo-aunque-advirtio-debera-pagar-lo-que-valen\/","title":{"rendered":"Fassi le abri\u00f3 las puertas de River a Galarza y Portillo, aunque advirti\u00f3: \u00abDeber\u00e1 pagar lo que valen\u00bb"},"content":{"rendered":"<p><img src=\"http:\/\/hoycordobaweb.com\/wp-content\/uploads\/2025\/07\/fassi-le-abrio-las-puertas-de-river-a-galarza-y-portillo-aunque-advirtio-debera-pagar-lo-que-valen.jpg\"><\/p>\n<p><time class=\"createDate\" datetime=\"2025-07-09T21:03:54-03:00\">09\/07\/2025 21:03hs.<\/time><\/p>\n<div id=\"storyBody\">\n<div class=\"custom-text \" readability=\"36\">\n<p>Cuando <strong>Andr\u00e9s Fassi<\/strong> reconoci\u00f3 que <strong>\u201ccuando llega River y te pide jugadores (&#8230;) es muy dif\u00edcil hacer que se queden\u201d<\/strong>, el presidente de Talleres se mostr\u00f3 abierto a negociar por<strong> Mat\u00edas Galarza Fonda<\/strong> y <strong>Juan Portillo<\/strong>. Dos de los refuerzos que <strong>Marcelo Gallardo<\/strong> desea para seguir reoxigenando su plantel. Y por quienes avanzan las conexiones telef\u00f3nicas entre N\u00fa\u00f1ez y el Barrio Jard\u00edn.<\/p>\n<\/div>\n<div class=\"custom-text \" readability=\"39\">\n<p>Porque del mismo modo que<strong> Fassi se mostr\u00f3 comprensivo al se\u00f1alar que \u201csi un jugador puede pasar a cobrar cinco veces m\u00e1s, es l\u00f3gico\u201d<\/strong> que desee buscar un horizonte superador, el empresario a la vez marc\u00f3 la cancha: \u201cRiver sabe que deber\u00e1 pagar lo que valen Portillo y Galarza. Si pagan, se van; si no, Tevez tendr\u00e1 dos jugadores m\u00e1s\u201d.<\/p>\n<\/div>\n<div class=\"custom-text \" readability=\"39\">\n<p><strong>River <\/strong>ya conoci\u00f3 las condiciones que puso Talleres para<strong> negociar tanto a Galarza Fonda como a Portillo<\/strong>. Dos jugadores que -tal y como reconoci\u00f3 el directivo en la presentaci\u00f3n de Carlos Tevez- anticiparon su deseo de jugar en N\u00fa\u00f1ez \u201cporque son situaciones profesionales muy significativas desde lo econ\u00f3mico\u201d. Y es que, en este contexto, la directiva pretende sacar la mayor tajada posible, asumiendo que tambi\u00e9n pesa la voluntad de los dos jugadores, quienes ejercer\u00e1n presi\u00f3n.<\/p>\n<\/div>\n<div class=\"custom-text \" readability=\"41\">\n<p>El primer contacto que se entabl\u00f3 por Portillo, por caso, fue infructuoso: <strong>River propuso u$s 4 millones por el 80% del Sicario, pero su oferta fue rechazada. <\/strong>Ahora bien: una mejora en el canon a invertir flexibilizar\u00eda la postura de Talleres. Un club que -adem\u00e1s- pretende a Lautaro Rivero, defensor repescado desde Central C\u00f3rdoba (SE): la inclusi\u00f3n del futbolista de 21 a\u00f1os en la operaci\u00f3n permitir\u00eda, en todo caso, encaminarla.<\/p>\n<\/div>\n<div class=\"sc-e7b891c4-0 ifHnQL image-embed\"><img alt=\"Portillo (Prensa Talleres).\" loading=\"lazy\" width=\"980\" height=\"690\" decoding=\"async\" data-nimg=\"1\" src=\"http:\/\/hoycordobaweb.com\/wp-content\/uploads\/2025\/07\/fassi-le-abrio-las-puertas-de-river-a-galarza-y-portillo-aunque-advirtio-debera-pagar-lo-que-valen-2.jpg\"><span class=\"epigraphe\">Portillo (Prensa Talleres).<\/span><\/div>\n<div class=\"custom-text \" readability=\"38\">\n<p>Aunque, en paralelo, River tambi\u00e9n encontr\u00f3 una postura firme por el traspaso de Galarza Fonda. Desde C\u00f3rdoba quieren u$s 6 millones, m\u00e1s el pr\u00e9stamo de otro jugador, para liberar al volante box to box paraguayo de 23 a\u00f1os. El elegido por Fassi: Santiago Sim\u00f3n. <\/p>\n<\/div>\n<div class=\"custom-text \" readability=\"37\">\n<p>El problema: que, ante las opciones que baraja para emigrar a Europa (Elche, Girona y Ajax lo tienen apuntado), <strong>el volante no considera a Talleres como un destino inmediato.<\/strong> Es ah\u00ed donde el CARP deber\u00e1 aguzar el ingenio para hallar una alternativa pr\u00f3spera.<\/p>\n<\/div>\n<div class=\"custom-text \" readability=\"40\">\n<p>En C\u00f3rdoba, por caso, al mismo tiempo que exigen, entienden que el contexto los fuerza a sentarse a alcanzar un punto de equilibrio por ambos jugadores. Y es por eso que el mismo <strong>Fassi <\/strong>que fue rotundo al insistir que \u201cTalleres no vende si no se paga lo que los jugadores valen\u201d, en paralelo y con pragmatismo<strong> se encarg\u00f3 de aclarar que \u201ctambi\u00e9n hay que tomar en cuenta el deseo del jugador: si quiere salir, tiene que salir\u201d.<\/strong><\/p>\n<\/div>\n<div class=\"sc-e7b891c4-0 ifHnQL image-embed\"><img alt=\"Galarza Fonda (Prensa Talleres).\" loading=\"lazy\" width=\"980\" height=\"690\" decoding=\"async\" data-nimg=\"1\" src=\"http:\/\/hoycordobaweb.com\/wp-content\/uploads\/2025\/07\/fassi-le-abrio-las-puertas-de-river-a-galarza-y-portillo-aunque-advirtio-debera-pagar-lo-que-valen-3.jpg\"><span class=\"epigraphe\">Galarza Fonda (Prensa Talleres).<\/span><\/div>\n<p><h2>La postura de Tevez, clara<\/h2>\n<\/p>\n<div class=\"custom-text \" readability=\"38\">\n<p>Por lo pronto, aunque <strong>tanto Galarza Fonda como Portillo est\u00e1n en condiciones de jugar<\/strong>, <strong>Tevez <\/strong>aclar\u00f3 que \u201cseguramente no est\u00e9n entre los 11\u201d aquellos futbolistas que est\u00e9n entablando tratativas para emigrar. A punto tal que no se mostr\u00f3 inflexible sino todo lo contrario: \u201cSiempre estar\u00e9 del lado del jugador. Si no est\u00e1 contento o se quiere ir para progresar, tiene que irse\u201d.<\/p>\n<\/div>\n<div class=\"custom-text \" readability=\"39\">\n<p>Y esa postura es un alivio para Gallardo. Que, al mismo tiempo, aguarda. Cerradas las contrataciones de Maxi Salas (su oficializaci\u00f3n est\u00e1 atada al clearing bancario; el delantero de 27 a\u00f1os ya visit\u00f3 el River Camp en el que comenzar\u00e1 a entrenarse en las pr\u00f3ximas horas), del mallorqu\u00edn Alexander Woiski (podr\u00eda foguearse en Reserva hasta aclimatarse a las exigencias del f\u00fatbol argentino) y de Juanfer Quintero (resta pulir los \u00faltimos flecos de la desvinculaci\u00f3n del Am\u00e9rica de Cali),<strong> siguen tambi\u00e9n abiertas las conversaciones por Lucas Cepeda con Colo Colo<\/strong>. <\/p>\n<\/div>\n<div class=\"custom-text \" readability=\"37\">\n<p>Con sondeos firmes de Bologna y Torino: el extremo chileno de 22 a\u00f1os no saldr\u00eda por menos de u$s 5 millones por un alto porcentaje de su pase. Y, adem\u00e1s, est\u00e1 todav\u00eda en estudio la posibilidad de una inversi\u00f3n en conjunto con el City Group para sumar a <strong>Maher Carrizo<\/strong>, de V\u00e9lez.<\/p>\n<\/div>\n<div class=\"custom-text \" readability=\"37\">\n<p>Aunque, paso a paso, la conectividad con C\u00f3rdoba parece fluir para que dos de los deseos del Mu\u00f1eco se hagan realidad. Porque pese a todo, decirle que no a River -como dijo Fassi- no es para nada f\u00e1cil.<\/p>\n<\/div>\n<div class=\"sc-734b4696-1 kFfZtB\" readability=\"6\">\n<div class=\"sc-d00d9e74-0 hnHYbk\" type=\"embed\">\n<div class=\"sc-d00d9e74-1 iKVbz videoText\" id=\"contentTitleembednRjQptw8\" type=\"embed\" readability=\"56\"><svg fill=\"#ffffff\"><symbol id=\"play\" viewBox=\"0 0 512 512\"><path d=\"M512 256C512 397.4 397.4 512 256 512C114.6 512 0 397.4 0 256C0 114.6 114.6 0 256 0C397.4 0 512 114.6 512 256zM176 168V344C176 352.7 180.7 360.7 188.3 364.9C195.8 369.2 205.1 369 212.5 364.5L356.5 276.5C363.6 272.1 368 264.4 368 256C368 247.6 363.6 239.9 356.5 235.5L212.5 147.5C205.1 142.1 195.8 142.8 188.3 147.1C180.7 151.3 176 159.3 176 168V168z\" \/><\/symbol><use xlink:href=\"#play\" \/><\/svg><\/p>\n<div class=\"right\" readability=\"7\">\n<p>Talleres de C\u00f3rdoba<!-- --> &#8211; <span>&nbsp;<\/span><\/p>\n<h2 class=\"title-vid\">Tevez sobre los jugadores que pidieron salir de Talleres<\/h2>\n<\/div>\n<\/div>\n<p><span class=\"back\" id=\"spanBackembednRjQptw8\"><\/span><\/div>\n<div class=\"JWvideoNota_title\" readability=\"7\">\n<p>Video: Club Atl\u00e9tico Talleres. <\/p>\n<\/div>\n<\/div>\n<\/div>\n","protected":false},"excerpt":{"rendered":"<p>09\/07\/2025 21:03hs. Cuando Andr\u00e9s Fassi reconoci\u00f3 que \u201ccuando llega River y te pide jugadores (&#8230;) es muy dif\u00edcil hacer que se queden\u201d, el presidente de Talleres se mostr\u00f3 abierto a negociar por Mat\u00edas Galarza Fonda y Juan Portillo. Dos de los refuerzos que Marcelo Gallardo desea para seguir reoxigenando su plantel. Y por quienes avanzan [&hellip;]<\/p>\n","protected":false},"author":1,"featured_media":110547,"comment_status":"open","ping_status":"closed","sticky":false,"template":"","format":"standard","meta":[],"categories":[16],"tags":[],"_links":{"self":[{"href":"http:\/\/hoycordobaweb.com\/index.php\/wp-json\/wp\/v2\/posts\/110546"}],"collection":[{"href":"http:\/\/hoycordobaweb.com\/index.php\/wp-json\/wp\/v2\/posts"}],"about":[{"href":"http:\/\/hoycordobaweb.com\/index.php\/wp-json\/wp\/v2\/types\/post"}],"author":[{"embeddable":true,"href":"http:\/\/hoycordobaweb.com\/index.php\/wp-json\/wp\/v2\/users\/1"}],"replies":[{"embeddable":true,"href":"http:\/\/hoycordobaweb.com\/index.php\/wp-json\/wp\/v2\/comments?post=110546"}],"version-history":[{"count":0,"href":"http:\/\/hoycordobaweb.com\/index.php\/wp-json\/wp\/v2\/posts\/110546\/revisions"}],"wp:featuredmedia":[{"embeddable":true,"href":"http:\/\/hoycordobaweb.com\/index.php\/wp-json\/wp\/v2\/media\/110547"}],"wp:attachment":[{"href":"http:\/\/hoycordobaweb.com\/index.php\/wp-json\/wp\/v2\/media?parent=110546"}],"wp:term":[{"taxonomy":"category","embeddable":true,"href":"http:\/\/hoycordobaweb.com\/index.php\/wp-json\/wp\/v2\/categories?post=110546"},{"taxonomy":"post_tag","embeddable":true,"href":"http:\/\/hoycordobaweb.com\/index.php\/wp-json\/wp\/v2\/tags?post=110546"}],"curies":[{"name":"wp","href":"https:\/\/api.w.org\/{rel}","templated":true}]}}