{"id":110544,"date":"2025-07-10T00:08:36","date_gmt":"2025-07-10T00:08:36","guid":{"rendered":"https:\/\/www.ole.com.ar\/tenis\/campeon-mundo-saludo-gusti-fernandez-guido-rodriguez-wimbledon_0_5ufmG0dCzU.html"},"modified":"2025-07-10T00:08:36","modified_gmt":"2025-07-10T00:08:36","slug":"el-campeon-del-mundo-que-paso-a-saludar-a-gusti-fernandez-antes-del-partido-clave-por-los-cuartos-de-final-en-wimbledon","status":"publish","type":"post","link":"http:\/\/hoycordobaweb.com\/index.php\/2025\/07\/10\/el-campeon-del-mundo-que-paso-a-saludar-a-gusti-fernandez-antes-del-partido-clave-por-los-cuartos-de-final-en-wimbledon\/","title":{"rendered":"El campe\u00f3n del mundo que pas\u00f3 a saludar a Gusti Fern\u00e1ndez antes del partido clave por los cuartos de final en Wimbledon"},"content":{"rendered":"<p><img src=\"http:\/\/hoycordobaweb.com\/wp-content\/uploads\/2025\/07\/el-campeon-del-mundo-que-paso-a-saludar-a-gusti-fernandez-antes-del-partido-clave-por-los-cuartos-de-final-en-wimbledon.jpg\"><\/p>\n<p><time class=\"createDate\" datetime=\"2025-07-09T21:08:36-03:00\">09\/07\/2025 21:08hs.<\/time><\/p>\n<div id=\"storyBody\">\n<div class=\"custom-text \" readability=\"33.110795454545\">\n<p><strong><a href=\"https:\/\/www.ole.com.ar\/tema\/gustavo-fernandez.html\" title=\"Gustavo Fern\u00e1ndez\" alt=\"Gustavo Fern\u00e1ndez\" class=\"slug\">Gustavo Fern\u00e1ndez<\/a><\/strong> va por la gloria en <a href=\"https:\/\/www.ole.com.ar\/tema\/wimbledon.html\" title=\"Wimbledon\" alt=\"Wimbledon\" class=\"slug\">Wimbledon<\/a>. El emblema argentino del tenis adaptado ya venci\u00f3 en la primera ronda a Stephane Houdet y se prepara para lo que ser\u00e1n los cuartos de final ante el local Gordon Reid. Es as\u00ed que, en la previa a otro partido clave,<strong> recibi\u00f3 la visita especial de un campe\u00f3n del mundo con la <a href=\"https:\/\/www.ole.com.ar\/tema\/seleccion-argentina.html\" title=\"Selecci\u00f3n Argentina\" alt=\"Selecci\u00f3n Argentina\" class=\"slug\">Selecci\u00f3n <\/a>en Qatar 2022.<\/strong><\/p>\n<\/div>\n<div class=\"custom-text \" readability=\"38.371501272265\">\n<p>Y es que aprovechando su estad\u00eda en Inglaterra,<strong><a href=\"https:\/\/www.ole.com.ar\/tema\/guido-rodriguez.html\" title=\"Guido Rodriguez\" alt=\"Guido Rodriguez\" class=\"slug\"> Guido Rodr\u00edguez<\/a> pas\u00f3 a saludar al n\u00famero cuatro del tenis paral\u00edmpico para desearle la mejor de las suertes en el torneo. <\/strong>Adem\u00e1s, le regal\u00f3 dos camisetas suyas del West Ham, club en el que se encuentra actualmente. Por eso, Gusti no dud\u00f3 en reflejar el momento en sus redes: <strong>\u00abGracias por venir Guido Rodr\u00edguez. Lujazo total\u00bb, <\/strong>escribi\u00f3.<\/p>\n<\/div>\n<div class=\"custom-text \" readability=\"37\">\n<p>As\u00ed, Fern\u00e1ndez tuvo una visita especial antes de los cuartos de final de Wimbledon, torneo que ya supo conquistar en 2019 y que querr\u00e1 repetir este a\u00f1o. Y para eso, hubo encuentro de campeones en la previa.<\/p>\n<\/div>\n<p><h2><strong>El encuentro entre Gusti Fern\u00e1ndez y Guido Rodr\u00edguez en Wimbledon<\/strong><\/h2>\n<\/p>\n<div class=\"sc-e7b891c4-0 ifHnQL image-embed\"><img alt=\"Guido Rodr\u00edguez visit\u00f3 a Gusti Fern\u00e1ndez en la previa de los cuartos de Wimbledon.\" loading=\"lazy\" width=\"720\" height=\"100\" decoding=\"async\" data-nimg=\"1\" src=\"http:\/\/hoycordobaweb.com\/wp-content\/uploads\/2025\/07\/el-campeon-del-mundo-que-paso-a-saludar-a-gusti-fernandez-antes-del-partido-clave-por-los-cuartos-de-final-en-wimbledon-2.jpg\"><span class=\"epigraphe\">Guido Rodr\u00edguez visit\u00f3 a Gusti Fern\u00e1ndez en la previa de los cuartos de Wimbledon.<\/span><\/div>\n<p><h2><strong>Cu\u00e1ndo juega Gusti Fern\u00e1ndez por los cuartos de final de Wimbledon<\/strong><\/h2>\n<\/p>\n<div class=\"custom-text \" readability=\"40\">\n<p>El mejor representante del deporte paral\u00edmpico argentino, Gustavo Fern\u00e1ndez (4\u00b0), <strong>disputar\u00e1 este jueves su partido de cuartos de final en el torneo de tenis adaptado de Wimbledon<\/strong>, donde ya sabe lo que es ser campe\u00f3n: levant\u00f3 el trofeo en 2019.<strong> Su rival ser\u00e1 el brit\u00e1nico Gordon Reid<\/strong>, y aunque a\u00fan resta confirmar el horario, el encuentro ser\u00e1 transmitido por Disney + Premium.<\/p>\n<\/div>\n<div class=\"custom-text \" readability=\"37\">\n<p>Despu\u00e9s de conquistar este certamen hace cinco a\u00f1os, el cordob\u00e9s alcanz\u00f3 las semifinales en 2021, 2022 y 2024, y este a\u00f1o buscar\u00e1 volver a la definici\u00f3n tras haber sido semifinalista tambi\u00e9n en Australia y Roland Garros.<\/p>\n<\/div>\n<div class=\"sc-e7b891c4-0 ifHnQL image-embed\"><img alt=\"Gustavo Fern\u00e1ndez se enfrentar\u00e1 al brit\u00e1nico Gordon Reid en Wimbledon.\" loading=\"lazy\" width=\"720\" height=\"100\" decoding=\"async\" data-nimg=\"1\" src=\"http:\/\/hoycordobaweb.com\/wp-content\/uploads\/2025\/07\/el-campeon-del-mundo-que-paso-a-saludar-a-gusti-fernandez-antes-del-partido-clave-por-los-cuartos-de-final-en-wimbledon-3.jpg\"><span class=\"epigraphe\">Gustavo Fern\u00e1ndez se enfrentar\u00e1 al brit\u00e1nico Gordon Reid en Wimbledon.<\/span><\/div>\n<div class=\"sc-a7166897-0 eoLsBE\" readability=\"7\">\n<section readability=\"4\"><picture><img alt=\"Fassi le abri\u00f3 las puertas de River a Galarza y Portillo, aunque advirti\u00f3: &quot;Deber\u00e1 pagar lo que valen&quot;\" loading=\"lazy\" width=\"290\" height=\"290\" decoding=\"async\" data-nimg=\"1\" src=\"http:\/\/hoycordobaweb.com\/wp-content\/uploads\/2025\/07\/el-campeon-del-mundo-que-paso-a-saludar-a-gusti-fernandez-antes-del-partido-clave-por-los-cuartos-de-final-en-wimbledon-4.jpg\"><\/picture>\n<p><span>Mir\u00e1 tambi\u00e9n<\/span><\/p>\n<hr>\n<h3>Fassi le abri\u00f3 las puertas de River a Galarza y Portillo, aunque advirti\u00f3: \u00abDeber\u00e1 pagar lo que valen\u00bb<\/h3>\n<\/p>\n<\/section>\n<\/div>\n<div class=\"sc-a7166897-0 eoLsBE\" readability=\"6.5\">\n<section readability=\"3\"><picture><img alt=\"Tevez y su presentaci\u00f3n en Talleres: de &quot;va a estar quien quiera estar&quot; a &quot;meter huevo y levantar el pasto&quot;\" loading=\"lazy\" width=\"290\" height=\"290\" decoding=\"async\" data-nimg=\"1\" src=\"http:\/\/hoycordobaweb.com\/wp-content\/uploads\/2025\/07\/el-campeon-del-mundo-que-paso-a-saludar-a-gusti-fernandez-antes-del-partido-clave-por-los-cuartos-de-final-en-wimbledon-5.jpg\"><\/picture>\n<p><span>Mir\u00e1 tambi\u00e9n<\/span><\/p>\n<hr>\n<h3>Tevez y su presentaci\u00f3n en Talleres: de \u00abva a estar quien quiera estar\u00bb a \u00abmeter huevo y levantar el pasto\u00bb<\/h3>\n<\/p>\n<\/section>\n<\/div>\n<div class=\"sc-a7166897-0 eoLsBE\" readability=\"6\">\n<section readability=\"2\"><picture><img alt=\"Las complicaciones de Independiente en el mercado para reemplazar a Angulo\" loading=\"lazy\" width=\"290\" height=\"290\" decoding=\"async\" data-nimg=\"1\" src=\"http:\/\/hoycordobaweb.com\/wp-content\/uploads\/2025\/07\/el-campeon-del-mundo-que-paso-a-saludar-a-gusti-fernandez-antes-del-partido-clave-por-los-cuartos-de-final-en-wimbledon-6.jpg\"><\/picture>\n<p><span>Mir\u00e1 tambi\u00e9n<\/span><\/p>\n<hr>\n<h3>Las complicaciones de Independiente en el mercado para reemplazar a Angulo<\/h3>\n<\/p>\n<\/section>\n<\/div>\n<div class=\"sc-a7166897-0 eoLsBE\" readability=\"7\">\n<section readability=\"4\"><picture><img alt=\"Inter Miami y Messi vs. New England Revolution hoy EN VIVO, por la MLS: doblete de Leo\" loading=\"lazy\" width=\"290\" height=\"290\" decoding=\"async\" data-nimg=\"1\" src=\"http:\/\/hoycordobaweb.com\/wp-content\/uploads\/2025\/07\/el-campeon-del-mundo-que-paso-a-saludar-a-gusti-fernandez-antes-del-partido-clave-por-los-cuartos-de-final-en-wimbledon-7.jpg\"><\/picture>\n<p><span>Mir\u00e1 tambi\u00e9n<\/span><\/p>\n<hr>\n<h3>Inter Miami y Messi vs. New England Revolution hoy EN VIVO, por la MLS: doblete de Leo<\/h3>\n<\/p>\n<\/section>\n<\/div>\n<div class=\"sc-a7166897-0 eoLsBE\" readability=\"6.5\">\n<section readability=\"3\"><picture><img alt=\"&quot;Suicidio colectivo&quot;: qu\u00e9 dijeron en Espa\u00f1a sobre la hist\u00f3rica derrota del Madrid con el PSG\" loading=\"lazy\" width=\"290\" height=\"290\" decoding=\"async\" data-nimg=\"1\" src=\"http:\/\/hoycordobaweb.com\/wp-content\/uploads\/2025\/07\/el-campeon-del-mundo-que-paso-a-saludar-a-gusti-fernandez-antes-del-partido-clave-por-los-cuartos-de-final-en-wimbledon-8.jpg\"><\/picture>\n<p><span>Mir\u00e1 tambi\u00e9n<\/span><\/p>\n<hr>\n<h3>\u00abSuicidio colectivo\u00bb: qu\u00e9 dijeron en Espa\u00f1a sobre la hist\u00f3rica derrota del Madrid con el PSG<\/h3>\n<\/p>\n<\/section>\n<\/div>\n<\/div>\n","protected":false},"excerpt":{"rendered":"<p>09\/07\/2025 21:08hs. Gustavo Fern\u00e1ndez va por la gloria en Wimbledon. El emblema argentino del tenis adaptado ya venci\u00f3 en la primera ronda a Stephane Houdet y se prepara para lo que ser\u00e1n los cuartos de final ante el local Gordon Reid. Es as\u00ed que, en la previa a otro partido clave, recibi\u00f3 la visita especial [&hellip;]<\/p>\n","protected":false},"author":1,"featured_media":110545,"comment_status":"open","ping_status":"closed","sticky":false,"template":"","format":"standard","meta":[],"categories":[16],"tags":[],"_links":{"self":[{"href":"http:\/\/hoycordobaweb.com\/index.php\/wp-json\/wp\/v2\/posts\/110544"}],"collection":[{"href":"http:\/\/hoycordobaweb.com\/index.php\/wp-json\/wp\/v2\/posts"}],"about":[{"href":"http:\/\/hoycordobaweb.com\/index.php\/wp-json\/wp\/v2\/types\/post"}],"author":[{"embeddable":true,"href":"http:\/\/hoycordobaweb.com\/index.php\/wp-json\/wp\/v2\/users\/1"}],"replies":[{"embeddable":true,"href":"http:\/\/hoycordobaweb.com\/index.php\/wp-json\/wp\/v2\/comments?post=110544"}],"version-history":[{"count":0,"href":"http:\/\/hoycordobaweb.com\/index.php\/wp-json\/wp\/v2\/posts\/110544\/revisions"}],"wp:featuredmedia":[{"embeddable":true,"href":"http:\/\/hoycordobaweb.com\/index.php\/wp-json\/wp\/v2\/media\/110545"}],"wp:attachment":[{"href":"http:\/\/hoycordobaweb.com\/index.php\/wp-json\/wp\/v2\/media?parent=110544"}],"wp:term":[{"taxonomy":"category","embeddable":true,"href":"http:\/\/hoycordobaweb.com\/index.php\/wp-json\/wp\/v2\/categories?post=110544"},{"taxonomy":"post_tag","embeddable":true,"href":"http:\/\/hoycordobaweb.com\/index.php\/wp-json\/wp\/v2\/tags?post=110544"}],"curies":[{"name":"wp","href":"https:\/\/api.w.org\/{rel}","templated":true}]}}