{"id":110458,"date":"2025-07-09T14:31:51","date_gmt":"2025-07-09T14:31:51","guid":{"rendered":"https:\/\/www.trendencias.com\/tendencias\/llegan-otra-vez-a-zara-conjuntos-elegantes-verano-que-estan-agotando-mujeres-55-65-anos"},"modified":"2025-07-09T14:31:51","modified_gmt":"2025-07-09T14:31:51","slug":"llegan-otra-vez-a-zara-los-conjuntos-mas-elegantes-del-verano-que-estan-agotando-las-mujeres-de-55-y-65-anos","status":"publish","type":"post","link":"http:\/\/hoycordobaweb.com\/index.php\/2025\/07\/09\/llegan-otra-vez-a-zara-los-conjuntos-mas-elegantes-del-verano-que-estan-agotando-las-mujeres-de-55-y-65-anos\/","title":{"rendered":"Llegan otra vez a Zara los conjuntos m\u00e1s elegantes del verano que est\u00e1n agotando las mujeres de 55 y 65 a\u00f1os"},"content":{"rendered":"<p>En plena temporada de rebajas, adem\u00e1s de intentar encontrar los chollos m\u00e1s top a descuentos impensables, en el camino se nos cruzan siempre las prendas de nueva colecci\u00f3n a las que es inevitable resistirse. Eso ocurre en <strong>Zara, <\/strong>que cada semana nos sorprende con nuevas propuestas cargadas de estilo.<\/p>\n<p><!-- BREAK 1 --> <\/p>\n<p>Poco a poco la firma de Inditex nos propone nuevas piezas, y las \u00faltimas incorporaciones han sido los<em> total looks<\/em> que tanto \u00e9xito han tenido durante toda la temporada. Hab\u00edan desaparecido durante las primeras semanas de rebajas y han vuelto a tienda por todo lo alto porque est\u00e1n arrasando en ventas.<\/p>\n<p><!-- BREAK 2 --><\/p>\n<div class=\"article-asset-image article-asset-normal article-asset-center\">\n<div class=\"asset-content\"> <img class=\"centro_sinmarco\" height=\"3072\" width=\"2048\" loading=\"lazy\" decoding=\"async\" sizes=\"100vw\" fetchpriority=\"high\" srcset=\"http:\/\/hoycordobaweb.com\/wp-content\/uploads\/2025\/07\/llegan-otra-vez-a-zara-los-conjuntos-mas-elegantes-del-verano-que-estan-agotando-las-mujeres-de-55-y-65-anos.jpg 450w, http:\/\/hoycordobaweb.com\/wp-content\/uploads\/2025\/07\/llegan-otra-vez-a-zara-los-conjuntos-mas-elegantes-del-verano-que-estan-agotando-las-mujeres-de-55-y-65-anos-10.jpg 681w, http:\/\/hoycordobaweb.com\/wp-content\/uploads\/2025\/07\/llegan-otra-vez-a-zara-los-conjuntos-mas-elegantes-del-verano-que-estan-agotando-las-mujeres-de-55-y-65-anos-11.jpg 1024w, http:\/\/hoycordobaweb.com\/wp-content\/uploads\/2025\/07\/llegan-otra-vez-a-zara-los-conjuntos-mas-elegantes-del-verano-que-estan-agotando-las-mujeres-de-55-y-65-anos-12.jpg 1366w\" src=\"http:\/\/hoycordobaweb.com\/wp-content\/uploads\/2025\/07\/llegan-otra-vez-a-zara-los-conjuntos-mas-elegantes-del-verano-que-estan-agotando-las-mujeres-de-55-y-65-anos.jpg\" alt=\"Zara\"> <noscript><img alt=\"Zara\" class=\"centro_sinmarco\" src=\"http:\/\/hoycordobaweb.com\/wp-content\/uploads\/2025\/07\/llegan-otra-vez-a-zara-los-conjuntos-mas-elegantes-del-verano-que-estan-agotando-las-mujeres-de-55-y-65-anos.jpg\"><\/noscript> <\/div>\n<\/div>\n<p>Zara acaba de a\u00f1adir<strong> estilismos a juego <\/strong>muy elegantes, compuestos por diferentes prendas (pantal\u00f3n, falda, blusa, top, claleco), conjuntos c\u00f3modos y especiales para estrenar desde ya y lucir durante todo el verano. <strong>Dos piezas que han causado sensaci\u00f3n entre las mujeres de 55 y 65 a\u00f1os, <\/strong>hasta tal punto que algunos ya se han agotado, y no es para menos ya que son estilosos, de tendencia y fresquitos. Opciones de estilo minimalista de siluetas amplias, cortes fluidos y en colores claros o en marr\u00f3n, el tono de moda, que responden a la perfecci\u00f3n a la tendencia del lujo silencioso<\/p>\n<p><!-- BREAK 3 --> <\/p>\n<h2>8 conjuntos con estilazo<\/h2>\n<p>Conjuntos de moda que se han convertido en uno de los <em>outfits<\/em> m\u00e1s <strong>recurrentes para cualquier ocasi\u00f3n. <\/strong>Lo mejor de esta tendencia es que sus prendas se pueden lucir juntas o por separado, sac\u00e1ndole as\u00ed el m\u00e1ximo partido. Opciones muy vers\u00e1tiles porque adem\u00e1s se pueden lucir con todo tipo de calzado, desde zapatillas pasando por bailarinas hasta sandalias planas o de diferentes alturas de tac\u00f3n, las mejores aliadas porque ayudan a estilizar.<\/p>\n<p><!-- BREAK 4 --><\/p>\n<div class=\"article-asset-image article-asset-normal article-asset-center\">\n<div class=\"asset-content\"> <img class=\"centro_sinmarco\" height=\"2160\" width=\"1440\" loading=\"lazy\" decoding=\"async\" sizes=\"100vw\" fetchpriority=\"high\" srcset=\"http:\/\/hoycordobaweb.com\/wp-content\/uploads\/2025\/07\/llegan-otra-vez-a-zara-los-conjuntos-mas-elegantes-del-verano-que-estan-agotando-las-mujeres-de-55-y-65-anos-1.jpg 450w, http:\/\/hoycordobaweb.com\/wp-content\/uploads\/2025\/07\/llegan-otra-vez-a-zara-los-conjuntos-mas-elegantes-del-verano-que-estan-agotando-las-mujeres-de-55-y-65-anos-13.jpg 681w, http:\/\/hoycordobaweb.com\/wp-content\/uploads\/2025\/07\/llegan-otra-vez-a-zara-los-conjuntos-mas-elegantes-del-verano-que-estan-agotando-las-mujeres-de-55-y-65-anos-14.jpg 1024w, http:\/\/hoycordobaweb.com\/wp-content\/uploads\/2025\/07\/llegan-otra-vez-a-zara-los-conjuntos-mas-elegantes-del-verano-que-estan-agotando-las-mujeres-de-55-y-65-anos-15.jpg 1366w\" src=\"http:\/\/hoycordobaweb.com\/wp-content\/uploads\/2025\/07\/llegan-otra-vez-a-zara-los-conjuntos-mas-elegantes-del-verano-que-estan-agotando-las-mujeres-de-55-y-65-anos-1.jpg\" alt=\"Total look de Zara\"> <noscript><img alt=\"Total look de Zara\" class=\"centro_sinmarco\" src=\"http:\/\/hoycordobaweb.com\/wp-content\/uploads\/2025\/07\/llegan-otra-vez-a-zara-los-conjuntos-mas-elegantes-del-verano-que-estan-agotando-las-mujeres-de-55-y-65-anos-1.jpg\"><\/noscript> <\/div>\n<\/div>\n<p><a rel=\"noopener, noreferrer\" href=\"https:\/\/www.zara.com\/es\/es\/-pT9570848388.html?v1=472133658&amp;v2=2420285\">Look estampado de flores en blanco y marr\u00f3n<\/a> chocolate compuesto por blusa de manga larga y maxi falda.&nbsp;<\/p>\n<div class=\"article-asset-image article-asset-normal article-asset-center\">\n<div class=\"asset-content\"> <img class=\"centro_sinmarco\" height=\"2160\" width=\"1440\" loading=\"lazy\" decoding=\"async\" sizes=\"100vw\" fetchpriority=\"high\" srcset=\"http:\/\/hoycordobaweb.com\/wp-content\/uploads\/2025\/07\/llegan-otra-vez-a-zara-los-conjuntos-mas-elegantes-del-verano-que-estan-agotando-las-mujeres-de-55-y-65-anos-2.jpg 450w, http:\/\/hoycordobaweb.com\/wp-content\/uploads\/2025\/07\/llegan-otra-vez-a-zara-los-conjuntos-mas-elegantes-del-verano-que-estan-agotando-las-mujeres-de-55-y-65-anos-16.jpg 681w, http:\/\/hoycordobaweb.com\/wp-content\/uploads\/2025\/07\/llegan-otra-vez-a-zara-los-conjuntos-mas-elegantes-del-verano-que-estan-agotando-las-mujeres-de-55-y-65-anos-17.jpg 1024w, http:\/\/hoycordobaweb.com\/wp-content\/uploads\/2025\/07\/llegan-otra-vez-a-zara-los-conjuntos-mas-elegantes-del-verano-que-estan-agotando-las-mujeres-de-55-y-65-anos-18.jpg 1366w\" src=\"http:\/\/hoycordobaweb.com\/wp-content\/uploads\/2025\/07\/llegan-otra-vez-a-zara-los-conjuntos-mas-elegantes-del-verano-que-estan-agotando-las-mujeres-de-55-y-65-anos-2.jpg\" alt=\"Total look de Zara\"> <noscript><img alt=\"Total look de Zara\" class=\"centro_sinmarco\" src=\"http:\/\/hoycordobaweb.com\/wp-content\/uploads\/2025\/07\/llegan-otra-vez-a-zara-los-conjuntos-mas-elegantes-del-verano-que-estan-agotando-las-mujeres-de-55-y-65-anos-2.jpg\"><\/noscript> <\/div>\n<\/div>\n<p>Estilismo minimalista formado por <a rel=\"noopener, noreferrer\" href=\"https:\/\/www.zara.com\/es\/es\/-pT9715958672.html?v1=472133662&amp;v2=2420285\">chaleco corto y pantal\u00f3n<em> culotte<\/em> de talle alto<\/a> en un elegante color blanco.&nbsp;<\/p>\n<div class=\"article-asset-image article-asset-normal article-asset-center\">\n<div class=\"asset-content\"> <img class=\"centro_sinmarco\" height=\"2160\" width=\"1440\" loading=\"lazy\" decoding=\"async\" sizes=\"100vw\" fetchpriority=\"high\" srcset=\"http:\/\/hoycordobaweb.com\/wp-content\/uploads\/2025\/07\/llegan-otra-vez-a-zara-los-conjuntos-mas-elegantes-del-verano-que-estan-agotando-las-mujeres-de-55-y-65-anos-3.jpg 450w, http:\/\/hoycordobaweb.com\/wp-content\/uploads\/2025\/07\/llegan-otra-vez-a-zara-los-conjuntos-mas-elegantes-del-verano-que-estan-agotando-las-mujeres-de-55-y-65-anos-19.jpg 681w, http:\/\/hoycordobaweb.com\/wp-content\/uploads\/2025\/07\/llegan-otra-vez-a-zara-los-conjuntos-mas-elegantes-del-verano-que-estan-agotando-las-mujeres-de-55-y-65-anos-20.jpg 1024w, http:\/\/hoycordobaweb.com\/wp-content\/uploads\/2025\/07\/llegan-otra-vez-a-zara-los-conjuntos-mas-elegantes-del-verano-que-estan-agotando-las-mujeres-de-55-y-65-anos-21.jpg 1366w\" src=\"http:\/\/hoycordobaweb.com\/wp-content\/uploads\/2025\/07\/llegan-otra-vez-a-zara-los-conjuntos-mas-elegantes-del-verano-que-estan-agotando-las-mujeres-de-55-y-65-anos-3.jpg\" alt=\"Total look de Zara\"> <noscript><img alt=\"Total look de Zara\" class=\"centro_sinmarco\" src=\"http:\/\/hoycordobaweb.com\/wp-content\/uploads\/2025\/07\/llegan-otra-vez-a-zara-los-conjuntos-mas-elegantes-del-verano-que-estan-agotando-las-mujeres-de-55-y-65-anos-3.jpg\"><\/noscript> <\/div>\n<\/div>\n<p>Sofistica estilismo compuesto por chaleco y pantal\u00f3n <em>palazzo<\/em> en un elegante <a rel=\"noopener, noreferrer\" href=\"https:\/\/www.zara.com\/es\/es\/-pT9991429458.html?v1=463903021&amp;v2=2420285\">tejido de sat\u00e9n dorado.<\/a><\/p>\n<div class=\"article-asset-image article-asset-normal article-asset-center\">\n<div class=\"asset-content\"> <img class=\"centro_sinmarco\" height=\"2160\" width=\"1440\" loading=\"lazy\" decoding=\"async\" sizes=\"100vw\" fetchpriority=\"high\" srcset=\"http:\/\/hoycordobaweb.com\/wp-content\/uploads\/2025\/07\/llegan-otra-vez-a-zara-los-conjuntos-mas-elegantes-del-verano-que-estan-agotando-las-mujeres-de-55-y-65-anos-4.jpg 450w, http:\/\/hoycordobaweb.com\/wp-content\/uploads\/2025\/07\/llegan-otra-vez-a-zara-los-conjuntos-mas-elegantes-del-verano-que-estan-agotando-las-mujeres-de-55-y-65-anos-22.jpg 681w, http:\/\/hoycordobaweb.com\/wp-content\/uploads\/2025\/07\/llegan-otra-vez-a-zara-los-conjuntos-mas-elegantes-del-verano-que-estan-agotando-las-mujeres-de-55-y-65-anos-23.jpg 1024w, http:\/\/hoycordobaweb.com\/wp-content\/uploads\/2025\/07\/llegan-otra-vez-a-zara-los-conjuntos-mas-elegantes-del-verano-que-estan-agotando-las-mujeres-de-55-y-65-anos-24.jpg 1366w\" src=\"http:\/\/hoycordobaweb.com\/wp-content\/uploads\/2025\/07\/llegan-otra-vez-a-zara-los-conjuntos-mas-elegantes-del-verano-que-estan-agotando-las-mujeres-de-55-y-65-anos-4.jpg\" alt=\"Total look de Zara\"> <noscript><img alt=\"Total look de Zara\" class=\"centro_sinmarco\" src=\"http:\/\/hoycordobaweb.com\/wp-content\/uploads\/2025\/07\/llegan-otra-vez-a-zara-los-conjuntos-mas-elegantes-del-verano-que-estan-agotando-las-mujeres-de-55-y-65-anos-4.jpg\"><\/noscript> <\/div>\n<\/div>\n<p><a rel=\"noopener, noreferrer\" href=\"https:\/\/www.zara.com\/es\/es\/-pT9644563524.html?v1=472133654&amp;v2=2420285\">Conjunto de lino en marr\u00f3n chocolate<\/a> de silueta amplia, formado por camisa de manga corta con detalle de lazada y pantal\u00f3n ancho.&nbsp;<\/p>\n<div class=\"article-asset-image article-asset-normal article-asset-center\">\n<div class=\"asset-content\"> <img class=\"centro_sinmarco\" height=\"2160\" width=\"1440\" loading=\"lazy\" decoding=\"async\" sizes=\"100vw\" fetchpriority=\"high\" srcset=\"http:\/\/hoycordobaweb.com\/wp-content\/uploads\/2025\/07\/llegan-otra-vez-a-zara-los-conjuntos-mas-elegantes-del-verano-que-estan-agotando-las-mujeres-de-55-y-65-anos-5.jpg 450w, http:\/\/hoycordobaweb.com\/wp-content\/uploads\/2025\/07\/llegan-otra-vez-a-zara-los-conjuntos-mas-elegantes-del-verano-que-estan-agotando-las-mujeres-de-55-y-65-anos-25.jpg 681w, http:\/\/hoycordobaweb.com\/wp-content\/uploads\/2025\/07\/llegan-otra-vez-a-zara-los-conjuntos-mas-elegantes-del-verano-que-estan-agotando-las-mujeres-de-55-y-65-anos-26.jpg 1024w, http:\/\/hoycordobaweb.com\/wp-content\/uploads\/2025\/07\/llegan-otra-vez-a-zara-los-conjuntos-mas-elegantes-del-verano-que-estan-agotando-las-mujeres-de-55-y-65-anos-27.jpg 1366w\" src=\"http:\/\/hoycordobaweb.com\/wp-content\/uploads\/2025\/07\/llegan-otra-vez-a-zara-los-conjuntos-mas-elegantes-del-verano-que-estan-agotando-las-mujeres-de-55-y-65-anos-5.jpg\" alt=\"Total look de Zara\"> <noscript><img alt=\"Total look de Zara\" class=\"centro_sinmarco\" src=\"http:\/\/hoycordobaweb.com\/wp-content\/uploads\/2025\/07\/llegan-otra-vez-a-zara-los-conjuntos-mas-elegantes-del-verano-que-estan-agotando-las-mujeres-de-55-y-65-anos-5.jpg\"><\/noscript> <\/div>\n<\/div>\n<p><em>Total look <\/em>en blanco formado por<a rel=\"noopener, noreferrer\" href=\"https:\/\/www.zara.com\/es\/es\/shorts-z1975-denim-pinzas-cinturon-p06164112.html?v1=471827335&amp;v2=2420285\"> chaleco y bermudas, <\/a>perfecto para los d\u00edas de m\u00e1s calor.&nbsp;<\/p>\n<div class=\"article-asset-image article-asset-normal article-asset-center\">\n<div class=\"asset-content\"> <img class=\"centro_sinmarco\" height=\"2160\" width=\"1440\" loading=\"lazy\" decoding=\"async\" sizes=\"100vw\" fetchpriority=\"high\" srcset=\"http:\/\/hoycordobaweb.com\/wp-content\/uploads\/2025\/07\/llegan-otra-vez-a-zara-los-conjuntos-mas-elegantes-del-verano-que-estan-agotando-las-mujeres-de-55-y-65-anos-6.jpg 450w, http:\/\/hoycordobaweb.com\/wp-content\/uploads\/2025\/07\/llegan-otra-vez-a-zara-los-conjuntos-mas-elegantes-del-verano-que-estan-agotando-las-mujeres-de-55-y-65-anos-28.jpg 681w, http:\/\/hoycordobaweb.com\/wp-content\/uploads\/2025\/07\/llegan-otra-vez-a-zara-los-conjuntos-mas-elegantes-del-verano-que-estan-agotando-las-mujeres-de-55-y-65-anos-29.jpg 1024w, http:\/\/hoycordobaweb.com\/wp-content\/uploads\/2025\/07\/llegan-otra-vez-a-zara-los-conjuntos-mas-elegantes-del-verano-que-estan-agotando-las-mujeres-de-55-y-65-anos-30.jpg 1366w\" src=\"http:\/\/hoycordobaweb.com\/wp-content\/uploads\/2025\/07\/llegan-otra-vez-a-zara-los-conjuntos-mas-elegantes-del-verano-que-estan-agotando-las-mujeres-de-55-y-65-anos-6.jpg\" alt=\"Total look de Zara\"> <noscript><img alt=\"Total look de Zara\" class=\"centro_sinmarco\" src=\"http:\/\/hoycordobaweb.com\/wp-content\/uploads\/2025\/07\/llegan-otra-vez-a-zara-los-conjuntos-mas-elegantes-del-verano-que-estan-agotando-las-mujeres-de-55-y-65-anos-6.jpg\"><\/noscript> <\/div>\n<\/div>\n<p>Ideal este<em> total look <\/em>blanco roto<em> <\/em>compuesto por <a rel=\"noopener, noreferrer\" href=\"https:\/\/www.zara.com\/es\/es\/-pT9557385360.html?v1=472133666&amp;v2=2420285\">chaleco cruzado y pantal\u00f3n <em>culotte,<\/em><\/a> fresquito, c\u00f3modo y muy vers\u00e1til.&nbsp;<\/p>\n<div class=\"article-asset-image article-asset-normal article-asset-center\">\n<div class=\"asset-content\"> <img class=\"centro_sinmarco\" height=\"2160\" width=\"1440\" loading=\"lazy\" decoding=\"async\" sizes=\"100vw\" fetchpriority=\"high\" srcset=\"http:\/\/hoycordobaweb.com\/wp-content\/uploads\/2025\/07\/llegan-otra-vez-a-zara-los-conjuntos-mas-elegantes-del-verano-que-estan-agotando-las-mujeres-de-55-y-65-anos-7.jpg 450w, http:\/\/hoycordobaweb.com\/wp-content\/uploads\/2025\/07\/llegan-otra-vez-a-zara-los-conjuntos-mas-elegantes-del-verano-que-estan-agotando-las-mujeres-de-55-y-65-anos-31.jpg 681w, http:\/\/hoycordobaweb.com\/wp-content\/uploads\/2025\/07\/llegan-otra-vez-a-zara-los-conjuntos-mas-elegantes-del-verano-que-estan-agotando-las-mujeres-de-55-y-65-anos-32.jpg 1024w, http:\/\/hoycordobaweb.com\/wp-content\/uploads\/2025\/07\/llegan-otra-vez-a-zara-los-conjuntos-mas-elegantes-del-verano-que-estan-agotando-las-mujeres-de-55-y-65-anos-33.jpg 1366w\" src=\"http:\/\/hoycordobaweb.com\/wp-content\/uploads\/2025\/07\/llegan-otra-vez-a-zara-los-conjuntos-mas-elegantes-del-verano-que-estan-agotando-las-mujeres-de-55-y-65-anos-7.jpg\" alt=\"Total look de Zara\"> <noscript><img alt=\"Total look de Zara\" class=\"centro_sinmarco\" src=\"http:\/\/hoycordobaweb.com\/wp-content\/uploads\/2025\/07\/llegan-otra-vez-a-zara-los-conjuntos-mas-elegantes-del-verano-que-estan-agotando-las-mujeres-de-55-y-65-anos-7.jpg\"><\/noscript> <\/div>\n<\/div>\n<p><a rel=\"noopener, noreferrer\" href=\"https:\/\/www.zara.com\/es\/es\/conjunto-top-y-pantalon-pT9313699594.html?v1=472872593&amp;v2=2420285\">Conjunto muy sofisticado de punto fino,<\/a> compuesto por top de cuello <em>halter <\/em>y pantal\u00f3n ancho en color beige.<\/p>\n<div class=\"article-asset-image article-asset-normal article-asset-center\">\n<div class=\"asset-content\"> <img class=\"centro_sinmarco\" height=\"2160\" width=\"1440\" loading=\"lazy\" decoding=\"async\" sizes=\"100vw\" fetchpriority=\"high\" srcset=\"http:\/\/hoycordobaweb.com\/wp-content\/uploads\/2025\/07\/llegan-otra-vez-a-zara-los-conjuntos-mas-elegantes-del-verano-que-estan-agotando-las-mujeres-de-55-y-65-anos-8.jpg 450w, http:\/\/hoycordobaweb.com\/wp-content\/uploads\/2025\/07\/llegan-otra-vez-a-zara-los-conjuntos-mas-elegantes-del-verano-que-estan-agotando-las-mujeres-de-55-y-65-anos-34.jpg 681w, http:\/\/hoycordobaweb.com\/wp-content\/uploads\/2025\/07\/llegan-otra-vez-a-zara-los-conjuntos-mas-elegantes-del-verano-que-estan-agotando-las-mujeres-de-55-y-65-anos-35.jpg 1024w, http:\/\/hoycordobaweb.com\/wp-content\/uploads\/2025\/07\/llegan-otra-vez-a-zara-los-conjuntos-mas-elegantes-del-verano-que-estan-agotando-las-mujeres-de-55-y-65-anos-36.jpg 1366w\" src=\"http:\/\/hoycordobaweb.com\/wp-content\/uploads\/2025\/07\/llegan-otra-vez-a-zara-los-conjuntos-mas-elegantes-del-verano-que-estan-agotando-las-mujeres-de-55-y-65-anos-8.jpg\" alt=\"Total look de Zara\"> <noscript><img alt=\"Total look de Zara\" class=\"centro_sinmarco\" src=\"http:\/\/hoycordobaweb.com\/wp-content\/uploads\/2025\/07\/llegan-otra-vez-a-zara-los-conjuntos-mas-elegantes-del-verano-que-estan-agotando-las-mujeres-de-55-y-65-anos-8.jpg\"><\/noscript> <\/div>\n<\/div>\n<p><a rel=\"noopener, noreferrer\" href=\"https:\/\/www.zara.com\/es\/es\/-pT9725019559.html?v1=472931624&amp;v2=2420285\"><em>Look<\/em> de lino blanco,<\/a> de estilo <em>casual, <\/em>formado por camisa de manga larga y pantal\u00f3n ancho. Un cl\u00e1sico del verano, disponible tambi\u00e9n en marr\u00f3n.&nbsp;<\/p>\n<p>Fotos | <a rel=\"noopener, noreferrer\" href=\"https:\/\/www.zara.com\/es\/es\/mujer-conjuntos-l1061.html?v1=2420285\">Zara<\/a>, <a rel=\"noopener, noreferrer\" href=\"https:\/\/www.instagram.com\/isanlozano\/\">@isanlozano<\/a><\/p>\n<p>En Trendencias | <a class=\"text-outboundlink\" href=\"https:\/\/www.trendencias.com\/eventos\/cuando-empiezan-rebajas-verano-inditex-mango-h-m-corte-ingles\" data-vars-post-title=\"Cu\u00e1ndo empiezan las rebajas de verano 2025 en Zara, Mango, H&amp;M, El Corte Ingl\u00e9s y m\u00e1s\" data-vars-post-url=\"https:\/\/www.trendencias.com\/eventos\/cuando-empiezan-rebajas-verano-inditex-mango-h-m-corte-ingles\">Cu\u00e1ndo empiezan las rebajas de verano 2025 en Zara, Mango, H&amp;M, El Corte Ingl\u00e9s y m\u00e1s<\/a><\/p>\n<p>En Trendencias | <a class=\"text-outboundlink\" href=\"https:\/\/www.trendencias.com\/propuestas-y-consejos\/gafas-graduadas-que-seran-tendencia-2023-modelos-retro-marcaran-pauta\" data-vars-post-title=\"Gafas graduadas que son tendencia en 2025: los modelos futuristas se hacen fuertes\" data-vars-post-url=\"https:\/\/www.trendencias.com\/propuestas-y-consejos\/gafas-graduadas-que-seran-tendencia-2023-modelos-retro-marcaran-pauta\">Gafas graduadas que son tendencia en 2025: los modelos retro marcan la pauta<\/a><\/p>\n<p>En Trendencias | <a class=\"text-outboundlink\" href=\"https:\/\/www.trendencias.com\/festivales\/low-festival-2022-todo-que-se-sabe-cartel-entradas-horarios\" data-vars-post-title=\"Low Festival 2025: todo lo que se sabe sobre el cartel, las entradas y los horarios\" data-vars-post-url=\"https:\/\/www.trendencias.com\/festivales\/low-festival-2022-todo-que-se-sabe-cartel-entradas-horarios\">Low Festival 2025: todo lo que se sabe sobre el cartel, las entradas y los horarios<\/a><\/p>\n","protected":false},"excerpt":{"rendered":"<p>En plena temporada de rebajas, adem\u00e1s de intentar encontrar los chollos m\u00e1s top a descuentos impensables, en el camino se nos cruzan siempre las prendas de nueva colecci\u00f3n a las que es inevitable resistirse. Eso ocurre en Zara, que cada semana nos sorprende con nuevas propuestas cargadas de estilo. Poco a poco la firma de [&hellip;]<\/p>\n","protected":false},"author":1,"featured_media":110459,"comment_status":"closed","ping_status":"closed","sticky":false,"template":"","format":"standard","meta":[],"categories":[],"tags":[],"_links":{"self":[{"href":"http:\/\/hoycordobaweb.com\/index.php\/wp-json\/wp\/v2\/posts\/110458"}],"collection":[{"href":"http:\/\/hoycordobaweb.com\/index.php\/wp-json\/wp\/v2\/posts"}],"about":[{"href":"http:\/\/hoycordobaweb.com\/index.php\/wp-json\/wp\/v2\/types\/post"}],"author":[{"embeddable":true,"href":"http:\/\/hoycordobaweb.com\/index.php\/wp-json\/wp\/v2\/users\/1"}],"replies":[{"embeddable":true,"href":"http:\/\/hoycordobaweb.com\/index.php\/wp-json\/wp\/v2\/comments?post=110458"}],"version-history":[{"count":0,"href":"http:\/\/hoycordobaweb.com\/index.php\/wp-json\/wp\/v2\/posts\/110458\/revisions"}],"wp:featuredmedia":[{"embeddable":true,"href":"http:\/\/hoycordobaweb.com\/index.php\/wp-json\/wp\/v2\/media\/110459"}],"wp:attachment":[{"href":"http:\/\/hoycordobaweb.com\/index.php\/wp-json\/wp\/v2\/media?parent=110458"}],"wp:term":[{"taxonomy":"category","embeddable":true,"href":"http:\/\/hoycordobaweb.com\/index.php\/wp-json\/wp\/v2\/categories?post=110458"},{"taxonomy":"post_tag","embeddable":true,"href":"http:\/\/hoycordobaweb.com\/index.php\/wp-json\/wp\/v2\/tags?post=110458"}],"curies":[{"name":"wp","href":"https:\/\/api.w.org\/{rel}","templated":true}]}}