{"id":110366,"date":"2025-07-08T14:01:21","date_gmt":"2025-07-08T14:01:21","guid":{"rendered":"https:\/\/www.trendencias.com\/vestidos\/mango-tiene-rebajas-vestidos-elegantes-fresquitos-20-euros"},"modified":"2025-07-08T14:01:21","modified_gmt":"2025-07-08T14:01:21","slug":"ni-zara-ni-massimo-dutti-mango-tiene-en-rebajas-los-vestidos-mas-elegantes-y-fresquitos-por-menos-de-20-euros","status":"publish","type":"post","link":"http:\/\/hoycordobaweb.com\/index.php\/2025\/07\/08\/ni-zara-ni-massimo-dutti-mango-tiene-en-rebajas-los-vestidos-mas-elegantes-y-fresquitos-por-menos-de-20-euros\/","title":{"rendered":"Ni Zara ni Massimo Dutti, Mango tiene en rebajas los vestidos m\u00e1s elegantes y fresquitos por menos de 20 euros"},"content":{"rendered":"<p>Me encanta ese momento en el que comienzan las segundas rebajas de nuestras firmas de cabecera porque es cuando se encuentran verdaderos chollos, y tambi\u00e9n <strong>la mejor manera de renovar el armario de verano.<\/strong> Solo hay que tener suerte para encontrar la talla que necesitas.<\/p>\n<p><!-- BREAK 1 --> <\/p>\n<p>Una de las marcas que me ha sorprendido esta temporada con su colecci\u00f3n de verano es <strong>Mango, <\/strong>simplemente imponente. Est\u00e1 cargada de prendas con mucho estilo y elegancia, opciones de tendencia muy funcionales y c\u00f3modas para el d\u00eda a d\u00eda, capaces de solucionar un<em> look <\/em>para cualquier ocasi\u00f3n.<\/p>\n<p><!-- BREAK 2 --><\/p>\n<p>Pero <strong>el vestido sigue siendo la prenda estrella,<\/strong> el m\u00e1s vers\u00e1til, c\u00f3modo y fresquito, la elecci\u00f3n que domina el armario femenino de las mujeres m\u00e1s sofisticadas. Y estos vestidos <em>midi <\/em>y cortos, de diferentes colores y estampados con descuentos de hasta el 50%, son un flechazo en estilo y una buena inversi\u00f3n para lucir cada d\u00eda un modelito a precios asequibles <strong>(cuestan menos de 20 euros). <\/strong>Adem\u00e1s, ocupan poco y puedes meterlos todos en tu maleta de vacaciones. Si todav\u00eda no las hecho, es el momento de darse una vuelta por las rebajas de Mango de verano.<\/p>\n<p><!-- BREAK 3 --> <\/p>\n<div class=\"article-asset-image article-asset-normal article-asset-center\">\n<div class=\"asset-content\"> <img class=\"centro_sinmarco\" height=\"1178\" width=\"1714\" loading=\"lazy\" decoding=\"async\" sizes=\"100vw\" fetchpriority=\"high\" srcset=\"http:\/\/hoycordobaweb.com\/wp-content\/uploads\/2025\/07\/ni-zara-ni-massimo-dutti-mango-tiene-en-rebajas-los-vestidos-mas-elegantes-y-fresquitos-por-menos-de-20-euros.jpg 450w, http:\/\/hoycordobaweb.com\/wp-content\/uploads\/2025\/07\/ni-zara-ni-massimo-dutti-mango-tiene-en-rebajas-los-vestidos-mas-elegantes-y-fresquitos-por-menos-de-20-euros-7.jpg 681w, http:\/\/hoycordobaweb.com\/wp-content\/uploads\/2025\/07\/ni-zara-ni-massimo-dutti-mango-tiene-en-rebajas-los-vestidos-mas-elegantes-y-fresquitos-por-menos-de-20-euros-8.jpg 1024w, http:\/\/hoycordobaweb.com\/wp-content\/uploads\/2025\/07\/ni-zara-ni-massimo-dutti-mango-tiene-en-rebajas-los-vestidos-mas-elegantes-y-fresquitos-por-menos-de-20-euros-9.jpg 1366w\" src=\"http:\/\/hoycordobaweb.com\/wp-content\/uploads\/2025\/07\/ni-zara-ni-massimo-dutti-mango-tiene-en-rebajas-los-vestidos-mas-elegantes-y-fresquitos-por-menos-de-20-euros.jpg\" alt=\"Vestido rebajas de Mango\"> <noscript><img alt=\"Vestido rebajas de Mango\" class=\"centro_sinmarco\" src=\"http:\/\/hoycordobaweb.com\/wp-content\/uploads\/2025\/07\/ni-zara-ni-massimo-dutti-mango-tiene-en-rebajas-los-vestidos-mas-elegantes-y-fresquitos-por-menos-de-20-euros.jpg\"><\/noscript> <\/div>\n<\/div>\n<p>Vestido <em>midi<\/em> de rayas con detalles fruncidos debajo del pecho. Un modelo de rayas en tonos verdes y azules muy fresquito y sofisticado, que queda ideal con unas pala, alpargatas o sandalias de tac\u00f3n sensato. Su precio era de 25,99 euros y ahora es de <a rel=\"noopener, noreferrer\" href=\"https:\/\/shop.mango.com\/es\/es\/p\/mujer\/vestidos-y-monos\/vestidos\/vestido-fruncido-rayas_17051185?c=52\">19,99 euros. &nbsp;<\/a><\/p>\n<p><!-- BREAK 4 --><\/p>\n<div class=\"article-asset-image article-asset-normal article-asset-center\">\n<div class=\"asset-content\"> <img class=\"centro_sinmarco\" height=\"1178\" width=\"1704\" loading=\"lazy\" decoding=\"async\" sizes=\"100vw\" fetchpriority=\"high\" srcset=\"http:\/\/hoycordobaweb.com\/wp-content\/uploads\/2025\/07\/ni-zara-ni-massimo-dutti-mango-tiene-en-rebajas-los-vestidos-mas-elegantes-y-fresquitos-por-menos-de-20-euros-1.jpg 450w, http:\/\/hoycordobaweb.com\/wp-content\/uploads\/2025\/07\/ni-zara-ni-massimo-dutti-mango-tiene-en-rebajas-los-vestidos-mas-elegantes-y-fresquitos-por-menos-de-20-euros-10.jpg 681w, http:\/\/hoycordobaweb.com\/wp-content\/uploads\/2025\/07\/ni-zara-ni-massimo-dutti-mango-tiene-en-rebajas-los-vestidos-mas-elegantes-y-fresquitos-por-menos-de-20-euros-11.jpg 1024w, http:\/\/hoycordobaweb.com\/wp-content\/uploads\/2025\/07\/ni-zara-ni-massimo-dutti-mango-tiene-en-rebajas-los-vestidos-mas-elegantes-y-fresquitos-por-menos-de-20-euros-12.jpg 1366w\" src=\"http:\/\/hoycordobaweb.com\/wp-content\/uploads\/2025\/07\/ni-zara-ni-massimo-dutti-mango-tiene-en-rebajas-los-vestidos-mas-elegantes-y-fresquitos-por-menos-de-20-euros-1.jpg\" alt=\"Vestido rebajas de Mango\"> <noscript><img alt=\"Vestido rebajas de Mango\" class=\"centro_sinmarco\" src=\"http:\/\/hoycordobaweb.com\/wp-content\/uploads\/2025\/07\/ni-zara-ni-massimo-dutti-mango-tiene-en-rebajas-los-vestidos-mas-elegantes-y-fresquitos-por-menos-de-20-euros-1.jpg\"><\/noscript> <\/div>\n<\/div>\n<p>Maxi vestido color crema combinado, de cuerpo ajustado de tirantes y falda<em> evas\u00e9, <\/em>muy f\u00e1cil de combinar con todo tipo de complementos. Las sandalias planas son sus mejores aliadas. Su precio era de 25,99 euros y ahora es de <a rel=\"noopener, noreferrer\" href=\"https:\/\/shop.mango.com\/es\/es\/p\/mujer\/vestidos-y-monos\/vestidos\/vestido-evase-tejido-combinado_17031219?c=05\">17,99 euros.<\/a><\/p>\n<p><!-- BREAK 5 --><\/p>\n<div class=\"article-asset-image article-asset-normal article-asset-center\">\n<div class=\"asset-content\"> <img class=\"centro_sinmarco\" height=\"1180\" width=\"1698\" loading=\"lazy\" decoding=\"async\" sizes=\"100vw\" fetchpriority=\"high\" srcset=\"http:\/\/hoycordobaweb.com\/wp-content\/uploads\/2025\/07\/ni-zara-ni-massimo-dutti-mango-tiene-en-rebajas-los-vestidos-mas-elegantes-y-fresquitos-por-menos-de-20-euros-2.jpg 450w, http:\/\/hoycordobaweb.com\/wp-content\/uploads\/2025\/07\/ni-zara-ni-massimo-dutti-mango-tiene-en-rebajas-los-vestidos-mas-elegantes-y-fresquitos-por-menos-de-20-euros-13.jpg 681w, http:\/\/hoycordobaweb.com\/wp-content\/uploads\/2025\/07\/ni-zara-ni-massimo-dutti-mango-tiene-en-rebajas-los-vestidos-mas-elegantes-y-fresquitos-por-menos-de-20-euros-14.jpg 1024w, http:\/\/hoycordobaweb.com\/wp-content\/uploads\/2025\/07\/ni-zara-ni-massimo-dutti-mango-tiene-en-rebajas-los-vestidos-mas-elegantes-y-fresquitos-por-menos-de-20-euros-15.jpg 1366w\" src=\"http:\/\/hoycordobaweb.com\/wp-content\/uploads\/2025\/07\/ni-zara-ni-massimo-dutti-mango-tiene-en-rebajas-los-vestidos-mas-elegantes-y-fresquitos-por-menos-de-20-euros-2.jpg\" alt=\"Vestido rebajas de Mango\"> <noscript><img alt=\"Vestido rebajas de Mango\" class=\"centro_sinmarco\" src=\"http:\/\/hoycordobaweb.com\/wp-content\/uploads\/2025\/07\/ni-zara-ni-massimo-dutti-mango-tiene-en-rebajas-los-vestidos-mas-elegantes-y-fresquitos-por-menos-de-20-euros-2.jpg\"><\/noscript> <\/div>\n<\/div>\n<p>Elegante vestido camisero con original corte en la cintura. Un modelo azul claro con estampado de rayas ideal para para ir a la oficina, combinado con sandalias de tac\u00f3n. Su precio era de 39,99 euros y ahora es de <a rel=\"noopener, noreferrer\" href=\"https:\/\/shop.mango.com\/es\/es\/p\/mujer\/vestidos-y-monos\/vestidos\/vestido-camisero-drapeado_77014035\">19,99 euros.<\/a><\/p>\n<p><!-- BREAK 6 --> <\/p>\n<div class=\"article-asset-image article-asset-normal article-asset-center\">\n<div class=\"asset-content\"> <img class=\"centro_sinmarco\" height=\"1186\" width=\"1712\" loading=\"lazy\" decoding=\"async\" sizes=\"100vw\" fetchpriority=\"high\" srcset=\"http:\/\/hoycordobaweb.com\/wp-content\/uploads\/2025\/07\/ni-zara-ni-massimo-dutti-mango-tiene-en-rebajas-los-vestidos-mas-elegantes-y-fresquitos-por-menos-de-20-euros-3.jpg 450w, http:\/\/hoycordobaweb.com\/wp-content\/uploads\/2025\/07\/ni-zara-ni-massimo-dutti-mango-tiene-en-rebajas-los-vestidos-mas-elegantes-y-fresquitos-por-menos-de-20-euros-16.jpg 681w, http:\/\/hoycordobaweb.com\/wp-content\/uploads\/2025\/07\/ni-zara-ni-massimo-dutti-mango-tiene-en-rebajas-los-vestidos-mas-elegantes-y-fresquitos-por-menos-de-20-euros-17.jpg 1024w, http:\/\/hoycordobaweb.com\/wp-content\/uploads\/2025\/07\/ni-zara-ni-massimo-dutti-mango-tiene-en-rebajas-los-vestidos-mas-elegantes-y-fresquitos-por-menos-de-20-euros-18.jpg 1366w\" src=\"http:\/\/hoycordobaweb.com\/wp-content\/uploads\/2025\/07\/ni-zara-ni-massimo-dutti-mango-tiene-en-rebajas-los-vestidos-mas-elegantes-y-fresquitos-por-menos-de-20-euros-3.jpg\" alt=\"Vestido rebajas de Mango\"> <noscript><img alt=\"Vestido rebajas de Mango\" class=\"centro_sinmarco\" src=\"http:\/\/hoycordobaweb.com\/wp-content\/uploads\/2025\/07\/ni-zara-ni-massimo-dutti-mango-tiene-en-rebajas-los-vestidos-mas-elegantes-y-fresquitos-por-menos-de-20-euros-3.jpg\"><\/noscript> <\/div>\n<\/div>\n<p>Mini vestido blanco de cuerpo ajustado de manga corta y mini falda abullonada. Un dise\u00f1o mini para presumir de piernas y de bronceado que queda perfecto con sandalias en todas su versiones (planas, de tac\u00f3n sensato o de taconazo). Su precio era de 25,99 euros y ahora es de <a rel=\"noopener, noreferrer\" href=\"https:\/\/shop.mango.com\/es\/es\/p\/mujer\/vestidos-y-monos\/vestidos\/vestido-combinado-bajo-abullonado_87069208\">19,99 euros.<\/a><\/p>\n<p><!-- BREAK 7 --><\/p>\n<div class=\"article-asset-image article-asset-normal article-asset-center\">\n<div class=\"asset-content\"> <img class=\"centro_sinmarco\" height=\"1190\" width=\"1700\" loading=\"lazy\" decoding=\"async\" sizes=\"100vw\" fetchpriority=\"high\" srcset=\"http:\/\/hoycordobaweb.com\/wp-content\/uploads\/2025\/07\/ni-zara-ni-massimo-dutti-mango-tiene-en-rebajas-los-vestidos-mas-elegantes-y-fresquitos-por-menos-de-20-euros-4.jpg 450w, http:\/\/hoycordobaweb.com\/wp-content\/uploads\/2025\/07\/ni-zara-ni-massimo-dutti-mango-tiene-en-rebajas-los-vestidos-mas-elegantes-y-fresquitos-por-menos-de-20-euros-19.jpg 681w, http:\/\/hoycordobaweb.com\/wp-content\/uploads\/2025\/07\/ni-zara-ni-massimo-dutti-mango-tiene-en-rebajas-los-vestidos-mas-elegantes-y-fresquitos-por-menos-de-20-euros-20.jpg 1024w, http:\/\/hoycordobaweb.com\/wp-content\/uploads\/2025\/07\/ni-zara-ni-massimo-dutti-mango-tiene-en-rebajas-los-vestidos-mas-elegantes-y-fresquitos-por-menos-de-20-euros-21.jpg 1366w\" src=\"http:\/\/hoycordobaweb.com\/wp-content\/uploads\/2025\/07\/ni-zara-ni-massimo-dutti-mango-tiene-en-rebajas-los-vestidos-mas-elegantes-y-fresquitos-por-menos-de-20-euros-4.jpg\" alt=\"Vestido rebajas de Mango\"> <noscript><img alt=\"Vestido rebajas de Mango\" class=\"centro_sinmarco\" src=\"http:\/\/hoycordobaweb.com\/wp-content\/uploads\/2025\/07\/ni-zara-ni-massimo-dutti-mango-tiene-en-rebajas-los-vestidos-mas-elegantes-y-fresquitos-por-menos-de-20-euros-4.jpg\"><\/noscript> <\/div>\n<\/div>\n<p>Da igual que sea verano, un vestido negro nunca puede faltar en la maleta de vacaciones ni en un armario estival. Siempre sale al rescata. Sencillo y elegante, as\u00ed es este maxi vestido negro con llamativa espalda escotada. Su precio era de 29,99 euros y ahora es de <a rel=\"noopener, noreferrer\" href=\"https:\/\/shop.mango.com\/es\/es\/p\/mujer\/vestidos-y-monos\/vestidos\/vestido-espalda-abierta_17071235\">19,99 euros.<\/a><\/p>\n<p><!-- BREAK 8 --><\/p>\n<div class=\"article-asset-image article-asset-normal article-asset-center\">\n<div class=\"asset-content\"> <img class=\"centro_sinmarco\" height=\"1184\" width=\"1704\" loading=\"lazy\" decoding=\"async\" sizes=\"100vw\" fetchpriority=\"high\" srcset=\"http:\/\/hoycordobaweb.com\/wp-content\/uploads\/2025\/07\/ni-zara-ni-massimo-dutti-mango-tiene-en-rebajas-los-vestidos-mas-elegantes-y-fresquitos-por-menos-de-20-euros-5.jpg 450w, http:\/\/hoycordobaweb.com\/wp-content\/uploads\/2025\/07\/ni-zara-ni-massimo-dutti-mango-tiene-en-rebajas-los-vestidos-mas-elegantes-y-fresquitos-por-menos-de-20-euros-22.jpg 681w, http:\/\/hoycordobaweb.com\/wp-content\/uploads\/2025\/07\/ni-zara-ni-massimo-dutti-mango-tiene-en-rebajas-los-vestidos-mas-elegantes-y-fresquitos-por-menos-de-20-euros-23.jpg 1024w, http:\/\/hoycordobaweb.com\/wp-content\/uploads\/2025\/07\/ni-zara-ni-massimo-dutti-mango-tiene-en-rebajas-los-vestidos-mas-elegantes-y-fresquitos-por-menos-de-20-euros-24.jpg 1366w\" src=\"http:\/\/hoycordobaweb.com\/wp-content\/uploads\/2025\/07\/ni-zara-ni-massimo-dutti-mango-tiene-en-rebajas-los-vestidos-mas-elegantes-y-fresquitos-por-menos-de-20-euros-5.jpg\" alt=\"Mango\"> <noscript><img alt=\"Mango\" class=\"centro_sinmarco\" src=\"http:\/\/hoycordobaweb.com\/wp-content\/uploads\/2025\/07\/ni-zara-ni-massimo-dutti-mango-tiene-en-rebajas-los-vestidos-mas-elegantes-y-fresquitos-por-menos-de-20-euros-5.jpg\"><\/noscript> <\/div>\n<\/div>\n<p>Dise\u00f1o liso y sencillo, mon\u00edsimo para conseguir un<em> look <\/em>minimalista. Un mini vestido de tirante ancho en uno de los colores de moda de la temporada, el azul beb\u00e9, tan rom\u00e1ntico como elegante. Las sandalias blancas, negras o doradas son todo un acierto. Su precio era de 29,99 euros y ahora es de <a rel=\"noopener, noreferrer\" href=\"https:\/\/shop.mango.com\/es\/es\/p\/mujer\/vestidos-y-monos\/vestidos\/vestido-corto-tirantes-anchos_87028653?c=50\">19,99 euros.<\/a><\/p>\n<p><!-- BREAK 9 --><\/p>\n<p>Fotos | <a rel=\"noopener, noreferrer\" href=\"https:\/\/shop.mango.com\/es\/es\/p\/mujer\/vestidos-y-monos\/vestidos\/vestido-corto-tirantes-anchos_87028653?c=50\">Mango<\/a><\/p>\n<p>En Trendencias | <a class=\"text-outboundlink\" href=\"https:\/\/www.trendencias.com\/eventos\/cuando-empiezan-rebajas-verano-inditex-mango-h-m-corte-ingles\" data-vars-post-title=\"Cu\u00e1ndo empiezan las rebajas de verano 2025 en Zara, Mango, H&amp;M, El Corte Ingl\u00e9s y m\u00e1s\" data-vars-post-url=\"https:\/\/www.trendencias.com\/eventos\/cuando-empiezan-rebajas-verano-inditex-mango-h-m-corte-ingles\">Cu\u00e1ndo empiezan las rebajas de verano 2025 en Zara, Mango, H&amp;M, El Corte Ingl\u00e9s y m\u00e1s<\/a><\/p>\n<p>En Trendencias | <a class=\"text-outboundlink\" href=\"https:\/\/www.trendencias.com\/propuestas-y-consejos\/gafas-graduadas-que-seran-tendencia-2023-modelos-retro-marcaran-pauta\" data-vars-post-title=\"Gafas graduadas que son tendencia en 2025: los modelos futuristas se hacen fuertes\" data-vars-post-url=\"https:\/\/www.trendencias.com\/propuestas-y-consejos\/gafas-graduadas-que-seran-tendencia-2023-modelos-retro-marcaran-pauta\">Gafas graduadas que son tendencia en 2025: los modelos retro marcan la pauta<\/a><\/p>\n<p>En Trendencias | <a class=\"text-outboundlink\" href=\"https:\/\/www.trendencias.com\/festivales\/low-festival-2022-todo-que-se-sabe-cartel-entradas-horarios\" data-vars-post-title=\"Low Festival 2025: todo lo que se sabe sobre el cartel, las entradas y los horarios\" data-vars-post-url=\"https:\/\/www.trendencias.com\/festivales\/low-festival-2022-todo-que-se-sabe-cartel-entradas-horarios\">Low Festival 2025: todo lo que se sabe sobre el cartel, las entradas y los horarios<\/a><\/p>\n","protected":false},"excerpt":{"rendered":"<p>Me encanta ese momento en el que comienzan las segundas rebajas de nuestras firmas de cabecera porque es cuando se encuentran verdaderos chollos, y tambi\u00e9n la mejor manera de renovar el armario de verano. Solo hay que tener suerte para encontrar la talla que necesitas. Una de las marcas que me ha sorprendido esta temporada [&hellip;]<\/p>\n","protected":false},"author":1,"featured_media":110367,"comment_status":"closed","ping_status":"closed","sticky":false,"template":"","format":"standard","meta":[],"categories":[],"tags":[],"_links":{"self":[{"href":"http:\/\/hoycordobaweb.com\/index.php\/wp-json\/wp\/v2\/posts\/110366"}],"collection":[{"href":"http:\/\/hoycordobaweb.com\/index.php\/wp-json\/wp\/v2\/posts"}],"about":[{"href":"http:\/\/hoycordobaweb.com\/index.php\/wp-json\/wp\/v2\/types\/post"}],"author":[{"embeddable":true,"href":"http:\/\/hoycordobaweb.com\/index.php\/wp-json\/wp\/v2\/users\/1"}],"replies":[{"embeddable":true,"href":"http:\/\/hoycordobaweb.com\/index.php\/wp-json\/wp\/v2\/comments?post=110366"}],"version-history":[{"count":0,"href":"http:\/\/hoycordobaweb.com\/index.php\/wp-json\/wp\/v2\/posts\/110366\/revisions"}],"wp:featuredmedia":[{"embeddable":true,"href":"http:\/\/hoycordobaweb.com\/index.php\/wp-json\/wp\/v2\/media\/110367"}],"wp:attachment":[{"href":"http:\/\/hoycordobaweb.com\/index.php\/wp-json\/wp\/v2\/media?parent=110366"}],"wp:term":[{"taxonomy":"category","embeddable":true,"href":"http:\/\/hoycordobaweb.com\/index.php\/wp-json\/wp\/v2\/categories?post=110366"},{"taxonomy":"post_tag","embeddable":true,"href":"http:\/\/hoycordobaweb.com\/index.php\/wp-json\/wp\/v2\/tags?post=110366"}],"curies":[{"name":"wp","href":"https:\/\/api.w.org\/{rel}","templated":true}]}}