{"id":110177,"date":"2025-07-06T11:00:00","date_gmt":"2025-07-06T11:00:00","guid":{"rendered":"http:\/\/hoycordobaweb.com\/index.php\/2025\/07\/06\/condenaron-a-un-hombre-por-asesinar-a-su-expareja-y-a-otro-joven-en-quitilipi\/"},"modified":"2025-07-06T11:00:00","modified_gmt":"2025-07-06T11:00:00","slug":"condenaron-a-un-hombre-por-asesinar-a-su-expareja-y-a-otro-joven-en-quitilipi","status":"publish","type":"post","link":"http:\/\/hoycordobaweb.com\/index.php\/2025\/07\/06\/condenaron-a-un-hombre-por-asesinar-a-su-expareja-y-a-otro-joven-en-quitilipi\/","title":{"rendered":"Condenaron a un hombre por asesinar a su expareja y a otro joven en Quitilipi"},"content":{"rendered":"<div class=\"media_block\"><\/div>\n<div><img src=\"http:\/\/hoycordobaweb.com\/wp-content\/uploads\/2025\/07\/condenaron-a-un-hombre-por-asesinar-a-su-expareja-y-a-otro-joven-en-quitilipi.jpg\" class=\"ff-og-image-inserted\"><\/div>\n<p>Un <strong>jurado popular<\/strong> declar\u00f3 culpable a <strong>Francisco Escalante<\/strong> por el <strong>doble homicidio de Antonella Altamirano y Evaristo Saux<\/strong>, ocurrido en marzo de 2023 en la ciudad de <strong>Quitilipi<\/strong>. La condena fue resuelta tras dos horas de deliberaci\u00f3n, luego de la exposici\u00f3n de alegatos finales por parte del <strong>Ministerio P\u00fablico Fiscal, la querella y la defensa<\/strong>.<\/p>\n<p>La \u00faltima jornada del juicio oral se desarroll\u00f3 en el <strong>Centro de Estudios Judiciales<\/strong>, con la presencia del juez t\u00e9cnico <strong>Mauricio Rouvier<\/strong>, quien condujo el proceso. La fiscal <strong>Marisa Rosa Osiska<\/strong> sostuvo que las pruebas reunidas durante la investigaci\u00f3n colocaban a Escalante en la escena del crimen. Se\u00f1al\u00f3 como prueba clave el <strong>ADN encontrado bajo las u\u00f1as de la v\u00edctima<\/strong>, lo que fue ratificado por una m\u00e9dica forense con un nivel de certeza del <strong>99,9%<\/strong>.<\/p>\n<p>Durante su alegato, Osiska record\u00f3 que tanto Antonella como Evaristo recibieron <strong>19 pu\u00f1aladas cada uno<\/strong>, y que Saux fue pr\u00e1cticamente degollado. La fiscal tambi\u00e9n destac\u00f3 la declaraci\u00f3n de la <strong>hija de Escalante y Antonella<\/strong>, quien en C\u00e1mara Gesell habl\u00f3 de una relaci\u00f3n marcada por la violencia.<\/p>\n<p>Los <strong>abogados querellantes<\/strong>, Pablo Madzarevich, Cristian Arana y Daniel Acosta, coincidieron en que las pruebas eran concluyentes. Madzarevich calific\u00f3 como \u201clapidario\u201d el testimonio de la ni\u00f1a. Acosta, en tanto, afirm\u00f3 que \u201ccada una de las pruebas lleva a la misma conclusi\u00f3n: Escalante es el autor del crimen\u201d.<\/p>\n<p>Por parte de la <strong>defensa<\/strong>, el abogado <strong>Miguel Lukach<\/strong> intent\u00f3 sembrar dudas sobre la responsabilidad del imputado. Aleg\u00f3 que no exist\u00eda una prueba directa que lo colocara en el lugar del hecho y que las declaraciones no eran suficientes para una condena. Escalante tambi\u00e9n tom\u00f3 la palabra y se declar\u00f3 inocente. \u201cSolo quiero volver con mis hijos\u201d, dijo ante el jurado.<\/p>\n<p>El hecho juzgado ocurri\u00f3 en la ma\u00f1ana del <strong>8 de marzo de 2023<\/strong>, cuando Escalante habr\u00eda ingresado al domicilio de Antonella, donde tambi\u00e9n se encontraba Saux. Ambos fueron atacados con un arma blanca y murieron en el lugar. Seg\u00fan la acusaci\u00f3n, el ataque fue premeditado y cometido en un contexto de violencia previa entre Escalante y su expareja.<\/p>\n<p>Luego del veredicto, <strong>Rosa Altamirano<\/strong>, madre de Antonella, habl\u00f3 con los medios. \u201cEstoy muerta en vida. Mis nietos se quedaron sin su mam\u00e1. Ese dolor no se va a ir nunca\u201d, expres\u00f3 con firmeza, aunque tambi\u00e9n agradeci\u00f3 a quienes acompa\u00f1aron el proceso judicial: \u201cA pesar de todo, se hizo justicia\u201d.<\/p>\n<p>Hasta el momento, Escalante es el <strong>\u00fanico condenado por el doble crimen<\/strong>. El juicio cerr\u00f3 con un fallo condenatorio que dej\u00f3 conformes a las familias de las v\u00edctimas, y marc\u00f3 el final de un proceso judicial que se extendi\u00f3 por m\u00e1s de un a\u00f1o. Resta conocer cu\u00e1l ser\u00e1 la <strong>pena que impondr\u00e1 el tribunal<\/strong>, lo que se definir\u00e1 en una nueva audiencia.<\/p>\n<div class=\"article__tags\">\n<p>En esta Nota<\/p>\n<\/p><\/div>\n","protected":false},"excerpt":{"rendered":"<p>Un jurado popular declar\u00f3 culpable a Francisco Escalante por el doble homicidio de Antonella Altamirano y Evaristo Saux, ocurrido en marzo de 2023 en la ciudad de Quitilipi. La condena fue resuelta tras dos horas de deliberaci\u00f3n, luego de la exposici\u00f3n de alegatos finales por parte del Ministerio P\u00fablico Fiscal, la querella y la defensa. [&hellip;]<\/p>\n","protected":false},"author":1,"featured_media":110178,"comment_status":"closed","ping_status":"closed","sticky":false,"template":"","format":"standard","meta":[],"categories":[19],"tags":[],"_links":{"self":[{"href":"http:\/\/hoycordobaweb.com\/index.php\/wp-json\/wp\/v2\/posts\/110177"}],"collection":[{"href":"http:\/\/hoycordobaweb.com\/index.php\/wp-json\/wp\/v2\/posts"}],"about":[{"href":"http:\/\/hoycordobaweb.com\/index.php\/wp-json\/wp\/v2\/types\/post"}],"author":[{"embeddable":true,"href":"http:\/\/hoycordobaweb.com\/index.php\/wp-json\/wp\/v2\/users\/1"}],"replies":[{"embeddable":true,"href":"http:\/\/hoycordobaweb.com\/index.php\/wp-json\/wp\/v2\/comments?post=110177"}],"version-history":[{"count":0,"href":"http:\/\/hoycordobaweb.com\/index.php\/wp-json\/wp\/v2\/posts\/110177\/revisions"}],"wp:featuredmedia":[{"embeddable":true,"href":"http:\/\/hoycordobaweb.com\/index.php\/wp-json\/wp\/v2\/media\/110178"}],"wp:attachment":[{"href":"http:\/\/hoycordobaweb.com\/index.php\/wp-json\/wp\/v2\/media?parent=110177"}],"wp:term":[{"taxonomy":"category","embeddable":true,"href":"http:\/\/hoycordobaweb.com\/index.php\/wp-json\/wp\/v2\/categories?post=110177"},{"taxonomy":"post_tag","embeddable":true,"href":"http:\/\/hoycordobaweb.com\/index.php\/wp-json\/wp\/v2\/tags?post=110177"}],"curies":[{"name":"wp","href":"https:\/\/api.w.org\/{rel}","templated":true}]}}