{"id":110163,"date":"2025-07-06T12:27:53","date_gmt":"2025-07-06T12:27:53","guid":{"rendered":"https:\/\/www.mujerhoy.com\/moda\/no-te-pierdas\/alexandra-hannover-leccion-estilo-montecarlo-vestido-flores-historia-familiar-sassa-osma-20250706133028-nt.html"},"modified":"2025-07-06T12:27:53","modified_gmt":"2025-07-06T12:27:53","slug":"alexandra-de-hannover-da-una-leccion-de-estilo-en-montecarlo-con-el-vestido-de-flores-que-tiene-una-curiosa-historia-detras","status":"publish","type":"post","link":"http:\/\/hoycordobaweb.com\/index.php\/2025\/07\/06\/alexandra-de-hannover-da-una-leccion-de-estilo-en-montecarlo-con-el-vestido-de-flores-que-tiene-una-curiosa-historia-detras\/","title":{"rendered":"Alexandra de Hannover da una lecci\u00f3n de estilo en Montecarlo con el vestido de flores que tiene una curiosa historia detr\u00e1s"},"content":{"rendered":"<p><!-- AUTHOR --><\/p>\n<div class=\"voc-author-timesocial \">\n<!-- AUTHOR --><\/p>\n<div class=\"voc-author-timesocial__signature \">\n<!-- IMAGE AUTHOR -->\n<picture class=\"voc-image-signature\">\n<img class=\"voc-image-signature__img\" src=\"http:\/\/hoycordobaweb.com\/wp-content\/uploads\/2025\/07\/alexandra-de-hannover-da-una-leccion-de-estilo-en-montecarlo-con-el-vestido-de-flores-que-tiene-una-curiosa-historia-detras.jpg\" alt=\"Elena Romero Vargas\">\n<\/picture>\n<!-- INFO AUTHOR --> <\/div><\/div>\n<p><!-- COMPONENTS --><\/p>\n<p class=\"voc-paragraph\">Si Carolina de M\u00f3naco es considerada <a href=\"https:\/\/www.mujerhoy.com\/moda\/tendencias\/carolina-monaco-66-anos-mejores-looks-elegante-espectacular-20240122124440-nt.html\" data-voc-vtm-id=\"in-text-traffic\" title=\"una de las mujeres m\u00e1s elegantes de la realeza europea\" data-mrf-link=\"www.mujerhoy.com\">una de las mujeres m\u00e1s elegantes de la realeza europea<\/a> y Carlota Casiraghi, <a href=\"https:\/\/www.mujerhoy.com\/moda\/no-te-pierdas\/carlota-casiraghi-look-diario-vaqueros-zapatos-tacon-comodo-20240124110647-nt.html\" data-voc-vtm-id=\"in-text-traffic\" title=\"la mejor sucesora de su estilo\" data-mrf-link=\"www.mujerhoy.com\">la mejor sucesora de su estilo<\/a>, <strong>Alexandra de Hannover<\/strong>, la hija peque\u00f1a de la princesa con Ernesto de Hannover, no se queda atr\u00e1s. La benjamina ha demostrado seguir los pasos de su madre y de su hermana en el gusto por la moda <a href=\"https:\/\/www.mujerhoy.com\/moda\/no-te-pierdas\/alexandra-hannover-look-princesa-vestido-gala-rosa-madrid-20250605113019-nt.html\" data-voc-vtm-id=\"in-text-traffic\" title=\"con resultados de gran \u00e9xito\" data-mrf-link=\"www.mujerhoy.com\">con resultados de gran \u00e9xito<\/a>.<\/p>\n<p class=\"voc-paragraph\">La \u00faltima vez que ha hecho gala de ello ha sido en el <strong>Longines Jumping International<\/strong>, un evento de renombre en el mundo ecuestre que se celebra en el Port Hercule de Montecarlo y al que ha asistido junto a su madre, su hermana y su novio, <a href=\"https:\/\/www.mujerhoy.com\/celebrities\/realeza\/ben-sylvester-strautmann-quien-es-novio-alexandra-hannover-yerno-carolina-monaco-doble-vida-engano-traicion-20220827182434-nt.html\" data-voc-vtm-id=\"in-text-traffic\" title=\"Ben Sylvester Strautmann\" data-mrf-link=\"www.mujerhoy.com\">Ben Sylvester Strautmann<\/a>. Para la ocasi\u00f3n, Alexandra ha escogido un look rom\u00e1ntico y veraniego que, adem\u00e1s, tiene una curiosa historia familiar detr\u00e1s.<\/p>\n<div class=\"v-c-cmp v-c-cmp--t1 \">\n<div class=\"v-cmp-rld v-cmp-rld--2 \">\n<div class=\"v-cnt-m v-cnt-m--m\">\n<div class=\"v-cnt-m__c\">\n<div class=\"v-cnt-m__w v-cnt-m__w--1\">\n<p class=\"v-cnt-m__t\">\nTAMBI\u00c9N TE INTERESA\n<\/p>\n<\/div>\n<\/div>\n<\/div>\n<div class=\"v-g v-g--2-c v-g--bdr-min-xs\">\n<div class=\"v-g__c \">\n<article class=\"v-a v-a--cmp-rld v-a--cmp-rld-2 v-a--p-l\">\n<div class=\"v-a-img-c\">\n<figure class=\"v-a-fig\">\n<a href=\"https:\/\/www.mujerhoy.com\/moda\/no-te-pierdas\/alexandra-hannover-look-copia-carolina-monaco-arrasa-instagram-20250114111640-nt.html#vtm_modulosEngag=mod-rel:moda:noticia:1:cmp:2-not\" class=\"v-a-link\" title=\"El original look de Alexandra de Hannover inspirado en Carolina de M\u00f3naco que ha arrasado en Instagram\"><br \/>\n<img loading=\"lazy\" class=\"v-a-img\" src=\"http:\/\/hoycordobaweb.com\/wp-content\/uploads\/2025\/07\/alexandra-de-hannover-da-una-leccion-de-estilo-en-montecarlo-con-el-vestido-de-flores-que-tiene-una-curiosa-historia-detras-1.jpg\" alt=\"El original look de Alexandra de Hannover inspirado en Carolina de M\u00f3naco que ha arrasado en Instagram\"><br \/>\n<\/a><br \/>\n<\/figure>\n<\/div>\n<\/article>\n<\/div>\n<div class=\"v-g__c \">\n<article class=\"v-a v-a--cmp-rld v-a--cmp-rld-2 v-a--p-l\">\n<div class=\"v-a-img-c\">\n<figure class=\"v-a-fig\">\n<a href=\"https:\/\/www.mujerhoy.com\/moda\/no-te-pierdas\/el-estilo-de-alexandra-hannover-20240817125301-nt.html#vtm_modulosEngag=mod-rel:moda:noticia:2:cmp:2-not\" class=\"v-a-link\" title=\"Alexandra de Hannover, la versi\u00f3n m\u00e1s cool de la Generaci\u00f3n Z: de las blusas bohemias y las gafas de lujo, al ch\u00e1ndal para pasear por Saint Tropez\"><br \/>\n<img loading=\"lazy\" class=\"v-a-img\" src=\"http:\/\/hoycordobaweb.com\/wp-content\/uploads\/2025\/07\/alexandra-de-hannover-da-una-leccion-de-estilo-en-montecarlo-con-el-vestido-de-flores-que-tiene-una-curiosa-historia-detras-2.jpg\" alt=\"Alexandra de Hannover, la versi\u00f3n m\u00e1s cool de la Generaci\u00f3n Z: de las blusas bohemias y las gafas de lujo, al ch\u00e1ndal para pasear por Saint Tropez\"><br \/>\n<\/a><br \/>\n<\/figure>\n<\/div>\n<\/article>\n<\/div>\n<\/div>\n<\/div>\n<\/div>\n<p class=\"voc-paragraph\">En este evento el <strong>dresscode estival chic <\/strong>ha sido la m\u00e1xima que han seguido las tres royals. Carolina de M\u00f3naco ha optado por un vestido suelto y desenfadado, pero muy elegante, con estampado geom\u00e9trico, escote de pico y mangas abullonadas. Por su parte, Carlota Casiraghi se ha mantenido fiel a <a href=\"https:\/\/www.mujerhoy.com\/moda\/no-te-pierdas\/carlota-casiraghi-vestido-nupcial-chanel-paris-inspiracion-novias-20250310125817-nt.html\" data-voc-vtm-id=\"in-text-traffic\" title=\"su idilio con Chanel\" data-mrf-link=\"www.mujerhoy.com\">su idilio con Chanel<\/a> con un vestido de manga corta en color azul que le sienta de cine.<\/p>\n<div class=\"v-c-cmp v-c-cmp--s\">\n<div class=\"v-cmp-m \">\n<article class=\"v-a v-a--cmp-m v-c-cmp--m-z\">\n<div class=\"v-a-img-c \">\n<div class=\"v-a-fig\">\n<button class=\"v-a-link\" popovertarget=\"photo-96\"><br \/>\n<img loading=\"lazy\" src=\"http:\/\/hoycordobaweb.com\/wp-content\/uploads\/2025\/07\/alexandra-de-hannover-da-una-leccion-de-estilo-en-montecarlo-con-el-vestido-de-flores-que-tiene-una-curiosa-historia-detras-3.jpg\" class=\"v-a-img\" width=\"650\" height=\"650\" alt=\"Carolina de M\u00f3naco, Alexandra de Hannover y Carlota Casiraghi en el Longines Jumping International en Montecarlo\" data-voc-vtm-id=\"in-text-traffic\"> <\/button><figcaption class=\"v-fc\">\n<span class=\"v-fc__t\"><br \/>\nCarolina de M\u00f3naco, Alexandra de Hannover y Carlota Casiraghi en el Longines Jumping International en Montecarlo<br \/>\n<\/span><br \/>\n<span class=\"v-fc__p\"><br \/>\nGTRES<br \/>\n<\/span><br \/>\n<\/figcaption><\/div>\n<\/div>\n<div id=\"photo-96\" popover class=\"v-mdl v-mdl--fw\">\n<button class=\"v-x\" popovertarget=\"photo-96\" popovertargetaction=\"hide\"><br \/>\n<span class=\"v-i\"><br \/>\n<svg width=\"24\" height=\"23.996\" viewBox=\"0 0 24 23.996\">\n<path data-name=\"Uni\u00f3n 29\" d=\"M12,14.03,2.031,24,0,21.963,9.968,12,0,2.033,2.031,0,12,9.966,21.969,0,24,2.033,14.032,12,24,21.963,21.969,24Z\" \/>\n<\/svg><br \/>\n<\/span><br \/>\n<\/button><\/p>\n<div class=\"v-mdl__c\">\n<div class=\"v-mdl__w\">\n<img loading=\"lazy\" src=\"http:\/\/hoycordobaweb.com\/wp-content\/uploads\/2025\/07\/alexandra-de-hannover-da-una-leccion-de-estilo-en-montecarlo-con-el-vestido-de-flores-que-tiene-una-curiosa-historia-detras-3.jpg\" class=\"v-mdl__img-z\" width=\"650\" height=\"650\" alt>\n<\/div>\n<\/div>\n<\/div>\n<p><span class=\"v-bdp\"><\/span><br \/>\n<\/article>\n<\/div>\n<\/div>\n<p class=\"voc-paragraph\">La elecci\u00f3n de Alexandra de Hannover se ha inclinado hacia uno de los estampados estrellas del verano, <strong>las flores<\/strong>, que ha defendido en un vestido muy rom\u00e1ntico y femenino que no le puede sentar mejor. Se trata de una prenda en tonos verdes y amarillos con frunces de nido de abeja en el pecho y tirantes anchos con lazos.<\/p>\n<p class=\"voc-paragraph\">Sin embargo, m\u00e1s all\u00e1 de c\u00f3mo sea el vestido, lo curioso de la elecci\u00f3n de la hija peque\u00f1a de Carolina de M\u00f3naco es de d\u00f3nde es la prenda. Y es que se trata, nada menos, que de un <strong>modelo de Philippa1970<\/strong>, la marca de ropa made in Spain de la que es socia su cu\u00f1ada, Sassa de Osma, y que ella misma llev\u00f3 primero.<\/p>\n<p class=\"voc-paragraph\">No es la primera vez que Alexandra de Hannover apuesta por una creaci\u00f3n de la firma de <a href=\"https:\/\/www.mujerhoy.com\/celebrities\/realeza\/sassa-osma-christian-hannover-historia-amor-padre-polemica-boda-hijos-20230315143911-nt.html\" data-voc-vtm-id=\"in-text-traffic\" title=\"la mujer de su hermano, Christian de Hannover\" data-mrf-link=\"www.mujerhoy.com\">la mujer de su hermano, Christian de Hannover<\/a>. Ya la vimos con otro de los vestidos de Philippa1970 <a href=\"https:\/\/www.mujerhoy.com\/moda\/no-te-pierdas\/alexandra-hannover-vestido-estampado-firma-espanola-lleva-reina-letizia-20240707124159-nt.html\" data-voc-vtm-id=\"in-text-traffic\" title=\"el verano pasado en el mismo evento\" data-mrf-link=\"www.mujerhoy.com\">el verano pasado en el mismo evento<\/a>. Y no es de extra\u00f1ar, pues la firma de Sassa de Osma se ha posicionado como <strong>una de las favoritas de la realeza<\/strong>, conquistando incluso <a href=\"https:\/\/www.mujerhoy.com\/moda\/no-te-pierdas\/marca-vestidos-estampados-favorita-famosas-reina-letizia-20230621072522-nt.html\" data-voc-vtm-id=\"in-text-traffic\" title=\"el guardarropa de la reina Letizia\" data-mrf-link=\"www.mujerhoy.com\">el guardarropa de la reina Letizia<\/a>.<\/p>\n<div class=\"v-c-cmp v-c-cmp--s\">\n<div class=\"v-cmp-m \">\n<article class=\"v-a v-a--cmp-m v-c-cmp--m-z\">\n<div class=\"v-a-img-c \">\n<div class=\"v-a-fig\">\n<button class=\"v-a-link\" popovertarget=\"photo-510\"><br \/>\n<img loading=\"lazy\" src=\"http:\/\/hoycordobaweb.com\/wp-content\/uploads\/2025\/07\/alexandra-de-hannover-da-una-leccion-de-estilo-en-montecarlo-con-el-vestido-de-flores-que-tiene-una-curiosa-historia-detras-4.jpg\" class=\"v-a-img\" width=\"650\" height=\"650\" alt=\"Sassa de Osma con el vestido de Philippa1970 que ha llevado Alexandra de Hannover\" data-voc-vtm-id=\"in-text-traffic\"> <\/button><figcaption class=\"v-fc\">\n<span class=\"v-fc__t\"><br \/>\nSassa de Osma con el vestido de Philippa1970 que ha llevado Alexandra de Hannover<br \/>\n<\/span><br \/>\n<span class=\"v-fc__p\"><br \/>\n@sassadeo<br \/>\n<\/span><br \/>\n<\/figcaption><\/div>\n<\/div>\n<div id=\"photo-510\" popover class=\"v-mdl v-mdl--fw\">\n<button class=\"v-x\" popovertarget=\"photo-510\" popovertargetaction=\"hide\"><br \/>\n<span class=\"v-i\"><br \/>\n<svg width=\"24\" height=\"23.996\" viewBox=\"0 0 24 23.996\">\n<path data-name=\"Uni\u00f3n 29\" d=\"M12,14.03,2.031,24,0,21.963,9.968,12,0,2.033,2.031,0,12,9.966,21.969,0,24,2.033,14.032,12,24,21.963,21.969,24Z\" \/>\n<\/svg><br \/>\n<\/span><br \/>\n<\/button><\/p>\n<div class=\"v-mdl__c\">\n<div class=\"v-mdl__w\">\n<img loading=\"lazy\" src=\"http:\/\/hoycordobaweb.com\/wp-content\/uploads\/2025\/07\/alexandra-de-hannover-da-una-leccion-de-estilo-en-montecarlo-con-el-vestido-de-flores-que-tiene-una-curiosa-historia-detras-4.jpg\" class=\"v-mdl__img-z\" width=\"650\" height=\"650\" alt>\n<\/div>\n<\/div>\n<\/div>\n<p><span class=\"v-bdp\"><\/span><br \/>\n<\/article>\n<\/div>\n<\/div>\n<p><h3 class=\"v-cmp-suh\">\nEl vestido de verano que Alexandra de Hannover comparte con Sassa de Osma<br \/>\n<\/h3>\n<\/p>\n<p class=\"voc-paragraph\">El vestido con estampado floral que ha llevado la hermana peque\u00f1a de Carlota Casiraghi lo vimos <strong>hace apenas una semana en la propia Sassa de Osma<\/strong>, quien lo luci\u00f3 con tintes m\u00e1s veraniegos en Menorca. En esta ocasi\u00f3n, lo combin\u00f3 con un capazo precioso y cangrejeras metalizadas, una opci\u00f3n de lo m\u00e1s acertada para una noche en la isla.<\/p>\n<p class=\"voc-paragraph\">No nos extra\u00f1a que ambas cu\u00f1adas se hayan decantado por la misma prenda para un evento de verano, pues es un vestido que <strong>cumple perfectamente con los requisitos de la temporada<\/strong> y que, adem\u00e1s, no necesita mucho para hacerte ver elegante. Adem\u00e1s del detalle del nido de abeja en el pecho que favorece la figura, es un vestido largo con cortes en la falda fluida y un peque\u00f1o volante en el bajo que potencian este efecto estilizador que tan bien sienta.<\/p>\n<p class=\"voc-paragraph\">Se trata del <strong>modelo Melody en amarillo verdoso<\/strong>. Combina a la perfecci\u00f3n la elegancia cl\u00e1sica con un toque juvenil que es siempre agradecido en verano. Su precio es de 240\u20ac, pero es toda una inversi\u00f3n si buscas una prenda de fondo de armario que no solo no pase de moda, sino que te haga lucir bien vestida en los eventos m\u00e1s especiales del verano. Sin duda, y a las pruebas nos remitimos, una elecci\u00f3n perfecta para lucir como las royals con m\u00e1s estilo.<\/p>\n<div class=\"v-c-cmp v-c-cmp--t1 \">\n<div class=\"v-cmp-rld v-cmp-rld--2 \">\n<div class=\"v-cnt-m v-cnt-m--m\">\n<div class=\"v-cnt-m__c\">\n<div class=\"v-cnt-m__w v-cnt-m__w--1\">\n<p class=\"v-cnt-m__t\">\nNO TE PIERDAS\n<\/p>\n<\/div>\n<\/div>\n<\/div>\n<div class=\"v-g v-g--2-c v-g--bdr-min-xs\">\n<div class=\"v-g__c \">\n<article class=\"v-a v-a--cmp-rld v-a--cmp-rld-2 v-a--p-l\">\n<div class=\"v-a-img-c\">\n<figure class=\"v-a-fig\">\n<a href=\"https:\/\/www.mujerhoy.com\/moda\/no-te-pierdas\/alexandra-hannover-vestido-alta-costura-baile-de-la-rosa-giambattista-valli-espectacular-20250330093707-nt.html#vtm_modulosEngag=mod-rel:moda:noticia:1:cmp:2-not\" class=\"v-a-link\" title=\"Alexandra de Hannover, espectacular, con un vestido de Alta Costura en el Baile de la Rosa: de Giambattista Valli y con detalles rom\u00e1nticos\"><br \/>\n<img loading=\"lazy\" class=\"v-a-img\" src=\"http:\/\/hoycordobaweb.com\/wp-content\/uploads\/2025\/07\/alexandra-de-hannover-da-una-leccion-de-estilo-en-montecarlo-con-el-vestido-de-flores-que-tiene-una-curiosa-historia-detras-5.jpg\" alt=\"Alexandra de Hannover, espectacular, con un vestido de Alta Costura en el Baile de la Rosa: de Giambattista Valli y con detalles rom\u00e1nticos\"><br \/>\n<\/a><br \/>\n<\/figure>\n<\/div>\n<\/article>\n<\/div>\n<div class=\"v-g__c \">\n<article class=\"v-a v-a--cmp-rld v-a--cmp-rld-2 v-a--p-l\">\n<div class=\"v-a-img-c\">\n<figure class=\"v-a-fig\">\n<a href=\"https:\/\/www.mujerhoy.com\/moda\/no-te-pierdas\/alexandra-hannover-bolso-que-hay-prada-vintage-carolina-monaco-20250423113612-nt.html#vtm_modulosEngag=mod-rel:moda:noticia:2:cmp:2-not\" class=\"v-a-link\" title=\"Qu\u00e9 hay en el bolso de una royal de M\u00f3naco: Alexandra de Hannover ense\u00f1a lo que siempre lleva con ella\"><br \/>\n<img loading=\"lazy\" class=\"v-a-img\" src=\"http:\/\/hoycordobaweb.com\/wp-content\/uploads\/2025\/07\/alexandra-de-hannover-da-una-leccion-de-estilo-en-montecarlo-con-el-vestido-de-flores-que-tiene-una-curiosa-historia-detras-6.jpg\" alt=\"Qu\u00e9 hay en el bolso de una royal de M\u00f3naco: Alexandra de Hannover ense\u00f1a lo que siempre lleva con ella\"><br \/>\n<\/a><br \/>\n<\/figure>\n<\/div>\n<\/article>\n<\/div>\n<\/div>\n<\/div>\n<\/div>\n<div class=\"media_block\"><\/div>\n","protected":false},"excerpt":{"rendered":"<p>Si Carolina de M\u00f3naco es considerada una de las mujeres m\u00e1s elegantes de la realeza europea y Carlota Casiraghi, la mejor sucesora de su estilo, Alexandra de Hannover, la hija peque\u00f1a de la princesa con Ernesto de Hannover, no se queda atr\u00e1s. La benjamina ha demostrado seguir los pasos de su madre y de su [&hellip;]<\/p>\n","protected":false},"author":1,"featured_media":110164,"comment_status":"closed","ping_status":"closed","sticky":false,"template":"","format":"standard","meta":[],"categories":[],"tags":[],"_links":{"self":[{"href":"http:\/\/hoycordobaweb.com\/index.php\/wp-json\/wp\/v2\/posts\/110163"}],"collection":[{"href":"http:\/\/hoycordobaweb.com\/index.php\/wp-json\/wp\/v2\/posts"}],"about":[{"href":"http:\/\/hoycordobaweb.com\/index.php\/wp-json\/wp\/v2\/types\/post"}],"author":[{"embeddable":true,"href":"http:\/\/hoycordobaweb.com\/index.php\/wp-json\/wp\/v2\/users\/1"}],"replies":[{"embeddable":true,"href":"http:\/\/hoycordobaweb.com\/index.php\/wp-json\/wp\/v2\/comments?post=110163"}],"version-history":[{"count":0,"href":"http:\/\/hoycordobaweb.com\/index.php\/wp-json\/wp\/v2\/posts\/110163\/revisions"}],"wp:featuredmedia":[{"embeddable":true,"href":"http:\/\/hoycordobaweb.com\/index.php\/wp-json\/wp\/v2\/media\/110164"}],"wp:attachment":[{"href":"http:\/\/hoycordobaweb.com\/index.php\/wp-json\/wp\/v2\/media?parent=110163"}],"wp:term":[{"taxonomy":"category","embeddable":true,"href":"http:\/\/hoycordobaweb.com\/index.php\/wp-json\/wp\/v2\/categories?post=110163"},{"taxonomy":"post_tag","embeddable":true,"href":"http:\/\/hoycordobaweb.com\/index.php\/wp-json\/wp\/v2\/tags?post=110163"}],"curies":[{"name":"wp","href":"https:\/\/api.w.org\/{rel}","templated":true}]}}