{"id":110074,"date":"2025-07-05T14:00:13","date_gmt":"2025-07-05T14:00:13","guid":{"rendered":"https:\/\/www.trendencias.com\/tendencias\/rebajas-zara-siete-faldas-largas-30-euros-que-estan-arrasando-pijas-madrilenas"},"modified":"2025-07-05T14:00:13","modified_gmt":"2025-07-05T14:00:13","slug":"rebajas-en-zara-siete-faldas-largas-por-menos-de-30-euros-que-estan-arrasando-entre-las-pijas-madrilenas","status":"publish","type":"post","link":"http:\/\/hoycordobaweb.com\/index.php\/2025\/07\/05\/rebajas-en-zara-siete-faldas-largas-por-menos-de-30-euros-que-estan-arrasando-entre-las-pijas-madrilenas\/","title":{"rendered":"Rebajas en Zara: siete faldas largas por menos de 30 euros que est\u00e1n arrasando entre las pijas madrile\u00f1as"},"content":{"rendered":"<p>En las <strong>rebajas de Zara <\/strong>estoy encontrando verdaderos tesoros. Los \u00faltimos flechazos han sido estas faldas largas cargadas de estilazo, perfectas para protagonizar los mejores<em> looks<\/em> del verano. Modelos de diferentes siluetas y tejidos que parecen reci\u00e9n llegadas de una pasarela.<\/p>\n<p><!-- BREAK 1 --> <\/p>\n<p><strong>Las faldas <\/strong><em><strong>midi <\/strong><\/em><strong>o maxi <\/strong>se han convertido en la perfecta alternativa al cl\u00e1sico vestido, una apuesta muy acertada para jugar con diferentes combinaciones y conseguir estilismos sublimes.<strong> Ligeras, c\u00f3modas, estilosas y muy vers\u00e1tiles,<\/strong> son una de las prendas m\u00e1s acertadas para lucir con <em>looks <\/em>de d\u00eda y de noche, una inversi\u00f3n a la que sacarle el m\u00e1ximo partido durante toda la temporada estival.<\/p>\n<p><!-- BREAK 2 --><\/p>\n<p>Me quedo con estos<strong> siete dise\u00f1os de tendencia por menos de 30 euros <\/strong>que se pueden lucir de muchas formas para llevar en distintos momentos del d\u00eda, seg\u00fan la ocasi\u00f3n: con sandalias de m\u00e1s o menos tac\u00f3n, con camisa, camisetas b\u00e1sicas o con tops lenceros, y con una gran variedad de accesorios. Lucir\u00e1s estilismos envidiables.<\/p>\n<p><!-- BREAK 3 --> <\/p>\n<div class=\"article-asset-image article-asset-normal article-asset-center\">\n<div class=\"asset-content\"> <img class=\"centro_sinmarco\" height=\"3072\" width=\"2048\" loading=\"lazy\" decoding=\"async\" sizes=\"100vw\" fetchpriority=\"high\" srcset=\"http:\/\/hoycordobaweb.com\/wp-content\/uploads\/2025\/07\/rebajas-en-zara-siete-faldas-largas-por-menos-de-30-euros-que-estan-arrasando-entre-las-pijas-madrilenas.jpg 450w, http:\/\/hoycordobaweb.com\/wp-content\/uploads\/2025\/07\/rebajas-en-zara-siete-faldas-largas-por-menos-de-30-euros-que-estan-arrasando-entre-las-pijas-madrilenas-8.jpg 681w, http:\/\/hoycordobaweb.com\/wp-content\/uploads\/2025\/07\/rebajas-en-zara-siete-faldas-largas-por-menos-de-30-euros-que-estan-arrasando-entre-las-pijas-madrilenas-9.jpg 1024w, http:\/\/hoycordobaweb.com\/wp-content\/uploads\/2025\/07\/rebajas-en-zara-siete-faldas-largas-por-menos-de-30-euros-que-estan-arrasando-entre-las-pijas-madrilenas-10.jpg 1366w\" src=\"http:\/\/hoycordobaweb.com\/wp-content\/uploads\/2025\/07\/rebajas-en-zara-siete-faldas-largas-por-menos-de-30-euros-que-estan-arrasando-entre-las-pijas-madrilenas.jpg\" alt=\"Falda de Zara en rebajas\"> <noscript><img alt=\"Falda de Zara en rebajas\" class=\"centro_sinmarco\" src=\"http:\/\/hoycordobaweb.com\/wp-content\/uploads\/2025\/07\/rebajas-en-zara-siete-faldas-largas-por-menos-de-30-euros-que-estan-arrasando-entre-las-pijas-madrilenas.jpg\"><\/noscript> <\/div>\n<\/div>\n<p>Falda larga plisada en uno de los colores de moda m\u00e1s coquetos y rom\u00e1nticos: el azul beb\u00e9. Un dise\u00f1o elegante para combinar con blanco o negro. Su precio es de 25,95 euros y ahora es de <a rel=\"noopener, noreferrer\" href=\"https:\/\/www.zara.com\/es\/es\/falda-midi-plisada-p05029102.html?v1=441128782&amp;v2=2581575\">15,99 euros.<\/a><\/p>\n<p><!-- BREAK 4 --><\/p>\n<div class=\"article-asset-image article-asset-normal article-asset-center\">\n<div class=\"asset-content\"> <img class=\"centro_sinmarco\" height=\"3072\" width=\"2048\" loading=\"lazy\" decoding=\"async\" sizes=\"100vw\" fetchpriority=\"high\" srcset=\"http:\/\/hoycordobaweb.com\/wp-content\/uploads\/2025\/07\/rebajas-en-zara-siete-faldas-largas-por-menos-de-30-euros-que-estan-arrasando-entre-las-pijas-madrilenas-1.jpg 450w, http:\/\/hoycordobaweb.com\/wp-content\/uploads\/2025\/07\/rebajas-en-zara-siete-faldas-largas-por-menos-de-30-euros-que-estan-arrasando-entre-las-pijas-madrilenas-11.jpg 681w, http:\/\/hoycordobaweb.com\/wp-content\/uploads\/2025\/07\/rebajas-en-zara-siete-faldas-largas-por-menos-de-30-euros-que-estan-arrasando-entre-las-pijas-madrilenas-12.jpg 1024w, http:\/\/hoycordobaweb.com\/wp-content\/uploads\/2025\/07\/rebajas-en-zara-siete-faldas-largas-por-menos-de-30-euros-que-estan-arrasando-entre-las-pijas-madrilenas-13.jpg 1366w\" src=\"http:\/\/hoycordobaweb.com\/wp-content\/uploads\/2025\/07\/rebajas-en-zara-siete-faldas-largas-por-menos-de-30-euros-que-estan-arrasando-entre-las-pijas-madrilenas-1.jpg\" alt=\"Falda de Zara en rebajas\"> <noscript><img alt=\"Falda de Zara en rebajas\" class=\"centro_sinmarco\" src=\"http:\/\/hoycordobaweb.com\/wp-content\/uploads\/2025\/07\/rebajas-en-zara-siete-faldas-largas-por-menos-de-30-euros-que-estan-arrasando-entre-las-pijas-madrilenas-1.jpg\"><\/noscript> <\/div>\n<\/div>\n<p>Otra versi\u00f3n de falda plisada, este vez combinada, es este modelo tan original y cargada de estilo en blanco roto. Ideal para lucir un <em>total look <\/em>al tono o con negro y lucir un <em>outfit minimal<\/em> perfecto. Su precio es de 39,95 euros y ahora es de <a rel=\"noopener, noreferrer\" href=\"https:\/\/www.zara.com\/es\/es\/falda-combinada-plisada-punto-p04192016.html?v1=448534475&amp;v2=2581575\">25,99 euros.<\/a><\/p>\n<p><!-- BREAK 5 --><\/p>\n<div class=\"article-asset-image article-asset-normal article-asset-center\">\n<div class=\"asset-content\"> <img class=\"centro_sinmarco\" height=\"3072\" width=\"2048\" loading=\"lazy\" decoding=\"async\" sizes=\"100vw\" fetchpriority=\"high\" srcset=\"http:\/\/hoycordobaweb.com\/wp-content\/uploads\/2025\/07\/rebajas-en-zara-siete-faldas-largas-por-menos-de-30-euros-que-estan-arrasando-entre-las-pijas-madrilenas-2.jpg 450w, http:\/\/hoycordobaweb.com\/wp-content\/uploads\/2025\/07\/rebajas-en-zara-siete-faldas-largas-por-menos-de-30-euros-que-estan-arrasando-entre-las-pijas-madrilenas-14.jpg 681w, http:\/\/hoycordobaweb.com\/wp-content\/uploads\/2025\/07\/rebajas-en-zara-siete-faldas-largas-por-menos-de-30-euros-que-estan-arrasando-entre-las-pijas-madrilenas-15.jpg 1024w, http:\/\/hoycordobaweb.com\/wp-content\/uploads\/2025\/07\/rebajas-en-zara-siete-faldas-largas-por-menos-de-30-euros-que-estan-arrasando-entre-las-pijas-madrilenas-16.jpg 1366w\" src=\"http:\/\/hoycordobaweb.com\/wp-content\/uploads\/2025\/07\/rebajas-en-zara-siete-faldas-largas-por-menos-de-30-euros-que-estan-arrasando-entre-las-pijas-madrilenas-2.jpg\" alt=\"Falda de Zara en rebajas\"> <noscript><img alt=\"Falda de Zara en rebajas\" class=\"centro_sinmarco\" src=\"http:\/\/hoycordobaweb.com\/wp-content\/uploads\/2025\/07\/rebajas-en-zara-siete-faldas-largas-por-menos-de-30-euros-que-estan-arrasando-entre-las-pijas-madrilenas-2.jpg\"><\/noscript> <\/div>\n<\/div>\n<p>Si te gustan los<em> looks <\/em>cargados de color, esta falda es una apuesta muy acertada. Un modelo <em>midi <\/em>de tiro alto, confeccionada en hilatura de algod\u00f3n y de l\u00ednea <em>evas\u00e9<\/em> con un toque <em>vintage.<\/em> Una elecci\u00f3n ideal para lucir de la ma\u00f1ana a la noche, y combinada con prendas de arriba monocolor en negro, rosa, blanco o amarillo. Su precio es de 39,95 euros y ahora es de <a rel=\"noopener, noreferrer\" href=\"https:\/\/www.zara.com\/es\/es\/falda-midi-estampada-zw-collection-p02183048.html?v1=462155649&amp;v2=2581575\">25,99 euros.<\/a><\/p>\n<p><!-- BREAK 6 --> <\/p>\n<div class=\"article-asset-image article-asset-normal article-asset-center\">\n<div class=\"asset-content\"> <img class=\"centro_sinmarco\" height=\"3072\" width=\"2048\" loading=\"lazy\" decoding=\"async\" sizes=\"100vw\" fetchpriority=\"high\" srcset=\"http:\/\/hoycordobaweb.com\/wp-content\/uploads\/2025\/07\/rebajas-en-zara-siete-faldas-largas-por-menos-de-30-euros-que-estan-arrasando-entre-las-pijas-madrilenas-3.jpg 450w, http:\/\/hoycordobaweb.com\/wp-content\/uploads\/2025\/07\/rebajas-en-zara-siete-faldas-largas-por-menos-de-30-euros-que-estan-arrasando-entre-las-pijas-madrilenas-17.jpg 681w, http:\/\/hoycordobaweb.com\/wp-content\/uploads\/2025\/07\/rebajas-en-zara-siete-faldas-largas-por-menos-de-30-euros-que-estan-arrasando-entre-las-pijas-madrilenas-18.jpg 1024w, http:\/\/hoycordobaweb.com\/wp-content\/uploads\/2025\/07\/rebajas-en-zara-siete-faldas-largas-por-menos-de-30-euros-que-estan-arrasando-entre-las-pijas-madrilenas-19.jpg 1366w\" src=\"http:\/\/hoycordobaweb.com\/wp-content\/uploads\/2025\/07\/rebajas-en-zara-siete-faldas-largas-por-menos-de-30-euros-que-estan-arrasando-entre-las-pijas-madrilenas-3.jpg\" alt=\"Falda de Zara en rebajas\"> <noscript><img alt=\"Falda de Zara en rebajas\" class=\"centro_sinmarco\" src=\"http:\/\/hoycordobaweb.com\/wp-content\/uploads\/2025\/07\/rebajas-en-zara-siete-faldas-largas-por-menos-de-30-euros-que-estan-arrasando-entre-las-pijas-madrilenas-3.jpg\"><\/noscript> <\/div>\n<\/div>\n<p>Ideal esta falda ajustada de tejido con mezcla de encaje y detalles de strass. Un dise\u00f1o beige para lucir con sandalias planas por el d\u00eda o de taconazo por la noche y un <em>top<\/em> lencero o <em>top crop <\/em>monocolor. Su precio es de 29,95 euros y ahora es de <a rel=\"noopener, noreferrer\" href=\"https:\/\/www.zara.com\/es\/es\/falda-drapeada-encaje-strass-p04813339.html?v1=456011113&amp;v2=2581575\">15,99 euros.<\/a><\/p>\n<p><!-- BREAK 7 --><\/p>\n<div class=\"article-asset-image article-asset-normal article-asset-center\">\n<div class=\"asset-content\"> <img class=\"centro_sinmarco\" height=\"3072\" width=\"2048\" loading=\"lazy\" decoding=\"async\" sizes=\"100vw\" fetchpriority=\"high\" srcset=\"http:\/\/hoycordobaweb.com\/wp-content\/uploads\/2025\/07\/rebajas-en-zara-siete-faldas-largas-por-menos-de-30-euros-que-estan-arrasando-entre-las-pijas-madrilenas-4.jpg 450w, http:\/\/hoycordobaweb.com\/wp-content\/uploads\/2025\/07\/rebajas-en-zara-siete-faldas-largas-por-menos-de-30-euros-que-estan-arrasando-entre-las-pijas-madrilenas-20.jpg 681w, http:\/\/hoycordobaweb.com\/wp-content\/uploads\/2025\/07\/rebajas-en-zara-siete-faldas-largas-por-menos-de-30-euros-que-estan-arrasando-entre-las-pijas-madrilenas-21.jpg 1024w, http:\/\/hoycordobaweb.com\/wp-content\/uploads\/2025\/07\/rebajas-en-zara-siete-faldas-largas-por-menos-de-30-euros-que-estan-arrasando-entre-las-pijas-madrilenas-22.jpg 1366w\" src=\"http:\/\/hoycordobaweb.com\/wp-content\/uploads\/2025\/07\/rebajas-en-zara-siete-faldas-largas-por-menos-de-30-euros-que-estan-arrasando-entre-las-pijas-madrilenas-4.jpg\" alt=\"Falda de Zara en rebajas\"> <noscript><img alt=\"Falda de Zara en rebajas\" class=\"centro_sinmarco\" src=\"http:\/\/hoycordobaweb.com\/wp-content\/uploads\/2025\/07\/rebajas-en-zara-siete-faldas-largas-por-menos-de-30-euros-que-estan-arrasando-entre-las-pijas-madrilenas-4.jpg\"><\/noscript> <\/div>\n<\/div>\n<p>Rom\u00e1ntica y coqueta, as\u00ed es esta falda midi de estampado de flores rosas sobre fondo blanco que me recuerda a los veranos en Italia. Un dise\u00f1o muy elegante que combina muy bien con rosa o blanco. Su precio es de 35,95 euros y ahora es de <a rel=\"noopener, noreferrer\" href=\"https:\/\/www.zara.com\/es\/es\/falda-capa-midi-popelin-p05029087.html?v1=438405641&amp;v2=2581575\">25,99 euros.<\/a><\/p>\n<p><!-- BREAK 8 --><\/p>\n<div class=\"article-asset-image article-asset-normal article-asset-center\">\n<div class=\"asset-content\"> <img class=\"centro_sinmarco\" height=\"3072\" width=\"2048\" loading=\"lazy\" decoding=\"async\" sizes=\"100vw\" fetchpriority=\"high\" srcset=\"http:\/\/hoycordobaweb.com\/wp-content\/uploads\/2025\/07\/rebajas-en-zara-siete-faldas-largas-por-menos-de-30-euros-que-estan-arrasando-entre-las-pijas-madrilenas-5.jpg 450w, http:\/\/hoycordobaweb.com\/wp-content\/uploads\/2025\/07\/rebajas-en-zara-siete-faldas-largas-por-menos-de-30-euros-que-estan-arrasando-entre-las-pijas-madrilenas-23.jpg 681w, http:\/\/hoycordobaweb.com\/wp-content\/uploads\/2025\/07\/rebajas-en-zara-siete-faldas-largas-por-menos-de-30-euros-que-estan-arrasando-entre-las-pijas-madrilenas-24.jpg 1024w, http:\/\/hoycordobaweb.com\/wp-content\/uploads\/2025\/07\/rebajas-en-zara-siete-faldas-largas-por-menos-de-30-euros-que-estan-arrasando-entre-las-pijas-madrilenas-25.jpg 1366w\" src=\"http:\/\/hoycordobaweb.com\/wp-content\/uploads\/2025\/07\/rebajas-en-zara-siete-faldas-largas-por-menos-de-30-euros-que-estan-arrasando-entre-las-pijas-madrilenas-5.jpg\" alt=\"Falda de Zara en rebajas\"> <noscript><img alt=\"Falda de Zara en rebajas\" class=\"centro_sinmarco\" src=\"http:\/\/hoycordobaweb.com\/wp-content\/uploads\/2025\/07\/rebajas-en-zara-siete-faldas-largas-por-menos-de-30-euros-que-estan-arrasando-entre-las-pijas-madrilenas-5.jpg\"><\/noscript> <\/div>\n<\/div>\n<p>Sofisticada falda de talle alto, en color negro con estampado de maxi flores en rojo, amarillo y blanco. Un modelo muy sofisticado para lucir con una prenda de arriba en negro o cualquiera de los colores de la falda. Su precio es de 49,95 euros y ahora es de <a rel=\"noopener, noreferrer\" href=\"https:\/\/www.zara.com\/es\/es\/falda-estampada-zw-collection-p03042137.html?v1=450613665&amp;v2=2581575\">29,99 euros.<\/a><\/p>\n<p><!-- BREAK 9 --><\/p>\n<div class=\"article-asset-image article-asset-normal article-asset-center\">\n<div class=\"asset-content\"> <img class=\"centro_sinmarco\" height=\"3072\" width=\"2048\" loading=\"lazy\" decoding=\"async\" sizes=\"100vw\" fetchpriority=\"high\" srcset=\"http:\/\/hoycordobaweb.com\/wp-content\/uploads\/2025\/07\/rebajas-en-zara-siete-faldas-largas-por-menos-de-30-euros-que-estan-arrasando-entre-las-pijas-madrilenas-6.jpg 450w, http:\/\/hoycordobaweb.com\/wp-content\/uploads\/2025\/07\/rebajas-en-zara-siete-faldas-largas-por-menos-de-30-euros-que-estan-arrasando-entre-las-pijas-madrilenas-26.jpg 681w, http:\/\/hoycordobaweb.com\/wp-content\/uploads\/2025\/07\/rebajas-en-zara-siete-faldas-largas-por-menos-de-30-euros-que-estan-arrasando-entre-las-pijas-madrilenas-27.jpg 1024w, http:\/\/hoycordobaweb.com\/wp-content\/uploads\/2025\/07\/rebajas-en-zara-siete-faldas-largas-por-menos-de-30-euros-que-estan-arrasando-entre-las-pijas-madrilenas-28.jpg 1366w\" src=\"http:\/\/hoycordobaweb.com\/wp-content\/uploads\/2025\/07\/rebajas-en-zara-siete-faldas-largas-por-menos-de-30-euros-que-estan-arrasando-entre-las-pijas-madrilenas-6.jpg\" alt=\"Falda de Zara en rebajas\"> <noscript><img alt=\"Falda de Zara en rebajas\" class=\"centro_sinmarco\" src=\"http:\/\/hoycordobaweb.com\/wp-content\/uploads\/2025\/07\/rebajas-en-zara-siete-faldas-largas-por-menos-de-30-euros-que-estan-arrasando-entre-las-pijas-madrilenas-6.jpg\"><\/noscript> <\/div>\n<\/div>\n<p>Maxi falda semi-transparente de encaje azul, sensual, c\u00f3moda y estilosa, para combinar con una camiseta b\u00e1sica de algod\u00f3n en blanco o negro. Su precio es de 29,95 euros y ahora es de <a rel=\"noopener, noreferrer\" href=\"https:\/\/www.zara.com\/es\/es\/falda-larga-encaje-p01058157.html?v1=425639563&amp;v2=2581575\">15,99 euros.<\/a><\/p>\n<p><!-- BREAK 10 --> <\/p>\n<p>Foto de portada | <a rel=\"noopener, noreferrer\" href=\"https:\/\/www.zara.com\/es\/es\/falda-estampada-zw-collection-p03042137.html?v1=450613665&amp;v2=2581575\">Zara<\/a><\/p>\n<p>En Trendencias | <a class=\"text-outboundlink\" href=\"https:\/\/www.trendencias.com\/eventos\/cuando-empiezan-rebajas-verano-inditex-mango-h-m-corte-ingles\" data-vars-post-title=\"Cu\u00e1ndo empiezan las rebajas de verano 2025 en Zara, Mango, H&amp;M, El Corte Ingl\u00e9s y m\u00e1s\" data-vars-post-url=\"https:\/\/www.trendencias.com\/eventos\/cuando-empiezan-rebajas-verano-inditex-mango-h-m-corte-ingles\">Cu\u00e1ndo empiezan las rebajas de verano 2025 en Zara, Mango, H&amp;M, El Corte Ingl\u00e9s y m\u00e1s<\/a><\/p>\n<p>En Trendencias | <a class=\"text-outboundlink\" href=\"https:\/\/www.trendencias.com\/propuestas-y-consejos\/gafas-graduadas-que-seran-tendencia-2023-modelos-retro-marcaran-pauta\" data-vars-post-title=\"Gafas graduadas que son tendencia en 2025: los modelos futuristas se hacen fuertes\" data-vars-post-url=\"https:\/\/www.trendencias.com\/propuestas-y-consejos\/gafas-graduadas-que-seran-tendencia-2023-modelos-retro-marcaran-pauta\">Gafas graduadas que son tendencia en 2025: los modelos retro marcan la pauta<\/a><\/p>\n<p>En Trendencias | <a class=\"text-outboundlink\" href=\"https:\/\/www.trendencias.com\/festivales\/low-festival-2022-todo-que-se-sabe-cartel-entradas-horarios\" data-vars-post-title=\"Low Festival 2025: todo lo que se sabe sobre el cartel, las entradas y los horarios\" data-vars-post-url=\"https:\/\/www.trendencias.com\/festivales\/low-festival-2022-todo-que-se-sabe-cartel-entradas-horarios\">Low Festival 2025: todo lo que se sabe sobre el cartel, las entradas y los horarios<\/a><\/p>\n","protected":false},"excerpt":{"rendered":"<p>En las rebajas de Zara estoy encontrando verdaderos tesoros. Los \u00faltimos flechazos han sido estas faldas largas cargadas de estilazo, perfectas para protagonizar los mejores looks del verano. Modelos de diferentes siluetas y tejidos que parecen reci\u00e9n llegadas de una pasarela. Las faldas midi o maxi se han convertido en la perfecta alternativa al cl\u00e1sico [&hellip;]<\/p>\n","protected":false},"author":1,"featured_media":110075,"comment_status":"closed","ping_status":"closed","sticky":false,"template":"","format":"standard","meta":[],"categories":[],"tags":[],"_links":{"self":[{"href":"http:\/\/hoycordobaweb.com\/index.php\/wp-json\/wp\/v2\/posts\/110074"}],"collection":[{"href":"http:\/\/hoycordobaweb.com\/index.php\/wp-json\/wp\/v2\/posts"}],"about":[{"href":"http:\/\/hoycordobaweb.com\/index.php\/wp-json\/wp\/v2\/types\/post"}],"author":[{"embeddable":true,"href":"http:\/\/hoycordobaweb.com\/index.php\/wp-json\/wp\/v2\/users\/1"}],"replies":[{"embeddable":true,"href":"http:\/\/hoycordobaweb.com\/index.php\/wp-json\/wp\/v2\/comments?post=110074"}],"version-history":[{"count":0,"href":"http:\/\/hoycordobaweb.com\/index.php\/wp-json\/wp\/v2\/posts\/110074\/revisions"}],"wp:featuredmedia":[{"embeddable":true,"href":"http:\/\/hoycordobaweb.com\/index.php\/wp-json\/wp\/v2\/media\/110075"}],"wp:attachment":[{"href":"http:\/\/hoycordobaweb.com\/index.php\/wp-json\/wp\/v2\/media?parent=110074"}],"wp:term":[{"taxonomy":"category","embeddable":true,"href":"http:\/\/hoycordobaweb.com\/index.php\/wp-json\/wp\/v2\/categories?post=110074"},{"taxonomy":"post_tag","embeddable":true,"href":"http:\/\/hoycordobaweb.com\/index.php\/wp-json\/wp\/v2\/tags?post=110074"}],"curies":[{"name":"wp","href":"https:\/\/api.w.org\/{rel}","templated":true}]}}