{"id":110050,"date":"2025-07-04T14:20:35","date_gmt":"2025-07-04T14:20:35","guid":{"rendered":"https:\/\/ladecimaweb.com\/?p=32564"},"modified":"2025-07-04T14:20:35","modified_gmt":"2025-07-04T14:20:35","slug":"un-efectivo-resulta-lesionado-al-ser-embestido-por-un-automovilista-en-un-control-municipal","status":"publish","type":"post","link":"http:\/\/hoycordobaweb.com\/index.php\/2025\/07\/04\/un-efectivo-resulta-lesionado-al-ser-embestido-por-un-automovilista-en-un-control-municipal\/","title":{"rendered":"Un efectivo resulta lesionado al ser embestido por un automovilista en un control municipal"},"content":{"rendered":"<div class=\"boldgrid-section\">\n<div class=\"container\">\n<div class=\"row\">\n<div class=\"col-md-12 col-xs-12 col-sm-12\">\n<p class=\"\">Desde Bv. San Juan &amp; Obispo Trejo de <strong>B\u00b0 Nueva C\u00f3rdoba<\/strong> hasta el Policl\u00ednico Policial, fue trasladado en las \u00faltimas horas por un servicio de emergencias un <strong>efectivo policial (personal retirado) con traumatismo de cr\u00e1neo leve<\/strong>, tras ser embestido por un autom\u00f3vil en un control municipal.<\/p>\n<p class=\"\">El efectivo se encontraba de servicio adicional, junto a personal de la Subdirecci\u00f3n de Control de Transporte de la Municipalidad, realizando controles a veh\u00edculos de trasporte de pasajeros, momento en el que fue embestido por el conductor de un autom\u00f3vil marca Toyota Corolla.<\/p>\n<p class=\"\">El conductor evadi\u00f3 el control y huy\u00f3 del lugar.<\/p>\n<p class=\"\">&nbsp;<\/p>\n<p>&nbsp;<\/p>\n<\/div>\n<\/div>\n<\/div>\n<\/div>\n<p>La entrada <a rel=\"nofollow\" href=\"https:\/\/ladecimaweb.com\/un-efectivo-resulta-lesionado-al-ser-embestido-por-un-automovilista-en-un-control-municipal\/\">Un efectivo resulta lesionado al ser embestido por un automovilista en un control municipal<\/a> se public\u00f3 primero en <a rel=\"nofollow\" href=\"https:\/\/ladecimaweb.com\">LaDecima<\/a>.<\/p>\n","protected":false},"excerpt":{"rendered":"<p>Desde Bv. San Juan &amp; Obispo Trejo de B\u00b0 Nueva C\u00f3rdoba hasta el Policl\u00ednico Policial, fue trasladado en las \u00faltimas horas por un servicio de emergencias un efectivo policial (personal retirado) con traumatismo de cr\u00e1neo leve, tras ser embestido por un autom\u00f3vil en un control municipal. El efectivo se encontraba de servicio adicional, junto a [&hellip;]<\/p>\n","protected":false},"author":1,"featured_media":0,"comment_status":"closed","ping_status":"closed","sticky":false,"template":"","format":"standard","meta":[],"categories":[32],"tags":[],"_links":{"self":[{"href":"http:\/\/hoycordobaweb.com\/index.php\/wp-json\/wp\/v2\/posts\/110050"}],"collection":[{"href":"http:\/\/hoycordobaweb.com\/index.php\/wp-json\/wp\/v2\/posts"}],"about":[{"href":"http:\/\/hoycordobaweb.com\/index.php\/wp-json\/wp\/v2\/types\/post"}],"author":[{"embeddable":true,"href":"http:\/\/hoycordobaweb.com\/index.php\/wp-json\/wp\/v2\/users\/1"}],"replies":[{"embeddable":true,"href":"http:\/\/hoycordobaweb.com\/index.php\/wp-json\/wp\/v2\/comments?post=110050"}],"version-history":[{"count":0,"href":"http:\/\/hoycordobaweb.com\/index.php\/wp-json\/wp\/v2\/posts\/110050\/revisions"}],"wp:attachment":[{"href":"http:\/\/hoycordobaweb.com\/index.php\/wp-json\/wp\/v2\/media?parent=110050"}],"wp:term":[{"taxonomy":"category","embeddable":true,"href":"http:\/\/hoycordobaweb.com\/index.php\/wp-json\/wp\/v2\/categories?post=110050"},{"taxonomy":"post_tag","embeddable":true,"href":"http:\/\/hoycordobaweb.com\/index.php\/wp-json\/wp\/v2\/tags?post=110050"}],"curies":[{"name":"wp","href":"https:\/\/api.w.org\/{rel}","templated":true}]}}