{"id":109969,"date":"2025-07-03T22:51:17","date_gmt":"2025-07-03T22:51:17","guid":{"rendered":"https:\/\/www.ole.com.ar\/futbol-internacional\/inglaterra\/heinze-arsenal-premierleague-arteta_0_RZIGF1KEJm.html"},"modified":"2025-07-03T22:51:17","modified_gmt":"2025-07-03T22:51:17","slug":"heinze-va-a-dirigir-en-la-premier-league","status":"publish","type":"post","link":"http:\/\/hoycordobaweb.com\/index.php\/2025\/07\/03\/heinze-va-a-dirigir-en-la-premier-league\/","title":{"rendered":"Heinze va a dirigir en la Premier League"},"content":{"rendered":"<p><img src=\"http:\/\/hoycordobaweb.com\/wp-content\/uploads\/2025\/07\/heinze-va-a-dirigir-en-la-premier-league.jpg\"><\/p>\n<p><time class=\"createDate\" datetime=\"2025-07-03T19:51:17-03:00\">03\/07\/2025 19:51hs.<\/time><\/p>\n<div id=\"storyBody\">\n<div class=\"custom-text \" readability=\"36.682464454976\">\n<p><strong><a href=\"https:\/\/www.ole.com.ar\/tema\/gabriel-heinze.html\" title=\"Gabriel Heinze\" alt=\"Gabriel Heinze\" class=\"slug\">Gabriel Heinze<\/a> vuelve a trabajar tras su desvinculaci\u00f3n de Newell&#8217;s<\/strong>, producida en diciembre de 2023. <strong>El Gringo dirigir\u00e1 en la <a href=\"https:\/\/www.ole.com.ar\/tema\/premier-league.html\" title=\"Premier League\" alt=\"Premier League\" class=\"slug\">Premier League<\/a>: ser\u00e1 ayudante de campo del espa\u00f1ol Mikel Arteta <\/strong>en el <a href=\"https:\/\/www.ole.com.ar\/tema\/arsenal-fc.html\" title=\"Arsenal FC\" alt=\"Arsenal FC\" class=\"slug\">Arsenal<\/a>. El espa\u00f1ol, tras la salida de Carlos Cuesta (al Parma), buscaba al Gringo, con quien tiene una muy buena relaci\u00f3n personal, ya que ambos fueron compa\u00f1eros en el Paris Saint-Germain durante la temporada 2001-02.<\/p>\n<\/div>\n<div class=\"custom-text \" readability=\"36\">\n<p>Arteta siempre valor\u00f3 positivamente a Heinze como una de sus inspiraciones durante su tiempo en el PSG, junto a Mauricio Pochettino, se\u00f1alando que ambos lo guiaron en su desarrollo profesional y en su comprensi\u00f3n del juego. Esto influye en su decisi\u00f3n de incorporar a Heinze al cuerpo t\u00e9cnico.<\/p>\n<\/div>\n<div class=\"sc-e7b891c4-0 ifHnQL image-embed\"><img alt=\"Arteta en el Arsenal.\" loading=\"lazy\" width=\"720\" height=\"100\" decoding=\"async\" data-nimg=\"1\" src=\"http:\/\/hoycordobaweb.com\/wp-content\/uploads\/2025\/07\/heinze-va-a-dirigir-en-la-premier-league-2.jpg\"><span class=\"epigraphe\">Arteta en el Arsenal.<\/span><\/div>\n<div class=\"custom-text \" readability=\"36\">\n<p>La informaci\u00f3n de la incorporaci\u00f3n de Heinze al cuerpo t\u00e9cnico de los Gunners fue difundida por el periodista David Orstein en el sitio The Athetic. Aunque no se especifica el rol exacto de Heinze en el staff, su incorporaci\u00f3n se da en un momento en que Arsenal busca reforzar su cuerpo t\u00e9cnico. Por su experiencia como defensor y entrenador se espera que aporte conocimientos t\u00e1cticos y liderazgo al equipo.<\/p>\n<\/div>\n<div class=\"custom-text \" readability=\"37\">\n<p>Esto se produce en un momento en que Arsenal est\u00e1 ajustando su plantilla y cuerpo t\u00e9cnico para la temporada 2025-26, con el objetivo de mantenerse competitivo en la Premier League y competiciones europeas. La llegada de Heinze se suma a otros movimientos del club, como la incorporaci\u00f3n de jugadores como Christian Norgaard y Kepa Arrizabalaga.<\/p>\n<\/div>\n<div class=\"sc-e7b891c4-0 ifHnQL image-embed\"><img alt=\"Heinze y Arteta junto al periodista rosarino Gonzalo Calvigioni, en una imagen que difundi\u00f3 el comunicador en X, tras un partido en el Bernab\u00e9u.\" loading=\"lazy\" width=\"720\" height=\"100\" decoding=\"async\" data-nimg=\"1\" src=\"http:\/\/hoycordobaweb.com\/wp-content\/uploads\/2025\/07\/heinze-va-a-dirigir-en-la-premier-league-3.jpg\"><span class=\"epigraphe\">Heinze y Arteta junto al periodista rosarino Gonzalo Calvigioni, en una imagen que difundi\u00f3 el comunicador en X, tras un partido en el Bernab\u00e9u.<\/span><\/div>\n<p><h2><strong>Heinze como entrenador<\/strong><\/h2>\n<\/p>\n<div class=\"custom-text \" readability=\"38.776758409786\">\n<p>Heinze, de 47 a\u00f1os, arranc\u00f3 en la Primera Divisi\u00f3n de <a href=\"https:\/\/www.ole.com.ar\/tema\/godoy-cruz.html\" title=\"Godoy Cruz\" alt=\"Godoy Cruz\" class=\"slug\">Godoy Cruz<\/a>, luego pas\u00f3 a Argentinos Juniors y consigui\u00f3 el ascenso a Primera Divisi\u00f3n con una campa\u00f1a muy eficaz. Tambi\u00e9n, condujo a V\u00e9lez y logr\u00f3 una base de puntos que lo mantuvo en Primera. Tras pasar un semestre por el Atlanta United, fue a la Lepra rosarina.<\/p>\n<\/div>\n<div class=\"sc-a7166897-0 eoLsBE\" readability=\"6.5\">\n<section readability=\"3\"><picture><img alt=\"Se vienen los cuartos de final del Mundial de Clubes: cu\u00e1ndo y a qu\u00e9 hora se juegan los partidos\" loading=\"lazy\" width=\"290\" height=\"290\" decoding=\"async\" data-nimg=\"1\" src=\"http:\/\/hoycordobaweb.com\/wp-content\/uploads\/2025\/07\/heinze-va-a-dirigir-en-la-premier-league-4.jpg\"><\/picture>\n<p><span>Mir\u00e1 tambi\u00e9n<\/span><\/p>\n<hr>\n<h3>Se vienen los cuartos de final del Mundial de Clubes: cu\u00e1ndo y a qu\u00e9 hora se juegan los partidos<\/h3>\n<\/p>\n<\/section>\n<\/div>\n<div class=\"sc-a7166897-0 eoLsBE\" readability=\"6\">\n<section readability=\"2\"><picture><img alt=\"Los millones que le entrar\u00edan a Boca si se concreta la venta de Retegui a Arabia\" loading=\"lazy\" width=\"290\" height=\"290\" decoding=\"async\" data-nimg=\"1\" src=\"http:\/\/hoycordobaweb.com\/wp-content\/uploads\/2025\/07\/heinze-va-a-dirigir-en-la-premier-league-5.jpg\"><\/picture>\n<p><span>Mir\u00e1 tambi\u00e9n<\/span><\/p>\n<hr>\n<h3>Los millones que le entrar\u00edan a Boca si se concreta la venta de Retegui a Arabia<\/h3>\n<\/p>\n<\/section>\n<\/div>\n<\/div>\n","protected":false},"excerpt":{"rendered":"<p>03\/07\/2025 19:51hs. Gabriel Heinze vuelve a trabajar tras su desvinculaci\u00f3n de Newell&#8217;s, producida en diciembre de 2023. El Gringo dirigir\u00e1 en la Premier League: ser\u00e1 ayudante de campo del espa\u00f1ol Mikel Arteta en el Arsenal. El espa\u00f1ol, tras la salida de Carlos Cuesta (al Parma), buscaba al Gringo, con quien tiene una muy buena relaci\u00f3n [&hellip;]<\/p>\n","protected":false},"author":1,"featured_media":109970,"comment_status":"open","ping_status":"closed","sticky":false,"template":"","format":"standard","meta":[],"categories":[16],"tags":[],"_links":{"self":[{"href":"http:\/\/hoycordobaweb.com\/index.php\/wp-json\/wp\/v2\/posts\/109969"}],"collection":[{"href":"http:\/\/hoycordobaweb.com\/index.php\/wp-json\/wp\/v2\/posts"}],"about":[{"href":"http:\/\/hoycordobaweb.com\/index.php\/wp-json\/wp\/v2\/types\/post"}],"author":[{"embeddable":true,"href":"http:\/\/hoycordobaweb.com\/index.php\/wp-json\/wp\/v2\/users\/1"}],"replies":[{"embeddable":true,"href":"http:\/\/hoycordobaweb.com\/index.php\/wp-json\/wp\/v2\/comments?post=109969"}],"version-history":[{"count":0,"href":"http:\/\/hoycordobaweb.com\/index.php\/wp-json\/wp\/v2\/posts\/109969\/revisions"}],"wp:featuredmedia":[{"embeddable":true,"href":"http:\/\/hoycordobaweb.com\/index.php\/wp-json\/wp\/v2\/media\/109970"}],"wp:attachment":[{"href":"http:\/\/hoycordobaweb.com\/index.php\/wp-json\/wp\/v2\/media?parent=109969"}],"wp:term":[{"taxonomy":"category","embeddable":true,"href":"http:\/\/hoycordobaweb.com\/index.php\/wp-json\/wp\/v2\/categories?post=109969"},{"taxonomy":"post_tag","embeddable":true,"href":"http:\/\/hoycordobaweb.com\/index.php\/wp-json\/wp\/v2\/tags?post=109969"}],"curies":[{"name":"wp","href":"https:\/\/api.w.org\/{rel}","templated":true}]}}