{"id":109967,"date":"2025-07-03T23:02:30","date_gmt":"2025-07-03T23:02:30","guid":{"rendered":"https:\/\/www.ole.com.ar\/futbol-internacional\/pavard-inter-padel-controversia_0_OPCAujMTye.html"},"modified":"2025-07-03T23:02:30","modified_gmt":"2025-07-03T23:02:30","slug":"pavard-fue-visto-jugando-al-padel-a-dias-de-su-ausencia-en-el-mundial-de-clubes-por-lesion","status":"publish","type":"post","link":"http:\/\/hoycordobaweb.com\/index.php\/2025\/07\/03\/pavard-fue-visto-jugando-al-padel-a-dias-de-su-ausencia-en-el-mundial-de-clubes-por-lesion\/","title":{"rendered":"Pavard fue visto jugando al p\u00e1del a d\u00edas de su ausencia en el Mundial de Clubes por lesi\u00f3n"},"content":{"rendered":"<p><img src=\"http:\/\/hoycordobaweb.com\/wp-content\/uploads\/2025\/07\/pavard-fue-visto-jugando-al-padel-a-dias-de-su-ausencia-en-el-mundial-de-clubes-por-lesion.jpg\"><\/p>\n<p><time class=\"createDate\" datetime=\"2025-07-03T20:02:30-03:00\">03\/07\/2025 20:02hs.<\/time><\/p>\n<div id=\"storyBody\">\n<div class=\"custom-text \" readability=\"35.883777239709\">\n<p>Como si no fueran suficientes los problemas que ya tiene el <strong><a href=\"https:\/\/www.ole.com.ar\/tema\/internazionale.html\" title=\"Internazionale\" alt=\"Internazionale\" class=\"slug\">Inter,<\/a><\/strong> ahora se suma uno m\u00e1s. Mientras se encuentra ausente del <strong><a href=\"https:\/\/www.ole.com.ar\/tema\/mundial-de-clubes.html\" title=\"Mundial de Clubes\" alt=\"Mundial de Clubes\" class=\"slug\">Mundial de Clubes<\/a><\/strong> por una lesi\u00f3n en el tobillo, <strong>Benjamin Pavard fue visto participando de un torneo de p\u00e1del junto a sus amigos.<\/strong> En las im\u00e1genes, tambi\u00e9n aparece su compatriota Theo Hern\u00e1ndez. Todo esto mientras el Inter a\u00fan intenta digerir la dura eliminaci\u00f3n frente a Fluminense.<\/p>\n<\/div>\n<div class=\"custom-text \" readability=\"40.25\">\n<p><strong>\u00abNo quiero perder, porque luchamos por objetivos. El mensaje es claro: quien quiera quedarse, que se quede. Quien quiera irse, que se vaya\u00bb.<\/strong> As\u00ed de contundente fue <strong><a href=\"https:\/\/www.ole.com.ar\/tema\/lautaro-martinez.html\" title=\"Lautaro Mart\u00ednez\" alt=\"Lautaro Mart\u00ednez\" class=\"slug\">Lautaro Mart\u00ednez,<\/a><\/strong> capit\u00e1n del Inter, tras la temprana eliminaci\u00f3n frente al equipo brasile\u00f1o en los octavos de final del certamen continental. Sus palabras resonaron con fuerza en el vestuario y, tras los hechos recientes, cobran un significado a\u00fan m\u00e1s potente.<\/p>\n<\/div>\n<div class=\"custom-text \" readability=\"42\">\n<p>Pavard fue de los primeros jugadores en abandonar la gira del Inter por Estados Unidos, junto a <strong>Calhanoglu, Bisseck y Zielinski,<\/strong> para volver a Italia y recibir atenci\u00f3n m\u00e9dica. Sin embargo, las nuevas im\u00e1genes que tomaron lugar en Porto Cervo, provocaron la sorpresa de los hinchas y, por supuesto, el descontento por parte de la dirigencia. Uno de los aspectos m\u00e1s llamativos es que que no se observan vendajes en la foto.<\/p>\n<\/div>\n<div class=\"sc-e7b891c4-0 ifHnQL image-embed\"><img alt=\"Pavard y la foto compartida en redes sociales.\" loading=\"lazy\" width=\"720\" height=\"100\" decoding=\"async\" data-nimg=\"1\" src=\"http:\/\/hoycordobaweb.com\/wp-content\/uploads\/2025\/07\/pavard-fue-visto-jugando-al-padel-a-dias-de-su-ausencia-en-el-mundial-de-clubes-por-lesion-2.jpg\"><span class=\"epigraphe\">Pavard y la foto compartida en redes sociales.<\/span><\/div>\n<div class=\"custom-text \" readability=\"37\">\n<p>La foto desat\u00f3 todo tipo de comentarios en la \u00faltima publicaci\u00f3n del defensor campe\u00f3n del mundo. Hinchas del Neroazzurro cuestionaron su decisi\u00f3n y aprovecharon el espacio de los comentarios para lanzar cr\u00edticas y comentarios ir\u00f3nicos como: <strong>\u00ab\u00bfPara el p\u00e1del tu tobillo est\u00e1 bien, no?\u00bb, \u00abLa paleta cura el tobillo\u00bb y \u00abEl p\u00e1del es un milagro: hace desaparecer el dolor de tobillo\u00bb.<\/strong><\/p>\n<\/div>\n<p><h2><strong>El Inter y una interna que arde<\/strong><\/h2>\n<\/p>\n<div class=\"custom-text \" readability=\"38\">\n<p>Luego de las fuertes palabras de Lautaro tras la eliminaci\u00f3n, Cristian Chivu, entrenador del Inter, fue el primero en referirse a las declaraciones del campe\u00f3n del mundo: \u00abSu competitividad se hizo patente. Tenemos much\u00edsimas ganas de ganar. Somos ganadores y eso a veces nos lleva a relucir nuestro orgullo y car\u00e1cter. Y tratamos de transmit\u00edrselo a todos\u00bb.<\/p>\n<\/div>\n<div class=\"custom-text \" readability=\"37.19795221843\">\n<p>Sin embargo, el entrenador rumano no fue el \u00fanico en hablar sobre el tema, y tampoco fue quien dio la respuesta m\u00e1s contundente. <a href=\"https:\/\/www.ole.com.ar\/futbol-internacional\/italia\/lautaro-declaraciones-marotta-calhanoglu-mujer_0_IjeX9ySPWi.html\" target=\"_blank\" title=\"Calhanoglu, compa\u00f1ero lesionado del equipo, contraatac\u00f3 diciendo:\" alt=\"Calhanoglu, compa\u00f1ero lesionado del equipo, contraatac\u00f3 diciendo:\" rel=\"noopener noreferrer\">Calhanoglu, compa\u00f1ero lesionado del equipo, contraatac\u00f3 diciendo:<\/a> \u00abNunca he traicionado esta camiseta. Nunca he dicho que no soy feliz en el Inter. En el pasado recib\u00ed ofertas, incluso muy importantes, pero eleg\u00ed quedarme. Porque s\u00e9 lo que representa esta camiseta. Y creo que mis elecciones hablan por s\u00ed solas. <strong>Aprend\u00ed que el verdadero l\u00edder es el que est\u00e1 al lado de sus compa\u00f1eros, no el que busca un culpable cuando es m\u00e1s f\u00e1cil hacerlo\u00bb.<\/strong><\/p>\n<\/div>\n<div class=\"sc-e7b891c4-0 ifHnQL image-embed\"><img alt=\"Lautaro junto a Calhanoglu, Thuram y Mkhitaryan. (REUTERS\/Alessandro Garofalo TPX IMAGES OF THE DAY)\" loading=\"lazy\" width=\"720\" height=\"100\" decoding=\"async\" data-nimg=\"1\" src=\"http:\/\/hoycordobaweb.com\/wp-content\/uploads\/2025\/07\/pavard-fue-visto-jugando-al-padel-a-dias-de-su-ausencia-en-el-mundial-de-clubes-por-lesion-3.jpg\"><span class=\"epigraphe\">Lautaro junto a Calhanoglu, Thuram y Mkhitaryan. (REUTERS\/Alessandro Garofalo TPX IMAGES OF THE DAY)<\/span><\/div>\n<\/div>\n","protected":false},"excerpt":{"rendered":"<p>03\/07\/2025 20:02hs. Como si no fueran suficientes los problemas que ya tiene el Inter, ahora se suma uno m\u00e1s. Mientras se encuentra ausente del Mundial de Clubes por una lesi\u00f3n en el tobillo, Benjamin Pavard fue visto participando de un torneo de p\u00e1del junto a sus amigos. En las im\u00e1genes, tambi\u00e9n aparece su compatriota Theo [&hellip;]<\/p>\n","protected":false},"author":1,"featured_media":109968,"comment_status":"open","ping_status":"closed","sticky":false,"template":"","format":"standard","meta":[],"categories":[16],"tags":[],"_links":{"self":[{"href":"http:\/\/hoycordobaweb.com\/index.php\/wp-json\/wp\/v2\/posts\/109967"}],"collection":[{"href":"http:\/\/hoycordobaweb.com\/index.php\/wp-json\/wp\/v2\/posts"}],"about":[{"href":"http:\/\/hoycordobaweb.com\/index.php\/wp-json\/wp\/v2\/types\/post"}],"author":[{"embeddable":true,"href":"http:\/\/hoycordobaweb.com\/index.php\/wp-json\/wp\/v2\/users\/1"}],"replies":[{"embeddable":true,"href":"http:\/\/hoycordobaweb.com\/index.php\/wp-json\/wp\/v2\/comments?post=109967"}],"version-history":[{"count":0,"href":"http:\/\/hoycordobaweb.com\/index.php\/wp-json\/wp\/v2\/posts\/109967\/revisions"}],"wp:featuredmedia":[{"embeddable":true,"href":"http:\/\/hoycordobaweb.com\/index.php\/wp-json\/wp\/v2\/media\/109968"}],"wp:attachment":[{"href":"http:\/\/hoycordobaweb.com\/index.php\/wp-json\/wp\/v2\/media?parent=109967"}],"wp:term":[{"taxonomy":"category","embeddable":true,"href":"http:\/\/hoycordobaweb.com\/index.php\/wp-json\/wp\/v2\/categories?post=109967"},{"taxonomy":"post_tag","embeddable":true,"href":"http:\/\/hoycordobaweb.com\/index.php\/wp-json\/wp\/v2\/tags?post=109967"}],"curies":[{"name":"wp","href":"https:\/\/api.w.org\/{rel}","templated":true}]}}