{"id":109959,"date":"2025-07-04T00:14:48","date_gmt":"2025-07-04T00:14:48","guid":{"rendered":"https:\/\/www.ole.com.ar\/seleccion\/sub20-alcudia2025-scaloni-juveniles-placente-sub20-grupob-valencia_0_XaaYH5435i.html"},"modified":"2025-07-04T00:14:48","modified_gmt":"2025-07-04T00:14:48","slug":"la-afa-anuncio-la-participacion-de-argentina-en-el-torneo-sub-20-de-lalcudia","status":"publish","type":"post","link":"http:\/\/hoycordobaweb.com\/index.php\/2025\/07\/04\/la-afa-anuncio-la-participacion-de-argentina-en-el-torneo-sub-20-de-lalcudia\/","title":{"rendered":"La AFA anunci\u00f3 la participaci\u00f3n de Argentina en el torneo Sub 20 de L&#8217;Alc\u00fadia"},"content":{"rendered":"<p><img src=\"http:\/\/hoycordobaweb.com\/wp-content\/uploads\/2025\/07\/la-afa-anuncio-la-participacion-de-argentina-en-el-torneo-sub-20-de-lalcudia.jpg\"><\/p>\n<p><time class=\"createDate\" datetime=\"2025-07-03T21:14:48-03:00\">03\/07\/2025 21:14hs.<\/time><\/p>\n<div id=\"storyBody\">\n<div class=\"custom-text \" readability=\"28.121212121212\">\n<p>Un nuevo desaf\u00edo se presenta para la <strong><a href=\"https:\/\/www.ole.com.ar\/tema\/seleccion-argentina-sub-20.html\" title=\"Selecci\u00f3n Argentina Sub 20\" alt=\"Selecci\u00f3n Argentina Sub 20\" class=\"slug\">Selecci\u00f3n Sub 20<\/a><\/strong> de <strong><a href=\"https:\/\/www.ole.com.ar\/tema\/diego-placente.html\" title=\"Diego Placente\" alt=\"Diego Placente\" class=\"slug\">Diego Placente.<\/a><\/strong> A trav\u00e9s de un comunicado, la <strong><a href=\"https:\/\/www.ole.com.ar\/tema\/afa.html\" title=\"afa\" alt=\"afa\" class=\"slug\">Asociaci\u00f3n del F\u00fatbol Argentino<\/a><\/strong> anunci\u00f3 la participaci\u00f3n del combinado juvenil en la pr\u00f3xima edici\u00f3n del <strong>Torneo de L&#8217;Alcudia 2025,<\/strong> que celebrar\u00e1 su 41\u00aa edici\u00f3n<strong> del 19 al 30 de julio.<\/strong><\/p>\n<\/div>\n<div class=\"custom-text \" readability=\"37.487534626039\">\n<p>Reconocido por haber sido el torneo que marc\u00f3 el inicio de <strong><a href=\"https:\/\/www.ole.com.ar\/tema\/lionel-scaloni.html\" title=\"Lionel Scaloni\" alt=\"Lionel Scaloni\" class=\"slug\">Lionel Scaloni<\/a><\/strong> como entrenador, el certamen se disputar\u00e1 como todos los a\u00f1os en el municipio de La Alcudia, en Valencia. All\u00ed dir\u00e1 presente la Selecci\u00f3n, que estar\u00e1 compuesta por juveniles de la categor\u00eda 2008, muchos de ellos con rodaje en el \u00faltimo Sudamericano Sub 17 disputado en Colombia.<\/p>\n<\/div>\n<div class=\"custom-text \" readability=\"38\">\n<p>La Selecci\u00f3n Argentina formar\u00e1 parte del <strong>Grupo B junto a Chile, ADH Brasil y Valencia<\/strong>. En tanto, el Grupo A estar\u00e1 integrado por <strong>Mauritania, Arabia Saudita, Uruguay y Venezuela.<\/strong> En los pr\u00f3ximos d\u00edas se dar\u00e1 a conocer la n\u00f3mina de jugadores que viajar\u00e1n a Espa\u00f1a para disputar el certamen.<\/p>\n<\/div>\n<div class=\"sc-e7b891c4-0 ifHnQL image-embed\"><img alt=\"La Selecci\u00f3n Argentina formar\u00e1 parte del Grupo B junto a Chile, ADH Brasil y Valencia. (EFE\/ Mauricio Due\u00f1as Casta\u00f1eda)\" loading=\"lazy\" width=\"720\" height=\"100\" decoding=\"async\" data-nimg=\"1\" src=\"http:\/\/hoycordobaweb.com\/wp-content\/uploads\/2025\/07\/la-afa-anuncio-la-participacion-de-argentina-en-el-torneo-sub-20-de-lalcudia-2.jpg\"><span class=\"epigraphe\">La Selecci\u00f3n Argentina formar\u00e1 parte del Grupo B junto a Chile, ADH Brasil y Valencia. (EFE\/ Mauricio Due\u00f1as Casta\u00f1eda)<\/span><\/div>\n<div class=\"custom-text \" readability=\"36\">\n<p>La Selecci\u00f3n Sub 20 llega a esta nueva edici\u00f3n tras haber quedado a un paso de la consagraci\u00f3n el a\u00f1o pasado, <strong>cuando cay\u00f3 en la final por 1-0 ante Uruguay.<\/strong> Aquella derrota frustr\u00f3 la posibilidad del cuarto t\u00edtulo argentino en el torneo y le dio a la Celeste su segunda conquista en la historia del certamen.<\/p>\n<\/div>\n<div class=\"custom-text \" readability=\"41\">\n<p><strong>La \u00faltima consagraci\u00f3n fue en 2022, <\/strong>cuando la Selecci\u00f3n dirigida por Javier Mascherano gole\u00f3 4-0 en la final, justamente ante Uruguay. En ese partido, los goles fueron obra de Agust\u00edn Giay, Ignacio Maestro Puch, Brian Aguirre y Lautaro Ovando. Con ese t\u00edtulo, Argentina alcanz\u00f3 su tercera copa en el torneo de Valencia. <strong>\u00bfSer\u00e1 el momento de sumar la cuarta?<\/strong><\/p>\n<\/div>\n<div class=\"sc-e7b891c4-0 ifHnQL image-embed\"><img alt=\"Scaloni y Aimar en el banco de suplentes de la edici\u00f3n 2018.\" loading=\"lazy\" width=\"720\" height=\"100\" decoding=\"async\" data-nimg=\"1\" src=\"http:\/\/hoycordobaweb.com\/wp-content\/uploads\/2025\/07\/la-afa-anuncio-la-participacion-de-argentina-en-el-torneo-sub-20-de-lalcudia-3.jpg\"><span class=\"epigraphe\">Scaloni y Aimar en el banco de suplentes de la edici\u00f3n 2018.<\/span><\/div>\n<p><h2><strong>El fixture de la Selecci\u00f3n<\/strong><\/h2>\n<\/p>\n<p><h3><strong>S\u00e1bado 19 de julio<\/strong><\/h3>\n<\/p>\n<div class=\"custom-text \" readability=\"32\">\n<p>15.00 Ceremonia inaugural<\/p>\n<\/div>\n<p><h3><strong>Domingo 21 de julio<\/strong><\/h3>\n<\/p>\n<div class=\"custom-text \">\n<p>17.45 Argentina &#8211; Chile<\/p>\n<\/div>\n<p><h3><strong>Mi\u00e9rcoles 23 de julio<\/strong><\/h3>\n<\/p>\n<div class=\"custom-text \" readability=\"32\">\n<p>17.45 Argentina &#8211; Valencia<\/p>\n<\/div>\n<p><h3><strong>Viernes 25 de julio<\/strong><\/h3>\n<\/p>\n<div class=\"custom-text \" readability=\"32\">\n<p>15.30 Argentina &#8211; ADH Brasil<\/p>\n<\/div>\n<p><h3><strong>S\u00e1bado 26 de julio<\/strong><\/h3>\n<\/p>\n<div class=\"custom-text \" readability=\"32\">\n<p>17.30 4t Grup. A &#8211; 4t. Grup B<\/p>\n<\/div>\n<p><h3><strong>Domingo 27 de julio<\/strong><\/h3>\n<\/p>\n<div class=\"custom-text \" readability=\"32\">\n<p>17.30 3r Grup. A &#8211; 3r Grup. B<\/p>\n<\/div>\n<p><h3><strong>Lunes 28 de julio<\/strong><\/h3>\n<\/p>\n<div class=\"custom-text \">\n<p>15.00 <strong>Primera semifinal<\/strong><\/p>\n<\/div>\n<div class=\"custom-text \">\n<p>17.30 <strong>Segunda semifinal<\/strong><\/p>\n<\/div>\n<p><h3><strong>Mi\u00e9rcoles 30 de julio<\/strong><\/h3>\n<\/p>\n<div class=\"custom-text \">\n<p>17.30 <strong>Final<\/strong><\/p>\n<\/div>\n<\/div>\n","protected":false},"excerpt":{"rendered":"<p>03\/07\/2025 21:14hs. Un nuevo desaf\u00edo se presenta para la Selecci\u00f3n Sub 20 de Diego Placente. A trav\u00e9s de un comunicado, la Asociaci\u00f3n del F\u00fatbol Argentino anunci\u00f3 la participaci\u00f3n del combinado juvenil en la pr\u00f3xima edici\u00f3n del Torneo de L&#8217;Alcudia 2025, que celebrar\u00e1 su 41\u00aa edici\u00f3n del 19 al 30 de julio. Reconocido por haber sido [&hellip;]<\/p>\n","protected":false},"author":1,"featured_media":109960,"comment_status":"open","ping_status":"closed","sticky":false,"template":"","format":"standard","meta":[],"categories":[16],"tags":[],"_links":{"self":[{"href":"http:\/\/hoycordobaweb.com\/index.php\/wp-json\/wp\/v2\/posts\/109959"}],"collection":[{"href":"http:\/\/hoycordobaweb.com\/index.php\/wp-json\/wp\/v2\/posts"}],"about":[{"href":"http:\/\/hoycordobaweb.com\/index.php\/wp-json\/wp\/v2\/types\/post"}],"author":[{"embeddable":true,"href":"http:\/\/hoycordobaweb.com\/index.php\/wp-json\/wp\/v2\/users\/1"}],"replies":[{"embeddable":true,"href":"http:\/\/hoycordobaweb.com\/index.php\/wp-json\/wp\/v2\/comments?post=109959"}],"version-history":[{"count":0,"href":"http:\/\/hoycordobaweb.com\/index.php\/wp-json\/wp\/v2\/posts\/109959\/revisions"}],"wp:featuredmedia":[{"embeddable":true,"href":"http:\/\/hoycordobaweb.com\/index.php\/wp-json\/wp\/v2\/media\/109960"}],"wp:attachment":[{"href":"http:\/\/hoycordobaweb.com\/index.php\/wp-json\/wp\/v2\/media?parent=109959"}],"wp:term":[{"taxonomy":"category","embeddable":true,"href":"http:\/\/hoycordobaweb.com\/index.php\/wp-json\/wp\/v2\/categories?post=109959"},{"taxonomy":"post_tag","embeddable":true,"href":"http:\/\/hoycordobaweb.com\/index.php\/wp-json\/wp\/v2\/tags?post=109959"}],"curies":[{"name":"wp","href":"https:\/\/api.w.org\/{rel}","templated":true}]}}