{"id":109877,"date":"2025-07-03T11:56:42","date_gmt":"2025-07-03T11:56:42","guid":{"rendered":"https:\/\/www.mujerhoy.com\/moda\/no-te-pierdas\/novedades-mango-prendas-minimalistas-tonos-neutros-tejidos-ligeros-20250703133812-nt.html"},"modified":"2025-07-03T11:56:42","modified_gmt":"2025-07-03T11:56:42","slug":"las-novedades-de-mango-de-la-semana-prendas-minimalistas-tejidos-ligeros-y-tonos-neutros-para-ir-elegante","status":"publish","type":"post","link":"http:\/\/hoycordobaweb.com\/index.php\/2025\/07\/03\/las-novedades-de-mango-de-la-semana-prendas-minimalistas-tejidos-ligeros-y-tonos-neutros-para-ir-elegante\/","title":{"rendered":"Las novedades de Mango de la semana: prendas minimalistas, tejidos ligeros y tonos neutros para ir elegante"},"content":{"rendered":"<p><!-- AUTHOR --><\/p>\n<div class=\"voc-author-timesocial \">\n<!-- AUTHOR --><\/p>\n<div class=\"voc-author-timesocial__signature \">\n<!-- IMAGE AUTHOR -->\n<picture class=\"voc-image-signature\">\n<img class=\"voc-image-signature__img\" src=\"http:\/\/hoycordobaweb.com\/wp-content\/uploads\/2025\/07\/las-novedades-de-mango-de-la-semana-prendas-minimalistas-tejidos-ligeros-y-tonos-neutros-para-ir-elegante.jpg\" alt=\"Elena Olivero\">\n<\/picture>\n<!-- INFO AUTHOR --> <\/div><\/div>\n<p><!-- COMPONENTS --><\/p>\n<p class=\"voc-paragraph\"><strong>Mango<\/strong> se pone en plan minimalista en su nueva colecci\u00f3n para que tu puedas vestir elegante y sin complicaciones. Los <a href=\"https:\/\/www.mujerhoy.com\/moda\/no-te-pierdas\/vestidos-lino-basico-verano-fondo-armario-20250513074502-nt.html\" target=\"_blank\" data-voc-vtm-id=\"in-text-traffic\" title=\"tonos neutros\" data-mrf-link=\"www.mujerhoy.com\" rel=\"noopener noreferrer\">tonos neutros<\/a> son los favoritos de la firma espa\u00f1ola de moda para protagonizar tu armario de verano. Porque se busca un <a href=\"https:\/\/www.mujerhoy.com\/moda\/no-te-pierdas\/basicos-armario-look-effortless-luxury-zara-20250305072925-nt.html\" target=\"_blank\" data-voc-vtm-id=\"in-text-traffic\" title=\"armario atemporal\" data-mrf-link=\"www.mujerhoy.com\" rel=\"noopener noreferrer\">armario atemporal<\/a>, f\u00e1cil de llevar y sencillo, con <a href=\"https:\/\/www.mujerhoy.com\/moda\/no-te-pierdas\/conjuntos-lino-look-basico-primavera-verano-mango-corte-ingles-20250521133737-nt.html\" target=\"_blank\" data-voc-vtm-id=\"in-text-traffic\" title=\"tejidos frescos\" data-mrf-link=\"www.mujerhoy.com\" rel=\"noopener noreferrer\">tejidos frescos<\/a> y la m\u00e1xima comodidad, pero con mucho estilo.<\/p>\n<p class=\"voc-paragraph\">Y es que no todo es la locura de las rebajas. Tambi\u00e9n hay paz, tranquilidad y calma super representativas del verano como muestra esta propuesta de prendas con las que ir\u00e1s estupenda durante todos estos meses. Los b\u00e1sicos dejar\u00e1n de ser aburridos hace mucho y queda confirmad\u00edsimo en esta <strong>selecci\u00f3n de novedades<\/strong>.<\/p>\n<div class=\"v-c-cmp v-c-cmp--t1 \">\n<div class=\"v-cmp-rld v-cmp-rld--2 \">\n<div class=\"v-cnt-m v-cnt-m--m\">\n<div class=\"v-cnt-m__c\">\n<div class=\"v-cnt-m__w v-cnt-m__w--1\">\n<p class=\"v-cnt-m__t\">\nTAMBI\u00c9N TE INTERESA\n<\/p>\n<\/div>\n<\/div>\n<\/div>\n<div class=\"v-g v-g--2-c v-g--bdr-min-xs\">\n<div class=\"v-g__c \">\n<article class=\"v-a v-a--cmp-rld v-a--cmp-rld-2 v-a--p-l\">\n<div class=\"v-a-img-c\">\n<figure class=\"v-a-fig\">\n<a href=\"https:\/\/www.mujerhoy.com\/moda\/no-te-pierdas\/encontrado-mango-bikini-cuello-halter-super-favorecedor-20250627123014-nt.html#vtm_modulosEngag=mod-rel:moda:noticia:1:cmp:2-not\" class=\"v-a-link\" title=\"He encontrado en Mango este bikini de cuello halter s\u00faper favorecedor\"><br \/>\n<img loading=\"lazy\" class=\"v-a-img\" src=\"http:\/\/hoycordobaweb.com\/wp-content\/uploads\/2025\/07\/las-novedades-de-mango-de-la-semana-prendas-minimalistas-tejidos-ligeros-y-tonos-neutros-para-ir-elegante-1.jpg\" alt=\"He encontrado en Mango este bikini de cuello halter s\u00faper favorecedor\"><br \/>\n<\/a><br \/>\n<\/figure>\n<\/div>\n<\/article>\n<\/div>\n<div class=\"v-g__c \">\n<article class=\"v-a v-a--cmp-rld v-a--cmp-rld-2 v-a--p-l\">\n<div class=\"v-a-img-c\">\n<figure class=\"v-a-fig\">\n<a href=\"https:\/\/www.mujerhoy.com\/moda\/no-te-pierdas\/bolsos-verano-tendencia-mango-20250621111807-nt.html#vtm_modulosEngag=mod-rel:moda:noticia:2:cmp:2-not\" class=\"v-a-link\" title=\"Necesitas estos bolsos de verano si quieres elevar tus looks como una it girl\"><br \/>\n<img loading=\"lazy\" class=\"v-a-img\" src=\"http:\/\/hoycordobaweb.com\/wp-content\/uploads\/2025\/07\/las-novedades-de-mango-de-la-semana-prendas-minimalistas-tejidos-ligeros-y-tonos-neutros-para-ir-elegante-2.jpg\" alt=\"Necesitas estos bolsos de verano si quieres elevar tus looks como una it girl\"><br \/>\n<\/a><br \/>\n<\/figure>\n<\/div>\n<\/article>\n<\/div>\n<\/div>\n<\/div>\n<\/div>\n<div class=\"v-c-cmp v-c-cmp--s\">\n<div class=\"v-cmp-m \">\n<article class=\"v-a v-a--cmp-m v-c-cmp--m-z\">\n<div class=\"v-a-img-c \">\n<div class=\"v-a-fig\">\n<button class=\"v-a-link\" popovertarget=\"photo-671\"><br \/>\n<img loading=\"lazy\" src=\"http:\/\/hoycordobaweb.com\/wp-content\/uploads\/2025\/07\/las-novedades-de-mango-de-la-semana-prendas-minimalistas-tejidos-ligeros-y-tonos-neutros-para-ir-elegante-3.jpg\" class=\"v-a-img\" width=\"650\" height=\"650\" alt=\"Falda larga blanca de ramio con pinzas\" data-voc-vtm-id=\"in-text-traffic\"> <\/button><figcaption class=\"v-fc\">\n<span class=\"v-fc__t\"><br \/>\nFalda larga blanca de ramio con pinzas<br \/>\n<\/span><br \/>\n<span class=\"v-fc__p\"><br \/>\nMANGO<br \/>\n<\/span><br \/>\n<\/figcaption><\/div>\n<\/div>\n<div id=\"photo-671\" popover class=\"v-mdl v-mdl--fw\">\n<button class=\"v-x\" popovertarget=\"photo-671\" popovertargetaction=\"hide\"><br \/>\n<span class=\"v-i\"><br \/>\n<svg width=\"24\" height=\"23.996\" viewBox=\"0 0 24 23.996\">\n<path data-name=\"Uni\u00f3n 29\" d=\"M12,14.03,2.031,24,0,21.963,9.968,12,0,2.033,2.031,0,12,9.966,21.969,0,24,2.033,14.032,12,24,21.963,21.969,24Z\" \/>\n<\/svg><br \/>\n<\/span><br \/>\n<\/button><\/p>\n<div class=\"v-mdl__c\">\n<div class=\"v-mdl__w\">\n<img loading=\"lazy\" src=\"http:\/\/hoycordobaweb.com\/wp-content\/uploads\/2025\/07\/las-novedades-de-mango-de-la-semana-prendas-minimalistas-tejidos-ligeros-y-tonos-neutros-para-ir-elegante-3.jpg\" class=\"v-mdl__img-z\" width=\"650\" height=\"650\" alt>\n<\/div>\n<\/div>\n<\/div>\n<p><span class=\"v-bdp\"><\/span><br \/>\n<\/article>\n<\/div>\n<\/div>\n<p><h3 class=\"v-cmp-suh\">\nFalda larga de ramio (69,99 euros)<br \/>\n<\/h3>\n<\/p>\n<p class=\"voc-paragraph\">La prenda m\u00e1s ic\u00f3nica del verano. Esta <strong>falda color blanco<\/strong> de tejido ligero, c\u00f3modo y fresco ser\u00e1 tu comod\u00edn para vestir bien. Es fluida y con vuelo, m\u00e1s el detalle de las pinzas que le aporta un plus de elegancia al dise\u00f1o y puedes conjuntar con tus <a href=\"https:\/\/www.mujerhoy.com\/moda\/no-te-pierdas\/camisetas-tirantes-basicas-verano-hym-zara-20250626110935-nt.html\" target=\"_blank\" data-voc-vtm-id=\"in-text-traffic\" title=\"camisetas de tirantes\" data-mrf-link=\"www.mujerhoy.com\" rel=\"noopener noreferrer\">camisetas de tirantes<\/a> b\u00e1sicas y brazaletes de verano para seguir la est\u00e9tica minimal por la que apuesta Mango.<\/p>\n<div class=\"v-c-cmp v-c-cmp--s\">\n<div class=\"v-cmp-m \">\n<article class=\"v-a v-a--cmp-m v-c-cmp--m-z\">\n<div class=\"v-a-img-c \">\n<div class=\"v-a-fig\">\n<button class=\"v-a-link\" popovertarget=\"photo-400\"><br \/>\n<img loading=\"lazy\" src=\"http:\/\/hoycordobaweb.com\/wp-content\/uploads\/2025\/07\/las-novedades-de-mango-de-la-semana-prendas-minimalistas-tejidos-ligeros-y-tonos-neutros-para-ir-elegante-4.jpg\" class=\"v-a-img\" width=\"650\" height=\"650\" alt=\"Top con cuello halter cruzado\" data-voc-vtm-id=\"in-text-traffic\"> <\/button><figcaption class=\"v-fc\">\n<span class=\"v-fc__t\"><br \/>\nTop con cuello halter cruzado<br \/>\n<\/span><br \/>\n<span class=\"v-fc__p\"><br \/>\nMANGO<br \/>\n<\/span><br \/>\n<\/figcaption><\/div>\n<\/div>\n<div id=\"photo-400\" popover class=\"v-mdl v-mdl--fw\">\n<button class=\"v-x\" popovertarget=\"photo-400\" popovertargetaction=\"hide\"><br \/>\n<span class=\"v-i\"><br \/>\n<svg width=\"24\" height=\"23.996\" viewBox=\"0 0 24 23.996\">\n<path data-name=\"Uni\u00f3n 29\" d=\"M12,14.03,2.031,24,0,21.963,9.968,12,0,2.033,2.031,0,12,9.966,21.969,0,24,2.033,14.032,12,24,21.963,21.969,24Z\" \/>\n<\/svg><br \/>\n<\/span><br \/>\n<\/button><\/p>\n<div class=\"v-mdl__c\">\n<div class=\"v-mdl__w\">\n<img loading=\"lazy\" src=\"http:\/\/hoycordobaweb.com\/wp-content\/uploads\/2025\/07\/las-novedades-de-mango-de-la-semana-prendas-minimalistas-tejidos-ligeros-y-tonos-neutros-para-ir-elegante-4.jpg\" class=\"v-mdl__img-z\" width=\"650\" height=\"650\" alt>\n<\/div>\n<\/div>\n<\/div>\n<p><span class=\"v-bdp\"><\/span><br \/>\n<\/article>\n<\/div>\n<\/div>\n<p><h3 class=\"v-cmp-suh\">\nTop halter cruzado (25,99 euros)<br \/>\n<\/h3>\n<\/p>\n<p class=\"voc-paragraph\">Ir sofisticada te costar\u00e1 muy poco con un dise\u00f1o as\u00ed. El <strong>cuello halter<\/strong> en una tendencia super popular este verano y confiere al look un halo de elegancia sublime. Para el d\u00eda o para noche, con <a href=\"https:\/\/www.mujerhoy.com\/moda\/no-te-pierdas\/mejores-pantalones-lino-blancos-mujeres-mayores-50-anos-mango-zara-20250618110342-nt.html\" target=\"_blank\" data-voc-vtm-id=\"in-text-traffic\" title=\"pantalones de lino blanco\" data-mrf-link=\"www.mujerhoy.com\" rel=\"noopener noreferrer\">pantalones de lino blanco<\/a> o faldas satinadas, sienta de maravilla. Y un truco extra es combinarlo con joyas doradas para hacerlo ver m\u00e1s lujoso a\u00fan.<\/p>\n<div class=\"v-c-cmp v-c-cmp--s\">\n<div class=\"v-cmp-m \">\n<article class=\"v-a v-a--cmp-m v-c-cmp--m-z\">\n<div class=\"v-a-img-c \">\n<div class=\"v-a-fig\">\n<button class=\"v-a-link\" popovertarget=\"photo-898\"><br \/>\n<img loading=\"lazy\" src=\"http:\/\/hoycordobaweb.com\/wp-content\/uploads\/2025\/07\/las-novedades-de-mango-de-la-semana-prendas-minimalistas-tejidos-ligeros-y-tonos-neutros-para-ir-elegante-5.jpg\" class=\"v-a-img\" width=\"650\" height=\"650\" alt=\"Chaleco de vestir con tirantes\" data-voc-vtm-id=\"in-text-traffic\"> <\/button><figcaption class=\"v-fc\">\n<span class=\"v-fc__t\"><br \/>\nChaleco de vestir con tirantes<br \/>\n<\/span><br \/>\n<span class=\"v-fc__p\"><br \/>\nMANGO<br \/>\n<\/span><br \/>\n<\/figcaption><\/div>\n<\/div>\n<div id=\"photo-898\" popover class=\"v-mdl v-mdl--fw\">\n<button class=\"v-x\" popovertarget=\"photo-898\" popovertargetaction=\"hide\"><br \/>\n<span class=\"v-i\"><br \/>\n<svg width=\"24\" height=\"23.996\" viewBox=\"0 0 24 23.996\">\n<path data-name=\"Uni\u00f3n 29\" d=\"M12,14.03,2.031,24,0,21.963,9.968,12,0,2.033,2.031,0,12,9.966,21.969,0,24,2.033,14.032,12,24,21.963,21.969,24Z\" \/>\n<\/svg><br \/>\n<\/span><br \/>\n<\/button><\/p>\n<div class=\"v-mdl__c\">\n<div class=\"v-mdl__w\">\n<img loading=\"lazy\" src=\"http:\/\/hoycordobaweb.com\/wp-content\/uploads\/2025\/07\/las-novedades-de-mango-de-la-semana-prendas-minimalistas-tejidos-ligeros-y-tonos-neutros-para-ir-elegante-5.jpg\" class=\"v-mdl__img-z\" width=\"650\" height=\"650\" alt>\n<\/div>\n<\/div>\n<\/div>\n<p><span class=\"v-bdp\"><\/span><br \/>\n<\/article>\n<\/div>\n<\/div>\n<p><h3 class=\"v-cmp-suh\">\nChaleco de traje (35,99 euros)<br \/>\n<\/h3>\n<\/p>\n<p class=\"voc-paragraph\">Otro de los <strong>esenciales de la temporada<\/strong> con el que estar fresquita los d\u00edas de calor pero muy bien vestida. Eleva cualquier tipo de parte de abajo, por ejemplo una <a href=\"https:\/\/www.mujerhoy.com\/moda\/no-te-pierdas\/faldas-pareo-tendencia-primavera-verano-mango-corte-ingles-20250531115132-nt.html\" target=\"_blank\" data-voc-vtm-id=\"in-text-traffic\" title=\"falda pareo\" data-mrf-link=\"www.mujerhoy.com\" rel=\"noopener noreferrer\">falda pareo<\/a> con sandalias o el pantal\u00f3n de vestir ancho que viene a conjunto y tambi\u00e9n est\u00e1 disponible en la nueva colecci\u00f3n. Porque adem\u00e1s su tono neutro beige lo hace f\u00e1cil de combinar.<\/p>\n<div class=\"v-c-cmp v-c-cmp--s\">\n<div class=\"v-cmp-m \">\n<article class=\"v-a v-a--cmp-m v-c-cmp--m-z\">\n<div class=\"v-a-img-c \">\n<div class=\"v-a-fig\">\n<button class=\"v-a-link\" popovertarget=\"photo-193\"><br \/>\n<img loading=\"lazy\" src=\"http:\/\/hoycordobaweb.com\/wp-content\/uploads\/2025\/07\/las-novedades-de-mango-de-la-semana-prendas-minimalistas-tejidos-ligeros-y-tonos-neutros-para-ir-elegante-6.jpg\" class=\"v-a-img\" width=\"650\" height=\"650\" alt=\"Camisa b\u00e1sica de lyocell\" data-voc-vtm-id=\"in-text-traffic\"> <\/button><figcaption class=\"v-fc\">\n<span class=\"v-fc__t\"><br \/>\nCamisa b\u00e1sica de lyocell<br \/>\n<\/span><br \/>\n<span class=\"v-fc__p\"><br \/>\nMANGO<br \/>\n<\/span><br \/>\n<\/figcaption><\/div>\n<\/div>\n<div id=\"photo-193\" popover class=\"v-mdl v-mdl--fw\">\n<button class=\"v-x\" popovertarget=\"photo-193\" popovertargetaction=\"hide\"><br \/>\n<span class=\"v-i\"><br \/>\n<svg width=\"24\" height=\"23.996\" viewBox=\"0 0 24 23.996\">\n<path data-name=\"Uni\u00f3n 29\" d=\"M12,14.03,2.031,24,0,21.963,9.968,12,0,2.033,2.031,0,12,9.966,21.969,0,24,2.033,14.032,12,24,21.963,21.969,24Z\" \/>\n<\/svg><br \/>\n<\/span><br \/>\n<\/button><\/p>\n<div class=\"v-mdl__c\">\n<div class=\"v-mdl__w\">\n<img loading=\"lazy\" src=\"http:\/\/hoycordobaweb.com\/wp-content\/uploads\/2025\/07\/las-novedades-de-mango-de-la-semana-prendas-minimalistas-tejidos-ligeros-y-tonos-neutros-para-ir-elegante-6.jpg\" class=\"v-mdl__img-z\" width=\"650\" height=\"650\" alt>\n<\/div>\n<\/div>\n<\/div>\n<p><span class=\"v-bdp\"><\/span><br \/>\n<\/article>\n<\/div>\n<\/div>\n<p><h3 class=\"v-cmp-suh\">\nCamisa de lyocell y lino (29,99 euros)<br \/>\n<\/h3>\n<\/p>\n<p class=\"voc-paragraph\">Las mangas largas tambi\u00e9n son para verano y esta <strong>camisa de tejido ligero y c\u00f3modo<\/strong> lo confirma. Es un esencial que tambi\u00e9n aprovechar\u00e1s para tus looks de oficina cuando llegue septiembre, en un elegante marr\u00f3n chocolate. Queda fluida y holgada, ideal para ponerte con unas <a href=\"https:\/\/www.mujerhoy.com\/moda\/no-te-pierdas\/pantalones-cortos-lino-verano-stradivarius-mango-20250620113630-nt.html\" target=\"_blank\" data-voc-vtm-id=\"in-text-traffic\" title=\"bermudas de lino\" data-mrf-link=\"www.mujerhoy.com\" rel=\"noopener noreferrer\">bermudas de lino<\/a> o con un vaquero.<\/p>\n<div class=\"v-c-cmp v-c-cmp--s\">\n<div class=\"v-cmp-m \">\n<article class=\"v-a v-a--cmp-m v-c-cmp--m-z\">\n<div class=\"v-a-img-c \">\n<div class=\"v-a-fig\">\n<button class=\"v-a-link\" popovertarget=\"photo-680\"><br \/>\n<img loading=\"lazy\" src=\"http:\/\/hoycordobaweb.com\/wp-content\/uploads\/2025\/07\/las-novedades-de-mango-de-la-semana-prendas-minimalistas-tejidos-ligeros-y-tonos-neutros-para-ir-elegante-7.jpg\" class=\"v-a-img\" width=\"650\" height=\"650\" alt=\"Mono largo palabra de honor en tejido denim\" data-voc-vtm-id=\"in-text-traffic\"> <\/button><figcaption class=\"v-fc\">\n<span class=\"v-fc__t\"><br \/>\nMono largo palabra de honor en tejido denim<br \/>\n<\/span><br \/>\n<span class=\"v-fc__p\"><br \/>\nMANGO<br \/>\n<\/span><br \/>\n<\/figcaption><\/div>\n<\/div>\n<div id=\"photo-680\" popover class=\"v-mdl v-mdl--fw\">\n<button class=\"v-x\" popovertarget=\"photo-680\" popovertargetaction=\"hide\"><br \/>\n<span class=\"v-i\"><br \/>\n<svg width=\"24\" height=\"23.996\" viewBox=\"0 0 24 23.996\">\n<path data-name=\"Uni\u00f3n 29\" d=\"M12,14.03,2.031,24,0,21.963,9.968,12,0,2.033,2.031,0,12,9.966,21.969,0,24,2.033,14.032,12,24,21.963,21.969,24Z\" \/>\n<\/svg><br \/>\n<\/span><br \/>\n<\/button><\/p>\n<div class=\"v-mdl__c\">\n<div class=\"v-mdl__w\">\n<img loading=\"lazy\" src=\"http:\/\/hoycordobaweb.com\/wp-content\/uploads\/2025\/07\/las-novedades-de-mango-de-la-semana-prendas-minimalistas-tejidos-ligeros-y-tonos-neutros-para-ir-elegante-7.jpg\" class=\"v-mdl__img-z\" width=\"650\" height=\"650\" alt>\n<\/div>\n<\/div>\n<\/div>\n<p><span class=\"v-bdp\"><\/span><br \/>\n<\/article>\n<\/div>\n<\/div>\n<p><h3 class=\"v-cmp-suh\">\nMono vaquero blanco (59,99 euros)<br \/>\n<\/h3>\n<\/p>\n<p class=\"voc-paragraph\">El <strong>tejido denim<\/strong> parece volver a las colecciones de tienda seg\u00fan lo que parece. Es una versi\u00f3n m\u00e1s ligera y actualizada para el verano, en tonos claros como este dise\u00f1o color blanco con cintur\u00f3n y escote palabra de honor que queda super estiloso. Las <a href=\"https:\/\/www.mujerhoy.com\/moda\/no-te-pierdas\/sandalias-planas-comodas-verano-20250607094256-nt.html\" target=\"_blank\" data-voc-vtm-id=\"in-text-traffic\" title=\"sandalias planas\" data-mrf-link=\"www.mujerhoy.com\" rel=\"noopener noreferrer\">sandalias planas<\/a> o con tac\u00f3n ser\u00e1n la mejor pareja para pon\u00e9rtelo durante estos meses y seguro que lo puedes aprovechar a la vuelta de vacaciones.<\/p>\n<div class=\"v-c-cmp v-c-cmp--s\">\n<div class=\"v-cmp-m \">\n<article class=\"v-a v-a--cmp-m v-c-cmp--m-z\">\n<div class=\"v-a-img-c \">\n<div class=\"v-a-fig\">\n<button class=\"v-a-link\" popovertarget=\"photo-488\"><br \/>\n<img loading=\"lazy\" src=\"http:\/\/hoycordobaweb.com\/wp-content\/uploads\/2025\/07\/las-novedades-de-mango-de-la-semana-prendas-minimalistas-tejidos-ligeros-y-tonos-neutros-para-ir-elegante-8.jpg\" class=\"v-a-img\" width=\"650\" height=\"650\" alt=\"Top fruncido con peplum\" data-voc-vtm-id=\"in-text-traffic\"> <\/button><figcaption class=\"v-fc\">\n<span class=\"v-fc__t\"><br \/>\nTop fruncido con peplum<br \/>\n<\/span><br \/>\n<span class=\"v-fc__p\"><br \/>\nMANGO<br \/>\n<\/span><br \/>\n<\/figcaption><\/div>\n<\/div>\n<div id=\"photo-488\" popover class=\"v-mdl v-mdl--fw\">\n<button class=\"v-x\" popovertarget=\"photo-488\" popovertargetaction=\"hide\"><br \/>\n<span class=\"v-i\"><br \/>\n<svg width=\"24\" height=\"23.996\" viewBox=\"0 0 24 23.996\">\n<path data-name=\"Uni\u00f3n 29\" d=\"M12,14.03,2.031,24,0,21.963,9.968,12,0,2.033,2.031,0,12,9.966,21.969,0,24,2.033,14.032,12,24,21.963,21.969,24Z\" \/>\n<\/svg><br \/>\n<\/span><br \/>\n<\/button><\/p>\n<div class=\"v-mdl__c\">\n<div class=\"v-mdl__w\">\n<img loading=\"lazy\" src=\"http:\/\/hoycordobaweb.com\/wp-content\/uploads\/2025\/07\/las-novedades-de-mango-de-la-semana-prendas-minimalistas-tejidos-ligeros-y-tonos-neutros-para-ir-elegante-8.jpg\" class=\"v-mdl__img-z\" width=\"650\" height=\"650\" alt>\n<\/div>\n<\/div>\n<\/div>\n<p><span class=\"v-bdp\"><\/span><br \/>\n<\/article>\n<\/div>\n<\/div>\n<p><h3 class=\"v-cmp-suh\">\nTop fruncido palabra de honor (25,99 euros)<br \/>\n<\/h3>\n<\/p>\n<p class=\"voc-paragraph\">Las m\u00e1s elegantes llevan este tipo de dise\u00f1os tan frescos y c\u00f3modos. Es un comod\u00edn que te salvar\u00e1 siempre que no tengas ganas de pensar en que ponerte y quieras verte elegante con <a href=\"https:\/\/www.mujerhoy.com\/moda\/tendencias\/falda-recta-lino-basicos-verano-mango-corte-ingles-20250527162353-nt.html\" target=\"_blank\" data-voc-vtm-id=\"in-text-traffic\" title=\"faldas de lino\" data-mrf-link=\"www.mujerhoy.com\" rel=\"noopener noreferrer\">faldas de lino<\/a> o con pantalones fluidos tanto a juego como a contraste. Tambi\u00e9n tiene ese bajo <strong>estilo peplum o globo<\/strong> tan a la moda ahora. Lo mejor es que se adapta perfectamente al cuerpo al ser el\u00e1stico.<\/p>\n<div class=\"v-c-cmp v-c-cmp--s\">\n<div class=\"v-cmp-m \">\n<article class=\"v-a v-a--cmp-m v-c-cmp--m-z\">\n<div class=\"v-a-img-c \">\n<div class=\"v-a-fig\">\n<button class=\"v-a-link\" popovertarget=\"photo-488\"><br \/>\n<img loading=\"lazy\" src=\"http:\/\/hoycordobaweb.com\/wp-content\/uploads\/2025\/07\/las-novedades-de-mango-de-la-semana-prendas-minimalistas-tejidos-ligeros-y-tonos-neutros-para-ir-elegante-9.jpg\" class=\"v-a-img\" width=\"650\" height=\"650\" alt=\"Vestido largo con fruncido\" data-voc-vtm-id=\"in-text-traffic\"> <\/button><figcaption class=\"v-fc\">\n<span class=\"v-fc__t\"><br \/>\nVestido largo con fruncido<br \/>\n<\/span><br \/>\n<span class=\"v-fc__p\"><br \/>\nMANGO<br \/>\n<\/span><br \/>\n<\/figcaption><\/div>\n<\/div>\n<div id=\"photo-488\" popover class=\"v-mdl v-mdl--fw\">\n<button class=\"v-x\" popovertarget=\"photo-488\" popovertargetaction=\"hide\"><br \/>\n<span class=\"v-i\"><br \/>\n<svg width=\"24\" height=\"23.996\" viewBox=\"0 0 24 23.996\">\n<path data-name=\"Uni\u00f3n 29\" d=\"M12,14.03,2.031,24,0,21.963,9.968,12,0,2.033,2.031,0,12,9.966,21.969,0,24,2.033,14.032,12,24,21.963,21.969,24Z\" \/>\n<\/svg><br \/>\n<\/span><br \/>\n<\/button><\/p>\n<div class=\"v-mdl__c\">\n<div class=\"v-mdl__w\">\n<img loading=\"lazy\" src=\"http:\/\/hoycordobaweb.com\/wp-content\/uploads\/2025\/07\/las-novedades-de-mango-de-la-semana-prendas-minimalistas-tejidos-ligeros-y-tonos-neutros-para-ir-elegante-9.jpg\" class=\"v-mdl__img-z\" width=\"650\" height=\"650\" alt>\n<\/div>\n<\/div>\n<\/div>\n<p><span class=\"v-bdp\"><\/span><br \/>\n<\/article>\n<\/div>\n<\/div>\n<p><h3 class=\"v-cmp-suh\">\nVestido fruncido largo (29,99 euros)<br \/>\n<\/h3>\n<\/p>\n<p class=\"voc-paragraph\">No hay mejor opci\u00f3n para cuando quieras vestirte bien sin complicarte la vida que este <strong>vestido<\/strong>. Es refinado, c\u00f3modo y super ponible, con ese corte fluido y su tejido de elegante ca\u00edda. Para estilizarlo como toda una experta, conj\u00fantalo con <a href=\"https:\/\/www.mujerhoy.com\/moda\/no-te-pierdas\/brazalete-dorado-tendencia-bonito-favorecedor-eleva-look-20250517165133-nt.html\" target=\"_blank\" data-voc-vtm-id=\"in-text-traffic\" title=\"brazaletes dorados\" data-mrf-link=\"www.mujerhoy.com\" rel=\"noopener noreferrer\">brazaletes dorados<\/a>, sandalias planas y un bolso clutch de rafia. Sienta bien a todas las edades.<\/p>\n<div class=\"v-c-cmp v-c-cmp--s\">\n<div class=\"v-cmp-m \">\n<article class=\"v-a v-a--cmp-m v-c-cmp--m-z\">\n<div class=\"v-a-img-c \">\n<div class=\"v-a-fig\">\n<button class=\"v-a-link\" popovertarget=\"photo-236\"><br \/>\n<img loading=\"lazy\" src=\"http:\/\/hoycordobaweb.com\/wp-content\/uploads\/2025\/07\/las-novedades-de-mango-de-la-semana-prendas-minimalistas-tejidos-ligeros-y-tonos-neutros-para-ir-elegante-10.jpg\" class=\"v-a-img\" width=\"650\" height=\"650\" alt=\"Sandalias de tiras con cu\u00f1a\" data-voc-vtm-id=\"in-text-traffic\"> <\/button><figcaption class=\"v-fc\">\n<span class=\"v-fc__t\"><br \/>\nSandalias de tiras con cu\u00f1a<br \/>\n<\/span><br \/>\n<span class=\"v-fc__p\"><br \/>\nMANGO<br \/>\n<\/span><br \/>\n<\/figcaption><\/div>\n<\/div>\n<div id=\"photo-236\" popover class=\"v-mdl v-mdl--fw\">\n<button class=\"v-x\" popovertarget=\"photo-236\" popovertargetaction=\"hide\"><br \/>\n<span class=\"v-i\"><br \/>\n<svg width=\"24\" height=\"23.996\" viewBox=\"0 0 24 23.996\">\n<path data-name=\"Uni\u00f3n 29\" d=\"M12,14.03,2.031,24,0,21.963,9.968,12,0,2.033,2.031,0,12,9.966,21.969,0,24,2.033,14.032,12,24,21.963,21.969,24Z\" \/>\n<\/svg><br \/>\n<\/span><br \/>\n<\/button><\/p>\n<div class=\"v-mdl__c\">\n<div class=\"v-mdl__w\">\n<img loading=\"lazy\" src=\"http:\/\/hoycordobaweb.com\/wp-content\/uploads\/2025\/07\/las-novedades-de-mango-de-la-semana-prendas-minimalistas-tejidos-ligeros-y-tonos-neutros-para-ir-elegante-10.jpg\" class=\"v-mdl__img-z\" width=\"650\" height=\"650\" alt>\n<\/div>\n<\/div>\n<\/div>\n<p><span class=\"v-bdp\"><\/span><br \/>\n<\/article>\n<\/div>\n<\/div>\n<p><h3 class=\"v-cmp-suh\">\nSandalias con cu\u00f1a (35,99 euros)<br \/>\n<\/h3>\n<\/p>\n<p class=\"voc-paragraph\">El <strong>zapato tendencia<\/strong> favorito de las it girls. Inspirado en la est\u00e9tica dosmilera, es la versi\u00f3n actualiza de las <a href=\"https:\/\/www.mujerhoy.com\/moda\/tendencias\/sandalias-tacon-bajo-kitten-heel-primavera-verano-zara-mango-20250508171603-nt.html\" target=\"_blank\" data-voc-vtm-id=\"in-text-traffic\" title=\"sandalias kitten heel\" data-mrf-link=\"www.mujerhoy.com\" rel=\"noopener noreferrer\">sandalias kitten heel<\/a> tan populares entre las famosas. Son c\u00f3modas por su cu\u00f1a nada dolorosa, suman cent\u00edmetros para quienes quieren verse m\u00e1s alta, quedan sencillas y elegantes y sobre todo son muy frescas.<\/p>\n<div class=\"v-c-cmp v-c-cmp--t1 \">\n<div class=\"v-cmp-rld v-cmp-rld--2 \">\n<div class=\"v-cnt-m v-cnt-m--m\">\n<div class=\"v-cnt-m__c\">\n<div class=\"v-cnt-m__w v-cnt-m__w--1\">\n<p class=\"v-cnt-m__t\">\nTAMBI\u00c9N TE INTERESA\n<\/p>\n<\/div>\n<\/div>\n<\/div>\n<div class=\"v-g v-g--2-c v-g--bdr-min-xs\">\n<div class=\"v-g__c \">\n<article class=\"v-a v-a--cmp-rld v-a--cmp-rld-2 v-a--p-l\">\n<div class=\"v-a-img-c\">\n<figure class=\"v-a-fig\">\n<a href=\"https:\/\/www.mujerhoy.com\/moda\/no-te-pierdas\/mango-pendientes-bonitos-elevar-look-verano-20250619133455-nt.html#vtm_modulosEngag=mod-rel:moda:noticia:1:cmp:2-not\" class=\"v-a-link\" title=\"Estos son los pendientes m\u00e1s bonitos para elevar cualquier look de verano\"><br \/>\n<img loading=\"lazy\" class=\"v-a-img\" src=\"http:\/\/hoycordobaweb.com\/wp-content\/uploads\/2025\/07\/las-novedades-de-mango-de-la-semana-prendas-minimalistas-tejidos-ligeros-y-tonos-neutros-para-ir-elegante-11.jpg\" alt=\"Estos son los pendientes m\u00e1s bonitos para elevar cualquier look de verano\"><br \/>\n<\/a><br \/>\n<\/figure>\n<\/div>\n<\/article>\n<\/div>\n<div class=\"v-g__c \">\n<article class=\"v-a v-a--cmp-rld v-a--cmp-rld-2 v-a--p-l\">\n<div class=\"v-a-img-c\">\n<figure class=\"v-a-fig\">\n<a href=\"https:\/\/www.mujerhoy.com\/moda\/no-te-pierdas\/mango-outlet-vestido-invitada-menos-veinte-euros-barato-bonito-ponible-20250606112814-nt.html#vtm_modulosEngag=mod-rel:moda:noticia:2:cmp:2-not\" class=\"v-a-link\" title=\"El vestido de invitada que queremos para este verano est\u00e1 en Mango Outlet y cuesta menos de 20\u20ac\"><br \/>\n<img loading=\"lazy\" class=\"v-a-img\" src=\"http:\/\/hoycordobaweb.com\/wp-content\/uploads\/2025\/07\/las-novedades-de-mango-de-la-semana-prendas-minimalistas-tejidos-ligeros-y-tonos-neutros-para-ir-elegante-12.jpg\" alt=\"El vestido de invitada que queremos para este verano est\u00e1 en Mango Outlet y cuesta menos de 20\u20ac\"><br \/>\n<\/a><br \/>\n<\/figure>\n<\/div>\n<\/article>\n<\/div>\n<\/div>\n<\/div>\n<\/div>\n<div class=\"media_block\"><\/div>\n","protected":false},"excerpt":{"rendered":"<p>Mango se pone en plan minimalista en su nueva colecci\u00f3n para que tu puedas vestir elegante y sin complicaciones. Los tonos neutros son los favoritos de la firma espa\u00f1ola de moda para protagonizar tu armario de verano. Porque se busca un armario atemporal, f\u00e1cil de llevar y sencillo, con tejidos frescos y la m\u00e1xima comodidad, [&hellip;]<\/p>\n","protected":false},"author":1,"featured_media":109878,"comment_status":"closed","ping_status":"closed","sticky":false,"template":"","format":"standard","meta":[],"categories":[],"tags":[],"_links":{"self":[{"href":"http:\/\/hoycordobaweb.com\/index.php\/wp-json\/wp\/v2\/posts\/109877"}],"collection":[{"href":"http:\/\/hoycordobaweb.com\/index.php\/wp-json\/wp\/v2\/posts"}],"about":[{"href":"http:\/\/hoycordobaweb.com\/index.php\/wp-json\/wp\/v2\/types\/post"}],"author":[{"embeddable":true,"href":"http:\/\/hoycordobaweb.com\/index.php\/wp-json\/wp\/v2\/users\/1"}],"replies":[{"embeddable":true,"href":"http:\/\/hoycordobaweb.com\/index.php\/wp-json\/wp\/v2\/comments?post=109877"}],"version-history":[{"count":0,"href":"http:\/\/hoycordobaweb.com\/index.php\/wp-json\/wp\/v2\/posts\/109877\/revisions"}],"wp:featuredmedia":[{"embeddable":true,"href":"http:\/\/hoycordobaweb.com\/index.php\/wp-json\/wp\/v2\/media\/109878"}],"wp:attachment":[{"href":"http:\/\/hoycordobaweb.com\/index.php\/wp-json\/wp\/v2\/media?parent=109877"}],"wp:term":[{"taxonomy":"category","embeddable":true,"href":"http:\/\/hoycordobaweb.com\/index.php\/wp-json\/wp\/v2\/categories?post=109877"},{"taxonomy":"post_tag","embeddable":true,"href":"http:\/\/hoycordobaweb.com\/index.php\/wp-json\/wp\/v2\/tags?post=109877"}],"curies":[{"name":"wp","href":"https:\/\/api.w.org\/{rel}","templated":true}]}}