{"id":109785,"date":"2025-07-02T11:48:37","date_gmt":"2025-07-02T11:48:37","guid":{"rendered":"https:\/\/www.mujerhoy.com\/moda\/no-te-pierdas\/vaqueros-blancos-favoritos-verano-estilizan-bonitos-20250702134836-nt.html"},"modified":"2025-07-02T11:48:37","modified_gmt":"2025-07-02T11:48:37","slug":"vaqueros-blancos-los-favoritos-del-verano-porque-estilizan-y-los-mas-bonitos","status":"publish","type":"post","link":"http:\/\/hoycordobaweb.com\/index.php\/2025\/07\/02\/vaqueros-blancos-los-favoritos-del-verano-porque-estilizan-y-los-mas-bonitos\/","title":{"rendered":"Vaqueros blancos, los favoritos del verano porque estilizan y los m\u00e1s bonitos"},"content":{"rendered":"<p><!-- AUTHOR --><\/p>\n<div class=\"voc-author-timesocial \">\n<!-- AUTHOR --><\/p>\n<div class=\"voc-author-timesocial__signature \">\n<!-- IMAGE AUTHOR -->\n<picture class=\"voc-image-signature\">\n<img class=\"voc-image-signature__img\" src=\"http:\/\/hoycordobaweb.com\/wp-content\/uploads\/2025\/07\/vaqueros-blancos-los-favoritos-del-verano-porque-estilizan-y-los-mas-bonitos.jpg\" alt=\"Lauren Izquierdo\">\n<\/picture>\n<!-- INFO AUTHOR --> <\/div><\/div>\n<p><!-- COMPONENTS --><\/p>\n<p class=\"voc-paragraph\">Los <strong>vaqueros blancos<\/strong> son uno de esos <a href=\"https:\/\/www.mujerhoy.com\/moda\/tendencias\/pantalones-vaqueros-blancos-efecto-tipazo-basico-primavera-20250320135004-nt.html\" title=\"www.mujerhoy.com\" data-voc-vtm-id=\"in-text-traffic\" data-mrf-link=\"www.mujerhoy.com\">b\u00e1sicos atemporales<\/a> que, aunque muchas mujeres miran con recelo, pueden convertirse en tu prenda m\u00e1s favorecedora del verano. Lejos de lo que se suele pensar, no ensanchan la figura si eliges bien el patr\u00f3n, el tejido y el corte. Al contrario, bien escogidos, <strong>tienen un efecto luminoso y estilizador<\/strong> que realza cualquier silueta y aporta un aire fresco, limpio y muy chic a cualquier look, especialmente cuando suben las temperaturas.<\/p>\n<p class=\"voc-paragraph\">El <strong>secreto<\/strong> est\u00e1 en buscar tejidos con cuerpo, ni demasiado r\u00edgidos ni excesivamente finos, que no transparenten y que moldeen ligeramente la figura. Elige modelos con tiro medio o alto, que marquen la cintura, y perneras rectas o ligeramente acampanadas que alarguen las piernas visualmente. <strong>Evita los bolsillos delanteros marcados<\/strong> o el\u00e1sticos demasiado finos, y sobre todo, aseg\u00farate de que el blanco sea un blanco puro o ligeramente roto (estos tonos son mucho m\u00e1s favorecedores que los grises o crudos muy apagados).<\/p>\n<div class=\"v-c-cmp v-c-cmp--t1 \">\n<div class=\"v-cmp-rld v-cmp-rld--2 \">\n<div class=\"v-cnt-m v-cnt-m--m\">\n<div class=\"v-cnt-m__c\">\n<div class=\"v-cnt-m__w v-cnt-m__w--1\">\n<p class=\"v-cnt-m__t\">\nTAMBI\u00c9N TE INTERESA\n<\/p>\n<\/div>\n<\/div>\n<\/div>\n<div class=\"v-g v-g--2-c v-g--bdr-min-xs\">\n<div class=\"v-g__c \">\n<article class=\"v-a v-a--cmp-rld v-a--cmp-rld-2 v-a--p-l\">\n<div class=\"v-a-img-c\">\n<figure class=\"v-a-fig\">\n<a href=\"https:\/\/www.mujerhoy.com\/moda\/no-te-pierdas\/pantalones-anchos-comodos-verano-rebajas-hym-20250627103657-nt.html#vtm_modulosEngag=mod-rel:moda:noticia:1:cmp:2-not\" class=\"v-a-link\" title=\"Estos pantalones anchos tan c\u00f3modos de las rebajas de H&amp;M se convertir\u00e1n en tus favoritos del verano\"><br \/>\n<img loading=\"lazy\" class=\"v-a-img\" src=\"http:\/\/hoycordobaweb.com\/wp-content\/uploads\/2025\/07\/vaqueros-blancos-los-favoritos-del-verano-porque-estilizan-y-los-mas-bonitos-1.jpg\" alt=\"Estos pantalones anchos tan c\u00f3modos de las rebajas de H&amp;M se convertir\u00e1n en tus favoritos del verano\"><br \/>\n<\/a><br \/>\n<\/figure>\n<\/div>\n<\/article>\n<\/div>\n<div class=\"v-g__c \">\n<article class=\"v-a v-a--cmp-rld v-a--cmp-rld-2 v-a--p-l\">\n<div class=\"v-a-img-c\">\n<figure class=\"v-a-fig\">\n<a href=\"https:\/\/www.mujerhoy.com\/moda\/no-te-pierdas\/seis-pantalones-capri-llevarlos-comoda-elegante-estilizada-20250622163917-nt.html#vtm_modulosEngag=mod-rel:moda:noticia:2:cmp:2-not\" class=\"v-a-link\" title=\"Seis pantalones capri: c\u00f3mo llevarlos para ir c\u00f3moda, elegante y estilizada\"><br \/>\n<img loading=\"lazy\" class=\"v-a-img\" src=\"http:\/\/hoycordobaweb.com\/wp-content\/uploads\/2025\/07\/vaqueros-blancos-los-favoritos-del-verano-porque-estilizan-y-los-mas-bonitos-2.jpg\" alt=\"Seis pantalones capri: c\u00f3mo llevarlos para ir c\u00f3moda, elegante y estilizada\"><br \/>\n<\/a><br \/>\n<\/figure>\n<\/div>\n<\/article>\n<\/div>\n<\/div>\n<\/div>\n<\/div>\n<p class=\"voc-paragraph\"><strong>Combinarlos es tan sencillo como intuitivo<\/strong>. Funcionan con todo, con una camiseta b\u00e1sica de algod\u00f3n y unas sandalias planas para un look de d\u00eda, o con una blusa estructurada y un zapato joya para una cena improvisada. Tambi\u00e9n son un gran aliado <strong>para la oficina<\/strong> si los llevas con un blazer de lino y alpargatas de cu\u00f1a. <\/p>\n<p><h3 class=\"v-cmp-suh\">\nLos vaqueros blancos m\u00e1s bonitos de la temporada<br \/>\n<\/h3>\n<\/p>\n<div class=\"v-c-cmp v-c-cmp--s\">\n<div class=\"v-cmp-m \">\n<article class=\"v-a v-a--cmp-m v-c-cmp--m-z\">\n<div class=\"v-a-img-c \">\n<div class=\"v-a-fig\">\n<button class=\"v-a-link\" popovertarget=\"photo-801\"><br \/>\n<img loading=\"lazy\" src=\"http:\/\/hoycordobaweb.com\/wp-content\/uploads\/2025\/07\/vaqueros-blancos-los-favoritos-del-verano-porque-estilizan-y-los-mas-bonitos-3.jpg\" class=\"v-a-img\" width=\"650\" height=\"650\" alt=\"Pantal\u00f3n wide leg de Easy Wear, 39,99 euros.\" data-voc-vtm-id=\"in-text-traffic\"> <\/button><figcaption class=\"v-fc\">\n<span class=\"v-fc__t\"><br \/>\nPantal\u00f3n wide leg de Easy Wear, 39,99 euros.<br \/>\n<\/span><br \/>\n<\/figcaption><\/div>\n<\/div>\n<div id=\"photo-801\" popover class=\"v-mdl v-mdl--fw\">\n<button class=\"v-x\" popovertarget=\"photo-801\" popovertargetaction=\"hide\"><br \/>\n<span class=\"v-i\"><br \/>\n<svg width=\"24\" height=\"23.996\" viewBox=\"0 0 24 23.996\">\n<path data-name=\"Uni\u00f3n 29\" d=\"M12,14.03,2.031,24,0,21.963,9.968,12,0,2.033,2.031,0,12,9.966,21.969,0,24,2.033,14.032,12,24,21.963,21.969,24Z\" \/>\n<\/svg><br \/>\n<\/span><br \/>\n<\/button><\/p>\n<div class=\"v-mdl__c\">\n<div class=\"v-mdl__w\">\n<img loading=\"lazy\" src=\"http:\/\/hoycordobaweb.com\/wp-content\/uploads\/2025\/07\/vaqueros-blancos-los-favoritos-del-verano-porque-estilizan-y-los-mas-bonitos-3.jpg\" class=\"v-mdl__img-z\" width=\"650\" height=\"650\" alt>\n<\/div>\n<\/div>\n<\/div>\n<p><span class=\"v-bdp\"><\/span><br \/>\n<\/article>\n<\/div>\n<\/div>\n<p class=\"voc-paragraph\"><strong>Pantal\u00f3n wide leg de Easy Wear, 39,99 euros.<\/strong> El tono de blanco es uno de los m\u00e1s puros y bonitos. No pasan de moda, son muy atemporales y una de las apuestas m\u00e1s seguras para un look que estilice y con el que te veas muy favorecida.<\/p>\n<div class=\"v-c-cmp v-c-cmp--s\">\n<div class=\"v-cmp-m \">\n<article class=\"v-a v-a--cmp-m v-c-cmp--m-z\">\n<div class=\"v-a-img-c \">\n<div class=\"v-a-fig\">\n<button class=\"v-a-link\" popovertarget=\"photo-436\"><br \/>\n<img loading=\"lazy\" src=\"http:\/\/hoycordobaweb.com\/wp-content\/uploads\/2025\/07\/vaqueros-blancos-los-favoritos-del-verano-porque-estilizan-y-los-mas-bonitos-4.jpg\" class=\"v-a-img\" width=\"650\" height=\"650\" alt=\"Vaqueros blancos de Morgan, 39,90 euros.\" data-voc-vtm-id=\"in-text-traffic\"> <\/button><figcaption class=\"v-fc\">\n<span class=\"v-fc__t\"><br \/>\nVaqueros blancos de Morgan, 39,90 euros.<br \/>\n<\/span><br \/>\n<\/figcaption><\/div>\n<\/div>\n<div id=\"photo-436\" popover class=\"v-mdl v-mdl--fw\">\n<button class=\"v-x\" popovertarget=\"photo-436\" popovertargetaction=\"hide\"><br \/>\n<span class=\"v-i\"><br \/>\n<svg width=\"24\" height=\"23.996\" viewBox=\"0 0 24 23.996\">\n<path data-name=\"Uni\u00f3n 29\" d=\"M12,14.03,2.031,24,0,21.963,9.968,12,0,2.033,2.031,0,12,9.966,21.969,0,24,2.033,14.032,12,24,21.963,21.969,24Z\" \/>\n<\/svg><br \/>\n<\/span><br \/>\n<\/button><\/p>\n<div class=\"v-mdl__c\">\n<div class=\"v-mdl__w\">\n<img loading=\"lazy\" src=\"http:\/\/hoycordobaweb.com\/wp-content\/uploads\/2025\/07\/vaqueros-blancos-los-favoritos-del-verano-porque-estilizan-y-los-mas-bonitos-4.jpg\" class=\"v-mdl__img-z\" width=\"650\" height=\"650\" alt>\n<\/div>\n<\/div>\n<\/div>\n<p><span class=\"v-bdp\"><\/span><br \/>\n<\/article>\n<\/div>\n<\/div>\n<p class=\"voc-paragraph\"><strong>Vaqueros blancos de Morgan, 39,90 euros.<\/strong> Son bonitos, combinan con todo y el secreto para que te veas muy estilizada es apostar por un look total del mismo color. La silueta se ve m\u00e1s alargada y te ver\u00e1s m\u00e1s favorecida. Tambi\u00e9n puedes apostar por zapatos color piel o acabados en punta. Son detalles que marcan la diferencia.<\/p>\n<div class=\"v-c-cmp v-c-cmp--s\">\n<div class=\"v-cmp-m \">\n<article class=\"v-a v-a--cmp-m v-c-cmp--m-z\">\n<div class=\"v-a-img-c \">\n<div class=\"v-a-fig\">\n<button class=\"v-a-link\" popovertarget=\"photo-948\"><br \/>\n<img loading=\"lazy\" src=\"http:\/\/hoycordobaweb.com\/wp-content\/uploads\/2025\/07\/vaqueros-blancos-los-favoritos-del-verano-porque-estilizan-y-los-mas-bonitos-5.jpg\" class=\"v-a-img\" width=\"650\" height=\"650\" alt=\"Vaqueros blancos con bordados laterales de Pepe Jeans, 35,90 euros.\" data-voc-vtm-id=\"in-text-traffic\"> <\/button><figcaption class=\"v-fc\">\n<span class=\"v-fc__t\"><br \/>\nVaqueros blancos con bordados laterales de Pepe Jeans, 35,90 euros.<br \/>\n<\/span><br \/>\n<\/figcaption><\/div>\n<\/div>\n<div id=\"photo-948\" popover class=\"v-mdl v-mdl--fw\">\n<button class=\"v-x\" popovertarget=\"photo-948\" popovertargetaction=\"hide\"><br \/>\n<span class=\"v-i\"><br \/>\n<svg width=\"24\" height=\"23.996\" viewBox=\"0 0 24 23.996\">\n<path data-name=\"Uni\u00f3n 29\" d=\"M12,14.03,2.031,24,0,21.963,9.968,12,0,2.033,2.031,0,12,9.966,21.969,0,24,2.033,14.032,12,24,21.963,21.969,24Z\" \/>\n<\/svg><br \/>\n<\/span><br \/>\n<\/button><\/p>\n<div class=\"v-mdl__c\">\n<div class=\"v-mdl__w\">\n<img loading=\"lazy\" src=\"http:\/\/hoycordobaweb.com\/wp-content\/uploads\/2025\/07\/vaqueros-blancos-los-favoritos-del-verano-porque-estilizan-y-los-mas-bonitos-5.jpg\" class=\"v-mdl__img-z\" width=\"650\" height=\"650\" alt>\n<\/div>\n<\/div>\n<\/div>\n<p><span class=\"v-bdp\"><\/span><br \/>\n<\/article>\n<\/div>\n<\/div>\n<p class=\"voc-paragraph\"><strong>Vaqueros blancos con bordados laterales de Pepe Jeans, 35,90 euros.<\/strong> Son una apuesta segura que combina con todo y que al llevar el detalle de las estrellas en los laterales conseguir\u00e1 que te veas m\u00e1s alta y m\u00e1s estilizada. Un diez de diez.<\/p>\n<div class=\"v-c-cmp v-c-cmp--s\">\n<div class=\"v-cmp-m \">\n<article class=\"v-a v-a--cmp-m v-c-cmp--m-z\">\n<div class=\"v-a-img-c \">\n<div class=\"v-a-fig\">\n<button class=\"v-a-link\" popovertarget=\"photo-871\"><br \/>\n<img loading=\"lazy\" src=\"http:\/\/hoycordobaweb.com\/wp-content\/uploads\/2025\/07\/vaqueros-blancos-los-favoritos-del-verano-porque-estilizan-y-los-mas-bonitos-6.jpg\" class=\"v-a-img\" width=\"650\" height=\"650\" alt=\"Vaqueros denim rectos de El Corte Ingl\u00e9s, 32,19 euros.\" data-voc-vtm-id=\"in-text-traffic\"> <\/button><figcaption class=\"v-fc\">\n<span class=\"v-fc__t\"><br \/>\nVaqueros denim rectos de El Corte Ingl\u00e9s, 32,19 euros.<br \/>\n<\/span><br \/>\n<\/figcaption><\/div>\n<\/div>\n<div id=\"photo-871\" popover class=\"v-mdl v-mdl--fw\">\n<button class=\"v-x\" popovertarget=\"photo-871\" popovertargetaction=\"hide\"><br \/>\n<span class=\"v-i\"><br \/>\n<svg width=\"24\" height=\"23.996\" viewBox=\"0 0 24 23.996\">\n<path data-name=\"Uni\u00f3n 29\" d=\"M12,14.03,2.031,24,0,21.963,9.968,12,0,2.033,2.031,0,12,9.966,21.969,0,24,2.033,14.032,12,24,21.963,21.969,24Z\" \/>\n<\/svg><br \/>\n<\/span><br \/>\n<\/button><\/p>\n<div class=\"v-mdl__c\">\n<div class=\"v-mdl__w\">\n<img loading=\"lazy\" src=\"http:\/\/hoycordobaweb.com\/wp-content\/uploads\/2025\/07\/vaqueros-blancos-los-favoritos-del-verano-porque-estilizan-y-los-mas-bonitos-6.jpg\" class=\"v-mdl__img-z\" width=\"650\" height=\"650\" alt>\n<\/div>\n<\/div>\n<\/div>\n<p><span class=\"v-bdp\"><\/span><br \/>\n<\/article>\n<\/div>\n<\/div>\n<p class=\"voc-paragraph\"><strong>Vaqueros denim rectos de El Corte Ingl\u00e9s, 32,19 euros.<\/strong> El secreto de este tipo de vaqueros es que escojas aquellos con tiro medio o alto con corte recto para que, adem\u00e1s de ser atemporales, estilicen, aplanen la cintura y recojan las caderas.<\/p>\n<div class=\"v-c-cmp v-c-cmp--s\">\n<div class=\"v-cmp-m \">\n<article class=\"v-a v-a--cmp-m v-c-cmp--m-z\">\n<div class=\"v-a-img-c \">\n<div class=\"v-a-fig\">\n<button class=\"v-a-link\" popovertarget=\"photo-459\"><br \/>\n<img loading=\"lazy\" src=\"http:\/\/hoycordobaweb.com\/wp-content\/uploads\/2025\/07\/vaqueros-blancos-los-favoritos-del-verano-porque-estilizan-y-los-mas-bonitos-7.jpg\" class=\"v-a-img\" width=\"650\" height=\"650\" alt=\"Vaqueros de corte recto con tiro alto de Noon, 48,30 euros.\" data-voc-vtm-id=\"in-text-traffic\"> <\/button><figcaption class=\"v-fc\">\n<span class=\"v-fc__t\"><br \/>\nVaqueros de corte recto con tiro alto de Noon, 48,30 euros.<br \/>\n<\/span><br \/>\n<\/figcaption><\/div>\n<\/div>\n<div id=\"photo-459\" popover class=\"v-mdl v-mdl--fw\">\n<button class=\"v-x\" popovertarget=\"photo-459\" popovertargetaction=\"hide\"><br \/>\n<span class=\"v-i\"><br \/>\n<svg width=\"24\" height=\"23.996\" viewBox=\"0 0 24 23.996\">\n<path data-name=\"Uni\u00f3n 29\" d=\"M12,14.03,2.031,24,0,21.963,9.968,12,0,2.033,2.031,0,12,9.966,21.969,0,24,2.033,14.032,12,24,21.963,21.969,24Z\" \/>\n<\/svg><br \/>\n<\/span><br \/>\n<\/button><\/p>\n<div class=\"v-mdl__c\">\n<div class=\"v-mdl__w\">\n<img loading=\"lazy\" src=\"http:\/\/hoycordobaweb.com\/wp-content\/uploads\/2025\/07\/vaqueros-blancos-los-favoritos-del-verano-porque-estilizan-y-los-mas-bonitos-7.jpg\" class=\"v-mdl__img-z\" width=\"650\" height=\"650\" alt>\n<\/div>\n<\/div>\n<\/div>\n<p><span class=\"v-bdp\"><\/span><br \/>\n<\/article>\n<\/div>\n<\/div>\n<p class=\"voc-paragraph\"><strong>Vaqueros de corte recto con tiro alto de Noon, 48,30 euros.<\/strong> Los detalles nos parecen preciosos, una apuesta segura y diferente con la que triunfar\u00e1s si la mezclas en looks de esencia boho que sean desenfadados pero tambi\u00e9n muy elegantes.<\/p>\n<div class=\"v-c-cmp v-c-cmp--s\">\n<div class=\"v-cmp-m \">\n<article class=\"v-a v-a--cmp-m v-c-cmp--m-z\">\n<div class=\"v-a-img-c \">\n<div class=\"v-a-fig\">\n<button class=\"v-a-link\" popovertarget=\"photo-435\"><br \/>\n<img loading=\"lazy\" src=\"http:\/\/hoycordobaweb.com\/wp-content\/uploads\/2025\/07\/vaqueros-blancos-los-favoritos-del-verano-porque-estilizan-y-los-mas-bonitos-8.jpg\" class=\"v-a-img\" width=\"650\" height=\"650\" alt=\"Vaquero wide leg de Green Coast, 35,99 euros.\" data-voc-vtm-id=\"in-text-traffic\"> <\/button><figcaption class=\"v-fc\">\n<span class=\"v-fc__t\"><br \/>\nVaquero wide leg de Green Coast, 35,99 euros.<br \/>\n<\/span><br \/>\n<\/figcaption><\/div>\n<\/div>\n<div id=\"photo-435\" popover class=\"v-mdl v-mdl--fw\">\n<button class=\"v-x\" popovertarget=\"photo-435\" popovertargetaction=\"hide\"><br \/>\n<span class=\"v-i\"><br \/>\n<svg width=\"24\" height=\"23.996\" viewBox=\"0 0 24 23.996\">\n<path data-name=\"Uni\u00f3n 29\" d=\"M12,14.03,2.031,24,0,21.963,9.968,12,0,2.033,2.031,0,12,9.966,21.969,0,24,2.033,14.032,12,24,21.963,21.969,24Z\" \/>\n<\/svg><br \/>\n<\/span><br \/>\n<\/button><\/p>\n<div class=\"v-mdl__c\">\n<div class=\"v-mdl__w\">\n<img loading=\"lazy\" src=\"http:\/\/hoycordobaweb.com\/wp-content\/uploads\/2025\/07\/vaqueros-blancos-los-favoritos-del-verano-porque-estilizan-y-los-mas-bonitos-8.jpg\" class=\"v-mdl__img-z\" width=\"650\" height=\"650\" alt>\n<\/div>\n<\/div>\n<\/div>\n<p><span class=\"v-bdp\"><\/span><br \/>\n<\/article>\n<\/div>\n<\/div>\n<p class=\"voc-paragraph\"><strong>Vaquero wide leg de Green Coast, 35,99 euros.<\/strong> Favorece por su tiro medio y porque es desenfadado, c\u00f3modo y elegante si lo combinas con otros neutros, como blancos, negros o marrones al que a\u00f1adas toques dorados. Le dar\u00e1s mucho uso.<\/p>\n<div class=\"v-c-cmp v-c-cmp--t1 \">\n<div class=\"v-cmp-rld v-cmp-rld--2 \">\n<div class=\"v-cnt-m v-cnt-m--m\">\n<div class=\"v-cnt-m__c\">\n<div class=\"v-cnt-m__w v-cnt-m__w--1\">\n<p class=\"v-cnt-m__t\">\nTAMBI\u00c9N TE INTERESA\n<\/p>\n<\/div>\n<\/div>\n<\/div>\n<div class=\"v-g v-g--2-c v-g--bdr-min-xs\">\n<div class=\"v-g__c \">\n<article class=\"v-a v-a--cmp-rld v-a--cmp-rld-2 v-a--p-l\">\n<div class=\"v-a-img-c\">\n<figure class=\"v-a-fig\">\n<a href=\"https:\/\/www.mujerhoy.com\/moda\/tendencias\/vaqueros-blancos-rebajados-hasta-50porciento-mango-pullandbear-20240115132517-nt.html#vtm_modulosEngag=mod-rel:moda:noticia:1:cmp:2-not\" class=\"v-a-link\" title=\"10 vaqueros blancos elegantes rebajados hasta el 50% que no puedes dejar escapar\"><br \/>\n<img loading=\"lazy\" class=\"v-a-img\" src=\"http:\/\/hoycordobaweb.com\/wp-content\/uploads\/2025\/07\/vaqueros-blancos-los-favoritos-del-verano-porque-estilizan-y-los-mas-bonitos-9.jpg\" alt=\"10 vaqueros blancos elegantes rebajados hasta el 50% que no puedes dejar escapar\"><br \/>\n<\/a><br \/>\n<\/figure>\n<\/div>\n<\/article>\n<\/div>\n<div class=\"v-g__c \">\n<article class=\"v-a v-a--cmp-rld v-a--cmp-rld-2 v-a--p-l\">\n<div class=\"v-a-img-c\">\n<figure class=\"v-a-fig\">\n<a href=\"https:\/\/www.mujerhoy.com\/moda\/tendencias\/pantalones-vaqueros-blancos-efecto-tipazo-basico-primavera-20250320135004-nt.html#vtm_modulosEngag=mod-rel:moda:noticia:2:cmp:2-not\" class=\"v-a-link\" title=\"Pantalones vaqueros blancos que hacen efecto tipazo y no te vas a quitar esta primavera\"><br \/>\n<img loading=\"lazy\" class=\"v-a-img\" src=\"http:\/\/hoycordobaweb.com\/wp-content\/uploads\/2025\/07\/vaqueros-blancos-los-favoritos-del-verano-porque-estilizan-y-los-mas-bonitos-10.jpg\" alt=\"Pantalones vaqueros blancos que hacen efecto tipazo y no te vas a quitar esta primavera\"><br \/>\n<\/a><br \/>\n<\/figure>\n<\/div>\n<\/article>\n<\/div>\n<\/div>\n<\/div>\n<\/div>\n<div class=\"media_block\"><\/div>\n","protected":false},"excerpt":{"rendered":"<p>Los vaqueros blancos son uno de esos b\u00e1sicos atemporales que, aunque muchas mujeres miran con recelo, pueden convertirse en tu prenda m\u00e1s favorecedora del verano. Lejos de lo que se suele pensar, no ensanchan la figura si eliges bien el patr\u00f3n, el tejido y el corte. Al contrario, bien escogidos, tienen un efecto luminoso y [&hellip;]<\/p>\n","protected":false},"author":1,"featured_media":109786,"comment_status":"closed","ping_status":"closed","sticky":false,"template":"","format":"standard","meta":[],"categories":[],"tags":[],"_links":{"self":[{"href":"http:\/\/hoycordobaweb.com\/index.php\/wp-json\/wp\/v2\/posts\/109785"}],"collection":[{"href":"http:\/\/hoycordobaweb.com\/index.php\/wp-json\/wp\/v2\/posts"}],"about":[{"href":"http:\/\/hoycordobaweb.com\/index.php\/wp-json\/wp\/v2\/types\/post"}],"author":[{"embeddable":true,"href":"http:\/\/hoycordobaweb.com\/index.php\/wp-json\/wp\/v2\/users\/1"}],"replies":[{"embeddable":true,"href":"http:\/\/hoycordobaweb.com\/index.php\/wp-json\/wp\/v2\/comments?post=109785"}],"version-history":[{"count":0,"href":"http:\/\/hoycordobaweb.com\/index.php\/wp-json\/wp\/v2\/posts\/109785\/revisions"}],"wp:featuredmedia":[{"embeddable":true,"href":"http:\/\/hoycordobaweb.com\/index.php\/wp-json\/wp\/v2\/media\/109786"}],"wp:attachment":[{"href":"http:\/\/hoycordobaweb.com\/index.php\/wp-json\/wp\/v2\/media?parent=109785"}],"wp:term":[{"taxonomy":"category","embeddable":true,"href":"http:\/\/hoycordobaweb.com\/index.php\/wp-json\/wp\/v2\/categories?post=109785"},{"taxonomy":"post_tag","embeddable":true,"href":"http:\/\/hoycordobaweb.com\/index.php\/wp-json\/wp\/v2\/tags?post=109785"}],"curies":[{"name":"wp","href":"https:\/\/api.w.org\/{rel}","templated":true}]}}