{"id":109783,"date":"2025-07-02T12:34:16","date_gmt":"2025-07-02T12:34:16","guid":{"rendered":"https:\/\/www.mujerhoy.com\/moda\/no-te-pierdas\/kate-middleton-look-oficina-perfecto-camisa-rayas-chaqueta-lino-20250702143227-nt.html"},"modified":"2025-07-02T12:34:16","modified_gmt":"2025-07-02T12:34:16","slug":"kate-middleton-tiene-el-look-de-oficina-perfecto-camisa-de-rayas-y-la-chaqueta-de-lino-mas-elegante","status":"publish","type":"post","link":"http:\/\/hoycordobaweb.com\/index.php\/2025\/07\/02\/kate-middleton-tiene-el-look-de-oficina-perfecto-camisa-de-rayas-y-la-chaqueta-de-lino-mas-elegante\/","title":{"rendered":"Kate Middleton tiene el look de oficina perfecto: camisa de rayas y la chaqueta de lino m\u00e1s elegante"},"content":{"rendered":"<p><!-- AUTHOR --><\/p>\n<div class=\"voc-author-timesocial \">\n<!-- AUTHOR --><\/p>\n<div class=\"voc-author-timesocial__signature \">\n<!-- IMAGE AUTHOR -->\n<picture class=\"voc-image-signature\">\n<img class=\"voc-image-signature__img\" src=\"http:\/\/hoycordobaweb.com\/wp-content\/uploads\/2025\/07\/kate-middleton-tiene-el-look-de-oficina-perfecto-camisa-de-rayas-y-la-chaqueta-de-lino-mas-elegante.jpg\" alt=\"Patricia Mart\u00edn\">\n<\/picture>\n<!-- INFO AUTHOR --> <\/div><\/div>\n<p><!-- COMPONENTS --><\/p>\n<p class=\"voc-paragraph\">La \u00faltima vez que vimos a <a href=\"https:\/\/www.mujerhoy.com\/temas\/personajes\/kate-middleton.html\" data-voc-vtm-id=\"in-text-traffic\" title=\"Kate Middleton\" data-mrf-link=\"www.mujerhoy.com\">Kate Middleton<\/a> en un evento p\u00fablico fue el pasado 17 de junio en la celebraci\u00f3n del D\u00eda de la Jarreta. Hoy <strong>ha retomado su agenda <\/strong>con un acto ben\u00e9fico: la princesa de Gales ha visitado el hospital de Colchester, en Essex, donde ha podido visitar el Jard\u00edn del Bienestar de la Real Sociedad de la Salud.<\/p>\n<p class=\"voc-paragraph\">Si en su \u00faltima aparici\u00f3n ve\u00edamos a Kate con <a href=\"https:\/\/www.mujerhoy.com\/moda\/no-te-pierdas\/kate-middleton-look-novia-vestido-desfile-dia-jarretera-elegante-20250617111001-nt.html\" data-voc-vtm-id=\"in-text-traffic\" title=\"un look de inspiraci\u00f3n nupcial \" data-mrf-link=\"www.mujerhoy.com\">un look de inspiraci\u00f3n nupcial <\/a>muy arreglado, hoy la vemos con un<strong> estilismo mucho m\u00e1s casual<\/strong>, compuesto por prendas atemporales que siempre funcionan y son muy vers\u00e1tiles, y que es perfecto para ir a la oficina. <\/p>\n<div class=\"v-c-cmp v-c-cmp--t1 \">\n<div class=\"v-cmp-rld v-cmp-rld--2 \">\n<div class=\"v-cnt-m v-cnt-m--m\">\n<div class=\"v-cnt-m__c\">\n<div class=\"v-cnt-m__w v-cnt-m__w--1\">\n<p class=\"v-cnt-m__t\">\nTAMBI\u00c9N TE INTERESA\n<\/p>\n<\/div>\n<\/div>\n<\/div>\n<div class=\"v-g v-g--2-c v-g--bdr-min-xs\">\n<div class=\"v-g__c \">\n<article class=\"v-a v-a--cmp-rld v-a--cmp-rld-2 v-a--p-l\">\n<div class=\"v-a-img-c\">\n<figure class=\"v-a-fig\">\n<a href=\"https:\/\/www.mujerhoy.com\/celebrities\/realeza\/alemanes-prefieren-kate-middleton-que-alexandra-hannover-princesal-plebeya-20250622153507-nt.html#vtm_modulosEngag=mod-rel:moda:noticia:1:cmp:2-not\" class=\"v-a-link\" title=\"Por qu\u00e9 en Alemania se apasionan con Kate Middleton, pero ignoran a Alexandra de Hannover\"><br \/>\n<img loading=\"lazy\" class=\"v-a-img\" src=\"http:\/\/hoycordobaweb.com\/wp-content\/uploads\/2025\/07\/kate-middleton-tiene-el-look-de-oficina-perfecto-camisa-de-rayas-y-la-chaqueta-de-lino-mas-elegante-1.jpg\" alt=\"Por qu\u00e9 en Alemania se apasionan con Kate Middleton, pero ignoran a Alexandra de Hannover\"><br \/>\n<\/a><br \/>\n<\/figure>\n<\/div>\n<\/article>\n<\/div>\n<div class=\"v-g__c \">\n<article class=\"v-a v-a--cmp-rld v-a--cmp-rld-2 v-a--p-l\">\n<div class=\"v-a-img-c\">\n<figure class=\"v-a-fig\">\n<a href=\"https:\/\/www.mujerhoy.com\/moda\/no-te-pierdas\/kate-middleton-trooping-the-colour-look-elegante-sofisticado-vestido-azul-elegante-tocado-joyas-20250614122436-nt.html#vtm_modulosEngag=mod-rel:moda:noticia:2:cmp:2-not\" class=\"v-a-link\" title=\"Kate Middleton acierta con el vestido azul m\u00e1s elegante y tocado a juego en el desfile del Trooping the Colour\"><br \/>\n<img loading=\"lazy\" class=\"v-a-img\" src=\"http:\/\/hoycordobaweb.com\/wp-content\/uploads\/2025\/07\/kate-middleton-tiene-el-look-de-oficina-perfecto-camisa-de-rayas-y-la-chaqueta-de-lino-mas-elegante-2.jpg\" alt=\"Kate Middleton acierta con el vestido azul m\u00e1s elegante y tocado a juego en el desfile del Trooping the Colour\"><br \/>\n<\/a><br \/>\n<\/figure>\n<\/div>\n<\/article>\n<\/div>\n<\/div>\n<\/div>\n<\/div>\n<p><h3 class=\"v-cmp-suh\">\nEl look de Kate Middleton, al detalle<br \/>\n<\/h3>\n<\/p>\n<p class=\"voc-paragraph\">Kate, que es considerada una de las royals mejor vestidas, demuestra que no hacen falta grandes piezas para conseguir <strong>un look elegante y sofisticado<\/strong>. La pieza principal es una chaqueta tipo blazer en tono beige, con raya diplom\u00e1tica blanca. Est\u00e1 tejida en lino, lo que aporta un toque de frescura y hace que sea la chaqueta perfecta para el verano. <\/p>\n<div class=\"v-c-cmp \">\n<div class=\"v-cmp-m v-cmp-m--t1\">\n<article class=\"v-a v-a--cmp-m v-c-cmp--m-p\">\n<div class=\"v-a-img-c v-a-img-c--fw-xs\">\n<div class=\"v-a-fig\">\n<div class=\"v-a-link\">\n<img loading=\"lazy\" src=\"http:\/\/hoycordobaweb.com\/wp-content\/uploads\/2025\/07\/kate-middleton-tiene-el-look-de-oficina-perfecto-camisa-de-rayas-y-la-chaqueta-de-lino-mas-elegante-3.jpg\" class=\"v-a-img\" width=\"650\" height=\"975\" alt=\"El \u00faltimo look de Kate Middleton\" data-voc-vtm-id=\"in-text-traffic\">\n<\/div><figcaption class=\"v-fc\">\n<span class=\"v-fc__t\"><br \/>\nEl \u00faltimo look de Kate Middleton<br \/>\n<\/span><br \/>\n<span class=\"v-fc__p\"><br \/>\nGTRES<br \/>\n<\/span><br \/>\n<\/figcaption><\/div>\n<\/div>\n<\/article>\n<\/div>\n<\/div>\n<p class=\"voc-paragraph\">El corte es entallado, cl\u00e1sico y estructurado, con unas hombreras marcadas que dan forma a la chaqueta y <strong>estilizan la silueta<\/strong>. Una prenda que todas tenemos en nuestros armarios, ya que combina con absolutamente todo y es comod\u00edsima. <\/p>\n<p class=\"voc-paragraph\">Debajo, luce <strong>una camisa blanca con rayas<\/strong> verticales en tono arena. Un dise\u00f1o cl\u00e1sico que lleva con el cuello abierto, para a\u00f1adir un toque relajado y femenino al conjunto. Ideal para llevar en un entorno de trabajo, visita institucional o reuni\u00f3n formal. <\/p>\n<p class=\"voc-paragraph\">Completa el look con varias <strong>joyas minimalistas y discretas<\/strong>: pendientes tipo doble aro, un colgante fino, un anillo XL y un reloj de pulsera met\u00e1lico, sobrio y pr\u00e1ctico. En cuanto al maquillaje, destaca la zona de los ojos, ahumada con sombras oscuras, y los labios en un tono nude, para conseguir un acabado luminoso en la piel. <\/p>\n<p class=\"voc-paragraph\">El cabello lo lleva suelto, con ondas suaves que enmarcan el rostro de forma favorecedora. En definitiva, Kate sorprende con un estilismo neutro y atemporal, muy f\u00e1cil de copiar y que tiene todo lo que buscamos en <strong>un look del d\u00eda a d\u00eda<\/strong>: elegancia, comodidad y sofisticaci\u00f3n. <\/p>\n<div class=\"v-c-cmp v-c-cmp--t1 \">\n<div class=\"v-cmp-rld v-cmp-rld--2 \">\n<div class=\"v-cnt-m v-cnt-m--m\">\n<div class=\"v-cnt-m__c\">\n<div class=\"v-cnt-m__w v-cnt-m__w--1\">\n<p class=\"v-cnt-m__t\">\nTAMBI\u00c9N TE INTERESA\n<\/p>\n<\/div>\n<\/div>\n<\/div>\n<div class=\"v-g v-g--2-c v-g--bdr-min-xs\">\n<div class=\"v-g__c \">\n<article class=\"v-a v-a--cmp-rld v-a--cmp-rld-2 v-a--p-l\">\n<div class=\"v-a-img-c\">\n<figure class=\"v-a-fig\">\n<a href=\"https:\/\/www.mujerhoy.com\/moda\/no-te-pierdas\/kate-middleton-estrena-collar-eslabones-accesorio-joyas-verano-20250612124450-nt.html#vtm_modulosEngag=mod-rel:moda:noticia:1:cmp:2-not\" class=\"v-a-link\" title=\"Kate Middleton estrena el collar tendencia que jam\u00e1s pensaste que lucir\u00eda\"><br \/>\n<img loading=\"lazy\" class=\"v-a-img\" src=\"http:\/\/hoycordobaweb.com\/wp-content\/uploads\/2025\/07\/kate-middleton-tiene-el-look-de-oficina-perfecto-camisa-de-rayas-y-la-chaqueta-de-lino-mas-elegante-4.jpg\" alt=\"Kate Middleton estrena el collar tendencia que jam\u00e1s pensaste que lucir\u00eda\"><br \/>\n<\/a><br \/>\n<\/figure>\n<\/div>\n<\/article>\n<\/div>\n<div class=\"v-g__c \">\n<article class=\"v-a v-a--cmp-rld v-a--cmp-rld-2 v-a--p-l\">\n<div class=\"v-a-img-c\">\n<figure class=\"v-a-fig\">\n<a href=\"https:\/\/www.mujerhoy.com\/moda\/no-te-pierdas\/kate-middleton-rescata-armario-traje-sastreria-favorecedor-20250610162056-nt.html#vtm_modulosEngag=mod-rel:moda:noticia:2:cmp:2-not\" class=\"v-a-link\" title=\"Kate Middleton rescata de su armario el traje de sastrer\u00eda m\u00e1s favorecedor: perfecto para looks de oficina\"><br \/>\n<img loading=\"lazy\" class=\"v-a-img\" src=\"http:\/\/hoycordobaweb.com\/wp-content\/uploads\/2025\/07\/kate-middleton-tiene-el-look-de-oficina-perfecto-camisa-de-rayas-y-la-chaqueta-de-lino-mas-elegante-5.jpg\" alt=\"Kate Middleton rescata de su armario el traje de sastrer\u00eda m\u00e1s favorecedor: perfecto para looks de oficina\"><br \/>\n<\/a><br \/>\n<\/figure>\n<\/div>\n<\/article>\n<\/div>\n<\/div>\n<\/div>\n<\/div>\n<div class=\"media_block\"><\/div>\n","protected":false},"excerpt":{"rendered":"<p>La \u00faltima vez que vimos a Kate Middleton en un evento p\u00fablico fue el pasado 17 de junio en la celebraci\u00f3n del D\u00eda de la Jarreta. Hoy ha retomado su agenda con un acto ben\u00e9fico: la princesa de Gales ha visitado el hospital de Colchester, en Essex, donde ha podido visitar el Jard\u00edn del Bienestar [&hellip;]<\/p>\n","protected":false},"author":1,"featured_media":109784,"comment_status":"closed","ping_status":"closed","sticky":false,"template":"","format":"standard","meta":[],"categories":[],"tags":[],"_links":{"self":[{"href":"http:\/\/hoycordobaweb.com\/index.php\/wp-json\/wp\/v2\/posts\/109783"}],"collection":[{"href":"http:\/\/hoycordobaweb.com\/index.php\/wp-json\/wp\/v2\/posts"}],"about":[{"href":"http:\/\/hoycordobaweb.com\/index.php\/wp-json\/wp\/v2\/types\/post"}],"author":[{"embeddable":true,"href":"http:\/\/hoycordobaweb.com\/index.php\/wp-json\/wp\/v2\/users\/1"}],"replies":[{"embeddable":true,"href":"http:\/\/hoycordobaweb.com\/index.php\/wp-json\/wp\/v2\/comments?post=109783"}],"version-history":[{"count":0,"href":"http:\/\/hoycordobaweb.com\/index.php\/wp-json\/wp\/v2\/posts\/109783\/revisions"}],"wp:featuredmedia":[{"embeddable":true,"href":"http:\/\/hoycordobaweb.com\/index.php\/wp-json\/wp\/v2\/media\/109784"}],"wp:attachment":[{"href":"http:\/\/hoycordobaweb.com\/index.php\/wp-json\/wp\/v2\/media?parent=109783"}],"wp:term":[{"taxonomy":"category","embeddable":true,"href":"http:\/\/hoycordobaweb.com\/index.php\/wp-json\/wp\/v2\/categories?post=109783"},{"taxonomy":"post_tag","embeddable":true,"href":"http:\/\/hoycordobaweb.com\/index.php\/wp-json\/wp\/v2\/tags?post=109783"}],"curies":[{"name":"wp","href":"https:\/\/api.w.org\/{rel}","templated":true}]}}