{"id":109775,"date":"2025-07-01T23:33:25","date_gmt":"2025-07-01T23:33:25","guid":{"rendered":"https:\/\/www.ole.com.ar\/river-plate\/river-gallardo-entrenamientos-libertadores-clausura_0_idlc6TbWw3.html"},"modified":"2025-07-01T23:33:25","modified_gmt":"2025-07-01T23:33:25","slug":"river-vuelve-a-entrenarse-los-34-jugadores-citados-por-gallardo","status":"publish","type":"post","link":"http:\/\/hoycordobaweb.com\/index.php\/2025\/07\/01\/river-vuelve-a-entrenarse-los-34-jugadores-citados-por-gallardo\/","title":{"rendered":"River vuelve a entrenarse: los 34 jugadores citados por Gallardo"},"content":{"rendered":"<p><img src=\"http:\/\/hoycordobaweb.com\/wp-content\/uploads\/2025\/07\/river-vuelve-a-entrenarse-los-34-jugadores-citados-por-gallardo.jpg\"><\/p>\n<p><span class=\"createDate\">01\/07\/2025 20:33hs.<\/span><time class=\"modificatedDate\" datetime=\"2025-07-01T20:39:23-03:00\"> Actualizado al 01\/07\/2025 20:39hs.<\/time><\/p>\n<div id=\"storyBody\">\n<div class=\"custom-text \" readability=\"37.894736842105\">\n<p>Vamos a evaluar y ser puntuales y precisos a la hora de armar la segunda mitad del a\u00f1o y hacerlo de la mejor manera posible para ir en la b\u00fasqueda de la Copa y sentir que podemos tener un mejor semestre que el anterior\u201d. Si bien <strong><a href=\"https:\/\/www.ole.com.ar\/tema\/marcelo-gallardo.html\" title=\"Marcelo Gallardo\" alt=\"Marcelo Gallardo\" class=\"slug\">Marcelo Gallardo<\/a><\/strong> comenz\u00f3 a proyectar la preparaci\u00f3n del plantel apenas <strong><a href=\"https:\/\/www.ole.com.ar\/tema\/river-plate.html\" title=\"River Plate\" alt=\"River Plate\" class=\"slug\">River<\/a><\/strong> fue eliminado del Mundial de Clubes en la derrota contra el Inter en la \u00faltima fecha del Grupo E,<strong> el objetivo del Mu\u00f1eco con el foco en los octavos de la Copa Libertadores<\/strong> (ante Libertad, el 14 y 21 de agosto) <strong>y el inicio del Clausura<\/strong> (el 13 de julio contra Platense) <strong>se pondr\u00e1 en marcha este mi\u00e9rcoles<\/strong>,<strong> <\/strong>desde las 10 en el Camp de Ezeiza,<strong> con 33 futbolistas de los 34 que integraron la lista en el certamen en Estados Unidos.<\/strong><\/p>\n<\/div>\n<div class=\"custom-text \" readability=\"30.866920152091\">\n<p>La \u00fanica modificaci\u00f3n con respecto a la n\u00f3mina del MdC, mientras Gallardo espera la incorporaci\u00f3n de Maxi Salas, es la baja de Franco Mastantuono, que pronto ser\u00e1 anunciado oficialmente por el Real Madrid, y el retorno del delantero juvenil Agust\u00edn Ruberto, en la etapa final de su recuperaci\u00f3n de la <a href=\"https:\/\/www.ole.com.ar\/river-plate\/river-plate-agustin-ruberto-operacion-intervencion-quirurgica-exitosa-tiempo-recuperacion_0_3ddJR7IoVy.html\" target=\"_self\" title=\" rotura del ligamento cruzado de la rodilla izquierda\" alt=\" rotura del ligamento cruzado de la rodilla izquierda\" rel=\"noopener noreferrer\">rotura del ligamento cruzado de la rodilla izquierda<\/a> que sufri\u00f3 en el Sudamericano Sub 20 en febrero. Adem\u00e1s, <a href=\"https:\/\/www.ole.com.ar\/river-plate\/river-plate-pretemporada-marcelo-gallardo_0_X3mBnE3v3B.html\" target=\"_self\" title=\"los pibes Costantini, Lencina y Dad\u00edn, figuras de la Reserva, se sumar\u00e1n al plantel profesional estable\" alt=\"los pibes Costantini, Lencina y Dad\u00edn, figuras de la Reserva, se sumar\u00e1n al plantel profesional estable\" rel=\"noopener noreferrer\">los pibes Costantini, Lencina y Dad\u00edn, figuras de la Reserva, se sumar\u00e1n al plantel profesional estable<\/a>.<\/p>\n<\/div>\n<div class=\"custom-text \" readability=\"33.290322580645\">\n<p>En tanto, ninguno de los jugadores que regresan de sus pr\u00e9stamos estar\u00edan presentes: <a href=\"https:\/\/www.ole.com.ar\/river-plate\/river-plate-adam-bareiro-oferta-formal-fortaleza-brasil_0_r0tHhxS7dr.html\" target=\"_self\" title=\"Adam Bareiro podr\u00eda ser transferido al Fortaleza de Brasil\" alt=\"Adam Bareiro podr\u00eda ser transferido al Fortaleza de Brasil\" rel=\"noopener noreferrer\">Adam Bareiro podr\u00eda ser transferido al Fortaleza de Brasil<\/a>, David Mart\u00ednez (su v\u00ednculo con el Inter Miami termina el 31 de julio y tiene ofertas de clubes de Argentina, Paraguay y M\u00e9xico) y Andr\u00e9s Herrera (el Columbus Crew de la MLS eval\u00faa hacer uso de la opci\u00f3n de compra de su pase, por 1.200.000 d\u00f3lares).<\/p>\n<\/div>\n<div class=\"sc-e7b891c4-0 ifHnQL image-embed\"><img alt=\"Gallardo arranca con la preparaci\u00f3n del equipo para el segundo semestre de 2025 (Prensa River).\" loading=\"lazy\" width=\"720\" height=\"100\" decoding=\"async\" data-nimg=\"1\" src=\"http:\/\/hoycordobaweb.com\/wp-content\/uploads\/2025\/07\/river-vuelve-a-entrenarse-los-34-jugadores-citados-por-gallardo-2.jpg\"><span class=\"epigraphe\">Gallardo arranca con la preparaci\u00f3n del equipo para el segundo semestre de 2025 (Prensa River).<\/span><\/div>\n<p><h2>Los 34 jugadores de River que vuelven a entrenarse<\/h2>\n<\/p>\n<div class=\"custom-text \" readability=\"34\">\n<p><strong>Arqueros (4):<\/strong>&nbsp;Franco Armani, Jerem\u00edas Ledesma, Lucas Lavagnino y Santiago Beltr\u00e1n.<\/p>\n<\/div>\n<div class=\"custom-text \" readability=\"41\">\n<p><strong>Defensores (10):<\/strong> Gonzalo Montiel, Fabricio Bustos, Germ\u00e1n Pezzella, Federico Gattoni, Paulo D\u00edaz, Leandro Gonz\u00e1lez Pirez, Lucas Mart\u00ednez Quarta, Lautaro Rivero, Marcos Acu\u00f1a y Milton Casco.<\/p>\n<\/div>\n<div class=\"custom-text \" readability=\"46\">\n<p><strong>Volantes (14):&nbsp;<\/strong>Enzo P\u00e9rez, Kevin Casta\u00f1o, Mat\u00edas Kranevitter, Rodrigo Aliendro, Santiago Sim\u00f3n, Maximiliano Meza, Nacho Fern\u00e1ndez, Manuel Lanzini, Gonzalo Mart\u00ednez, Mat\u00edas Rojas, Giuliano Galoppo, Santiago Lencina, Giorgio Costantini.<\/p>\n<\/div>\n<div class=\"custom-text \" readability=\"39\">\n<p><strong>Delanteros (6)<\/strong>:&nbsp;Miguel Borja, Facundo Colidio, Sebasti\u00e1n Driussi, Gonzalo Tapia, Ian Subiabre, Bautista Dad\u00edn, Agust\u00edn Ruberto.<\/p>\n<\/div>\n<\/div>\n","protected":false},"excerpt":{"rendered":"<p>01\/07\/2025 20:33hs. Actualizado al 01\/07\/2025 20:39hs. Vamos a evaluar y ser puntuales y precisos a la hora de armar la segunda mitad del a\u00f1o y hacerlo de la mejor manera posible para ir en la b\u00fasqueda de la Copa y sentir que podemos tener un mejor semestre que el anterior\u201d. Si bien Marcelo Gallardo comenz\u00f3 [&hellip;]<\/p>\n","protected":false},"author":1,"featured_media":109776,"comment_status":"open","ping_status":"closed","sticky":false,"template":"","format":"standard","meta":[],"categories":[16],"tags":[],"_links":{"self":[{"href":"http:\/\/hoycordobaweb.com\/index.php\/wp-json\/wp\/v2\/posts\/109775"}],"collection":[{"href":"http:\/\/hoycordobaweb.com\/index.php\/wp-json\/wp\/v2\/posts"}],"about":[{"href":"http:\/\/hoycordobaweb.com\/index.php\/wp-json\/wp\/v2\/types\/post"}],"author":[{"embeddable":true,"href":"http:\/\/hoycordobaweb.com\/index.php\/wp-json\/wp\/v2\/users\/1"}],"replies":[{"embeddable":true,"href":"http:\/\/hoycordobaweb.com\/index.php\/wp-json\/wp\/v2\/comments?post=109775"}],"version-history":[{"count":0,"href":"http:\/\/hoycordobaweb.com\/index.php\/wp-json\/wp\/v2\/posts\/109775\/revisions"}],"wp:featuredmedia":[{"embeddable":true,"href":"http:\/\/hoycordobaweb.com\/index.php\/wp-json\/wp\/v2\/media\/109776"}],"wp:attachment":[{"href":"http:\/\/hoycordobaweb.com\/index.php\/wp-json\/wp\/v2\/media?parent=109775"}],"wp:term":[{"taxonomy":"category","embeddable":true,"href":"http:\/\/hoycordobaweb.com\/index.php\/wp-json\/wp\/v2\/categories?post=109775"},{"taxonomy":"post_tag","embeddable":true,"href":"http:\/\/hoycordobaweb.com\/index.php\/wp-json\/wp\/v2\/tags?post=109775"}],"curies":[{"name":"wp","href":"https:\/\/api.w.org\/{rel}","templated":true}]}}