{"id":10975,"date":"2021-01-21T23:42:47","date_gmt":"2021-01-21T23:42:47","guid":{"rendered":"http:\/\/ladecimaweb.com\/?p=7982"},"modified":"2021-01-21T23:42:47","modified_gmt":"2021-01-21T23:42:47","slug":"al-final-laburamos-para-los-delincuentes-afirma-damnificada-del-robo-de-una-moto-en-vel","status":"publish","type":"post","link":"http:\/\/hoycordobaweb.com\/index.php\/2021\/01\/21\/al-final-laburamos-para-los-delincuentes-afirma-damnificada-del-robo-de-una-moto-en-vel\/","title":{"rendered":"\u201cAl final, laburamos para los delincuentes\u201d, afirma damnificada del robo de una moto en VEL"},"content":{"rendered":"<p>Una vecina de la zona sur que ayer sufri\u00f3 el robo por segunda vez de su ciclomotor se comunic\u00f3 con este medio para manifestar la &#8220;desprotecci\u00f3n&#8221; ciudadana frente al avance de la delincuencia.<\/p>\n<p>&#8220;Soy la se\u00f1ora a la que le robaron la moto ayer en Calamuchita y Piedra Pintada&#8221;, se presenta M\u00f3nica Caminos antes de pasar a contar el hecho de violencia del que fue v\u00edctima.<\/p>\n<p>&#8220;Me arrastraron&#8230; y lo peor es que eran dos pendejos&#8221;, cuenta la damnificada, quien env\u00eda como prueba de la violencia sufrida una foto de las escoriaciones (raspones) en brazos y piernas.<\/p>\n<p>y agrega que &#8220;es la segunda moto que me roban&#8221;. Tras lo cual se pregunta &#8220;\u00bfc\u00f3mo hago para seguir si la moto era para <img loading=\"lazy\" class=\"wp-image-7983 alignleft\" src=\"http:\/\/hoycordobaweb.com\/wp-content\/uploads\/2021\/01\/al-final-laburamos-para-los-delincuentes-afirma-damnificada-del-robo-de-una-moto-en-vel.jpg\" alt=\"\" width=\"236\" height=\"467\" srcset=\"http:\/\/hoycordobaweb.com\/wp-content\/uploads\/2021\/01\/al-final-laburamos-para-los-delincuentes-afirma-damnificada-del-robo-de-una-moto-en-vel.jpg 480w, http:\/\/hoycordobaweb.com\/wp-content\/uploads\/2021\/01\/al-final-laburamos-para-los-delincuentes-afirma-damnificada-del-robo-de-una-moto-en-vel-1.jpg 225w\" sizes=\"(max-width: 236px) 100vw, 236px\" \/>laburar? Al final, laburo para los delincuentes&#8221;, reflexiona, impotente.<\/p>\n<p>&#8220;Fuimos a la polic\u00eda (en realidad, la Unidad Judicial 3) para hacer la denuncia y est\u00e1 todo con Covid 19, no me tomaron y me mandaron a Inaudi, cuando no era ah\u00ed&#8221;, relata.<\/p>\n<p>Por \u00faltimo, dice que en la Polic\u00eda le dijeron que &#8220;le avisemos cualquier cosa si llegamos a ver la moto&#8221;, cuando lo esperable es que sea buscada por ellos.<\/p>\n<p>&nbsp;<\/p>\n<p>&nbsp;<\/p>\n<p>&nbsp;<\/p>\n<p>&nbsp;<\/p>\n<p>&nbsp;<\/p>\n<p>&nbsp;<\/p>\n<p>&nbsp;<\/p>\n<div class=\"ubm_banner\"><a href=\"https:\/\/www.cba.gov.ar\/\" target=\"_blank\" rel=\"dofollow noopener noreferrer\"><img src=\"http:\/\/hoycordobaweb.com\/wp-content\/uploads\/2021\/01\/al-final-laburamos-para-los-delincuentes-afirma-damnificada-del-robo-de-una-moto-en-vel.gif\" alt=\"\"><\/a><\/div>\n<p>La entrada <a rel=\"nofollow\" href=\"https:\/\/ladecimaweb.com\/al-final-laburamos-para-los-delincuentes-afirma-damnificada-del-robo-de-una-moto-en-vel\/\">&#8220;Al final, laburamos para los delincuentes&#8221;, afirma damnificada del robo de una moto en VEL<\/a> se public\u00f3 primero en <a rel=\"nofollow\" href=\"https:\/\/ladecimaweb.com\">LaDecima<\/a>.<\/p>\n","protected":false},"excerpt":{"rendered":"<p>Una vecina de la zona sur que ayer sufri\u00f3 el robo por segunda vez de su ciclomotor se comunic\u00f3 con este medio para manifestar la &#8220;desprotecci\u00f3n&#8221; ciudadana frente al avance de la delincuencia. &#8220;Soy la se\u00f1ora a la que le robaron la moto ayer en Calamuchita y Piedra Pintada&#8221;, se presenta M\u00f3nica Caminos antes de [&hellip;]<\/p>\n","protected":false},"author":1,"featured_media":10976,"comment_status":"closed","ping_status":"closed","sticky":false,"template":"","format":"standard","meta":[],"categories":[19],"tags":[],"_links":{"self":[{"href":"http:\/\/hoycordobaweb.com\/index.php\/wp-json\/wp\/v2\/posts\/10975"}],"collection":[{"href":"http:\/\/hoycordobaweb.com\/index.php\/wp-json\/wp\/v2\/posts"}],"about":[{"href":"http:\/\/hoycordobaweb.com\/index.php\/wp-json\/wp\/v2\/types\/post"}],"author":[{"embeddable":true,"href":"http:\/\/hoycordobaweb.com\/index.php\/wp-json\/wp\/v2\/users\/1"}],"replies":[{"embeddable":true,"href":"http:\/\/hoycordobaweb.com\/index.php\/wp-json\/wp\/v2\/comments?post=10975"}],"version-history":[{"count":0,"href":"http:\/\/hoycordobaweb.com\/index.php\/wp-json\/wp\/v2\/posts\/10975\/revisions"}],"wp:featuredmedia":[{"embeddable":true,"href":"http:\/\/hoycordobaweb.com\/index.php\/wp-json\/wp\/v2\/media\/10976"}],"wp:attachment":[{"href":"http:\/\/hoycordobaweb.com\/index.php\/wp-json\/wp\/v2\/media?parent=10975"}],"wp:term":[{"taxonomy":"category","embeddable":true,"href":"http:\/\/hoycordobaweb.com\/index.php\/wp-json\/wp\/v2\/categories?post=10975"},{"taxonomy":"post_tag","embeddable":true,"href":"http:\/\/hoycordobaweb.com\/index.php\/wp-json\/wp\/v2\/tags?post=10975"}],"curies":[{"name":"wp","href":"https:\/\/api.w.org\/{rel}","templated":true}]}}