{"id":10973,"date":"2021-01-25T22:34:40","date_gmt":"2021-01-25T22:34:40","guid":{"rendered":"http:\/\/ladecimaweb.com\/?p=8023"},"modified":"2021-01-25T22:34:40","modified_gmt":"2021-01-25T22:34:40","slug":"reclaman-por-la-calle-impira-de-barrio-congreso-porque-se-llena-de-agua","status":"publish","type":"post","link":"http:\/\/hoycordobaweb.com\/index.php\/2021\/01\/25\/reclaman-por-la-calle-impira-de-barrio-congreso-porque-se-llena-de-agua\/","title":{"rendered":"Reclaman por la calle Impira de barrio Congreso porque \u201cse llena de agua\u201d"},"content":{"rendered":"<div>\n<div class=\"_1t_p clearfix\">\n<div class=\"_41ud\">\n<div class=\"clearfix _o46 _3erg _29_7 _8lma direction_ltr text_align_ltr\">\n<div id=\"js_1d\" class=\"_3058 _ui9 _hh7 _6ybn _s1- _52mr _3oh-\" data-tooltip-content=\"19:01\" data-hover=\"tooltip\" data-tooltip-position=\"left\">\n<p class=\"_aok\" tabindex=\"0\"><span class=\"_3oh- _58nk\">Vecinos de barrio Congreso escribieron a este medio para reclamar por el arreglo y mantenimiento de la calle Impira. <\/span>Se refieren al tramo entre El Tajamar y La Carlota.<\/p>\n<\/div>\n<\/div>\n<div id=\"js_1d\" class=\"_3058 _ui9 _hh7 _6ybn _s1- _52mr _3oh-\" data-tooltip-content=\"19:01\" data-hover=\"tooltip\" data-tooltip-position=\"left\">\n<div class=\"_aok\" tabindex=\"0\"><span class=\"_3oh- _58nk\">&#8220;Es una calle que se llena de agua constantemente, hace dos a\u00f1os que est\u00e1n haciendo el reclamo&#8221;, escribi\u00f3 Noelia Elizabeth al Facebook de La D\u00e9cima.\u00a0\u00a0<\/span><\/div>\n<\/div>\n<div id=\"js_1c\" class=\"_3058 _ui9 _hh7 _6ybn _s1- _52mr _3oh-\" data-tooltip-content=\"19:01\" data-hover=\"tooltip\" data-tooltip-position=\"left\">\n<div class=\"_aok\" tabindex=\"0\"><span class=\"_3oh- _58nk\">&#8220;No se puede ni pasar&#8221;, dice. &#8220;Que drenen el agua y arreglen la calle&#8221;, agrega.\u00a0<\/span><\/div>\n<\/div>\n<div id=\"js_1b\" class=\"_3058 _ui9 _hh7 _6ybn _s1- _52mr _3oh-\" data-tooltip-content=\"19:02\" data-hover=\"tooltip\" data-tooltip-position=\"left\"><\/div>\n<\/div>\n<\/div>\n<\/div>\n<div>\n<div class=\"_1t_p clearfix\">\n<div class=\"_7934 _150g uiPopover _6a _6b\">\n<div id=\"js_12\" class=\"_4ldz _1t_r _p\" role=\"button\" data-tooltip-content=\"Noelia Elizabeth\" data-hover=\"tooltip\" data-tooltip-position=\"left\" aria-controls=\"js_1l\">\n<div class=\"_4ld-\" tabindex=\"0\">Los vecinos afectados,\u00a0 seg\u00fan cuenta, &#8220;son H\u00e9ctor Almada, Jorge Rodr\u00edguez y Daniela Cabrera&#8221;.<\/div>\n<div tabindex=\"0\"><\/div>\n<div tabindex=\"0\"><img loading=\"lazy\" class=\"wp-image-8025 alignleft\" src=\"http:\/\/hoycordobaweb.com\/wp-content\/uploads\/2021\/01\/reclaman-por-la-calle-impira-de-barrio-congreso-porque-se-llena-de-agua.jpg\" alt=\"\" width=\"242\" height=\"430\" srcset=\"http:\/\/hoycordobaweb.com\/wp-content\/uploads\/2021\/01\/reclaman-por-la-calle-impira-de-barrio-congreso-porque-se-llena-de-agua.jpg 480w, http:\/\/hoycordobaweb.com\/wp-content\/uploads\/2021\/01\/reclaman-por-la-calle-impira-de-barrio-congreso-porque-se-llena-de-agua-1.jpg 250w\" sizes=\"(max-width: 242px) 100vw, 242px\" \/><\/div>\n<div class=\"_4ld-\" tabindex=\"0\">La causa de la acumulaci\u00f3n pluvial ser\u00eda &#8220;una boca calle que hicieron en la calle Tajamar, al levantar ah\u00ed, qued\u00f3 bajo y el agua se estanca en esa zona&#8221;, explic\u00f3 la informante.<\/div>\n<\/div>\n<div tabindex=\"0\"><\/div>\n<div tabindex=\"0\">\n<div class=\"ubm_banner\"><a href=\"https:\/\/www.cba.gov.ar\/\" target=\"_blank\" rel=\"dofollow noopener noreferrer\"><img src=\"http:\/\/hoycordobaweb.com\/wp-content\/uploads\/2021\/01\/reclaman-por-la-calle-impira-de-barrio-congreso-porque-se-llena-de-agua.gif\" alt=\"\"><\/a><\/div>\n<\/div>\n<\/div>\n<div class=\"_41ud\">\n<div class=\"clearfix _o46 _3erg _29_7 direction_ltr text_align_ltr\">\n<div id=\"js_1m\" class=\"_3058 _ui9 _hh7 _6ybn _s1- _52mr _3oh-\" data-tooltip-content=\"19:09\" data-hover=\"tooltip\" data-tooltip-position=\"left\">\n<p class=\"_aok\" tabindex=\"0\">\n<\/div>\n<\/div>\n<\/div>\n<\/div>\n<\/div>\n<p>La entrada <a rel=\"nofollow\" href=\"https:\/\/ladecimaweb.com\/reclaman-por-la-calle-impira-de-barrio-congreso-porque-se-llena-de-agua\/\">Reclaman por la calle Impira de barrio Congreso porque &#8220;se llena de agua&#8221;<\/a> se public\u00f3 primero en <a rel=\"nofollow\" href=\"https:\/\/ladecimaweb.com\">LaDecima<\/a>.<\/p>\n","protected":false},"excerpt":{"rendered":"<p>Vecinos de barrio Congreso escribieron a este medio para reclamar por el arreglo y mantenimiento de la calle Impira. Se refieren al tramo entre El Tajamar y La Carlota. &#8220;Es una calle que se llena de agua constantemente, hace dos a\u00f1os que est\u00e1n haciendo el reclamo&#8221;, escribi\u00f3 Noelia Elizabeth al Facebook de La D\u00e9cima.\u00a0\u00a0 &#8220;No [&hellip;]<\/p>\n","protected":false},"author":1,"featured_media":10974,"comment_status":"closed","ping_status":"closed","sticky":false,"template":"","format":"standard","meta":[],"categories":[19],"tags":[],"_links":{"self":[{"href":"http:\/\/hoycordobaweb.com\/index.php\/wp-json\/wp\/v2\/posts\/10973"}],"collection":[{"href":"http:\/\/hoycordobaweb.com\/index.php\/wp-json\/wp\/v2\/posts"}],"about":[{"href":"http:\/\/hoycordobaweb.com\/index.php\/wp-json\/wp\/v2\/types\/post"}],"author":[{"embeddable":true,"href":"http:\/\/hoycordobaweb.com\/index.php\/wp-json\/wp\/v2\/users\/1"}],"replies":[{"embeddable":true,"href":"http:\/\/hoycordobaweb.com\/index.php\/wp-json\/wp\/v2\/comments?post=10973"}],"version-history":[{"count":0,"href":"http:\/\/hoycordobaweb.com\/index.php\/wp-json\/wp\/v2\/posts\/10973\/revisions"}],"wp:featuredmedia":[{"embeddable":true,"href":"http:\/\/hoycordobaweb.com\/index.php\/wp-json\/wp\/v2\/media\/10974"}],"wp:attachment":[{"href":"http:\/\/hoycordobaweb.com\/index.php\/wp-json\/wp\/v2\/media?parent=10973"}],"wp:term":[{"taxonomy":"category","embeddable":true,"href":"http:\/\/hoycordobaweb.com\/index.php\/wp-json\/wp\/v2\/categories?post=10973"},{"taxonomy":"post_tag","embeddable":true,"href":"http:\/\/hoycordobaweb.com\/index.php\/wp-json\/wp\/v2\/tags?post=10973"}],"curies":[{"name":"wp","href":"https:\/\/api.w.org\/{rel}","templated":true}]}}