{"id":109686,"date":"2025-06-30T19:47:02","date_gmt":"2025-06-30T19:47:02","guid":{"rendered":"https:\/\/www.ole.com.ar\/futbol-internacional\/america\/internacional-ecuador-emelec-sebastian-battaglia-boca_0_HwLbpdP6hv.html"},"modified":"2025-06-30T19:47:02","modified_gmt":"2025-06-30T19:47:02","slug":"el-multicampeon-con-boca-que-suena-para-dirigir-en-el-exterior","status":"publish","type":"post","link":"http:\/\/hoycordobaweb.com\/index.php\/2025\/06\/30\/el-multicampeon-con-boca-que-suena-para-dirigir-en-el-exterior\/","title":{"rendered":"El multicampe\u00f3n con Boca que suena para dirigir en el exterior"},"content":{"rendered":"<p><img src=\"http:\/\/hoycordobaweb.com\/wp-content\/uploads\/2025\/07\/el-multicampeon-con-boca-que-suena-para-dirigir-en-el-exterior.jpg\"><\/p>\n<p><span class=\"createDate\">30\/06\/2025 16:47hs.<\/span><time class=\"modificatedDate\" datetime=\"2025-06-30T16:48:40-03:00\"> Actualizado al 30\/06\/2025 16:48hs.<\/time><\/p>\n<div id=\"storyBody\">\n<div class=\"custom-text \" readability=\"32.263291139241\">\n<p><a href=\"https:\/\/www.ole.com.ar\/tema\/sebastian-battaglia.html\" title=\"Sebasti\u00e1n Battaglia\" alt=\"Sebasti\u00e1n Battaglia\" class=\"slug\">Sebasti\u00e1n Battaglia <\/a>puede sumar un nuevo club en su carrera como entrenador. <strong>El hist\u00f3rico volante Xeneize est\u00e1 en la mira de <a href=\"https:\/\/www.ole.com.ar\/tema\/emelec.html\" title=\"emelec\" alt=\"emelec\" class=\"slug\">Emelec de Ecuador <\/a>para reemplazar a Jorge C\u00e9lico <\/strong>(interinamente est\u00e1 a cargo el argentino Cristian Nasuti): el Bombillo ya se contact\u00f3 con el entorno del ex entrenador de <a href=\"https:\/\/www.ole.com.ar\/tema\/boca-juniors.html\" title=\"Boca Juniors\" alt=\"Boca Juniors\" class=\"slug\">Boca<\/a> y las negociaciones estar\u00edan en curso, con chances de definirse en los pr\u00f3ximos d\u00edas. <\/p>\n<\/div>\n<div class=\"custom-text \" readability=\"39\">\n<p>El conjunto ecuatoriano tiene al Le\u00f3n como uno de los prinicpales candidatos para agarrar las riendas del equipo en un contexto complicado. Claro, es que el Azul marcha 14\u00b0, con 19 unidades, por lo que sigue en puestos de descenso. Adem\u00e1s, gan\u00f3 apenas uno de los \u00faltimos cinco encuentros que disput\u00f3. <strong>\u00bfSer\u00e1 Seba quien llegue a Guayaquil para enderezar el barco? <\/strong><\/p>\n<\/div>\n<p><h2><strong>El paso de Battaglia como entrenador de Boca <\/strong><\/h2>\n<\/p>\n<div class=\"custom-text \" readability=\"40\">\n<p>Como player, Battaglia es historia pura en el Xeneize. Es, nada m\u00e1s ni nada menos, que el jugador m\u00e1s ganador de la historia del club. Pero tambi\u00e9n tuvo un paso como t\u00e9cnico: asumi\u00f3 en 2021, tras la salida de Miguel \u00c1ngel Russo. <strong>A los cuatro meses logr\u00f3 conquistar su primer trofeo como det\u00e9, la Copa Argentina.<\/strong><\/p>\n<\/div>\n<div class=\"sc-e7b891c4-0 ifHnQL image-embed\"><img alt=\"Seba gan\u00f3 dos t\u00edtulos como DT de Boca (REUTERS\/Agustin Marcarian)\" loading=\"lazy\" width=\"720\" height=\"100\" decoding=\"async\" data-nimg=\"1\" src=\"http:\/\/hoycordobaweb.com\/wp-content\/uploads\/2025\/07\/el-multicampeon-con-boca-que-suena-para-dirigir-en-el-exterior-2.jpg\"><span class=\"epigraphe\">Seba gan\u00f3 dos t\u00edtulos como DT de Boca (REUTERS\/Agustin Marcarian)<\/span><\/div>\n<div class=\"custom-text \" readability=\"41\">\n<p>Un a\u00f1o despu\u00e9s, <strong>obtuvo su segundo t\u00edtulo: la Copa de la Liga, venciendo a Tigre en la final. <\/strong>A mediados del 2022, marcado por algunos malos resultados y la eliminaci\u00f3n en octavos de final de la Copa Libertadores con Corinthians, tuvo una salida compleja del club. Dirigi\u00f3 57 partidos, de los cuales gan\u00f3 29, empat\u00f3 17 y perdi\u00f3 11.<\/p>\n<\/div>\n<p><h2><strong>Los otros clubes donde dirigi\u00f3<\/strong><\/h2>\n<\/p>\n<div class=\"custom-text \" readability=\"34.782608695652\">\n<p>El estreno de Battaglia como det\u00e9 fue en <a href=\"https:\/\/www.ole.com.ar\/tema\/almagro.html\" title=\"Almagro\" alt=\"Almagro\" class=\"slug\">Almagro<\/a>, all\u00e1 por la temporada 2018\/19. En esa ocasi\u00f3n, pel\u00f3 el ascenso hasta el final y cay\u00f3 en el desempate contra Aldosivi por un lugar en la vieja Superliga. <\/p>\n<\/div>\n<div class=\"custom-text \" readability=\"34.666666666667\">\n<p>Tras el paso por la Reserva y posteriormente el primer equipo del Xeneize, <strong>en 2023 se hizo cargo de<a href=\"https:\/\/www.ole.com.ar\/tema\/huracan.html\" title=\"Hurac\u00e1n\" alt=\"Hurac\u00e1n\" class=\"slug\"> Hurac<\/a><a href=\"https:\/\/www.ole.com.ar\/tema\/huracan.html\" title=\"Hurac\u00e1n\" alt=\"Hurac\u00e1n\" class=\"slug\">\u00e1<\/a><a href=\"https:\/\/www.ole.com.ar\/tema\/huracan.html\" title=\"Hurac\u00e1n\" alt=\"Hurac\u00e1n\" class=\"slug\">n<\/a><\/strong>, que atravesaba un momento complicado desde lo deportivo. En el Globo, dirigi\u00f3 diez partidos sin conseguir victorias. Por \u00faltimo, en 2025 tuvo un breve paso por <a href=\"https:\/\/www.ole.com.ar\/tema\/san-miguel.html\" title=\"San Miguel\" alt=\"San Miguel\" class=\"slug\">San Miguel<\/a> en la <a href=\"https:\/\/www.ole.com.ar\/tema\/primera-nacional.html\" title=\"Primera Nacional\" alt=\"Primera Nacional\" class=\"slug\">Primera Nacional<\/a>. <\/p>\n<\/div>\n<div class=\"sc-e7b891c4-0 ifHnQL image-embed\"><img alt=\"Battaglia dirigi\u00f3 a Hurac\u00e1n en 2023 (Photo by ALEJANDRO PAGNI \/ AFP)\" loading=\"lazy\" width=\"720\" height=\"100\" decoding=\"async\" data-nimg=\"1\" src=\"http:\/\/hoycordobaweb.com\/wp-content\/uploads\/2025\/07\/el-multicampeon-con-boca-que-suena-para-dirigir-en-el-exterior-3.jpg\"><span class=\"epigraphe\">Battaglia dirigi\u00f3 a Hurac\u00e1n en 2023 (Photo by ALEJANDRO PAGNI \/ AFP)<\/span><\/div>\n<div class=\"sc-a7166897-0 eoLsBE\" readability=\"6\">\n<section readability=\"2\"><picture><img alt=\"Golpazo Mundial: el Inter de Lautaro eliminado por Fluminense en octavos\" loading=\"lazy\" width=\"290\" height=\"290\" decoding=\"async\" data-nimg=\"1\" src=\"http:\/\/hoycordobaweb.com\/wp-content\/uploads\/2025\/07\/el-multicampeon-con-boca-que-suena-para-dirigir-en-el-exterior-4.jpg\"><\/picture>\n<p><span>Mir\u00e1 tambi\u00e9n<\/span><\/p>\n<hr>\n<h3>Golpazo Mundial: el Inter de Lautaro eliminado por Fluminense en octavos<\/h3>\n<\/p>\n<\/section>\n<\/div>\n<div class=\"sc-a7166897-0 eoLsBE\" readability=\"6.5\">\n<section readability=\"3\"><picture><img alt=\"Bajo la lupa de Gallardo: los juveniles que podr\u00edan sumarse a la pretemporada de River\" loading=\"lazy\" width=\"290\" height=\"290\" decoding=\"async\" data-nimg=\"1\" src=\"http:\/\/hoycordobaweb.com\/wp-content\/uploads\/2025\/07\/el-multicampeon-con-boca-que-suena-para-dirigir-en-el-exterior-5.jpg\"><\/picture>\n<p><span>Mir\u00e1 tambi\u00e9n<\/span><\/p>\n<hr>\n<h3>Bajo la lupa de Gallardo: los juveniles que podr\u00edan sumarse a la pretemporada de River<\/h3>\n<\/p>\n<\/section>\n<\/div>\n<\/div>\n","protected":false},"excerpt":{"rendered":"<p>30\/06\/2025 16:47hs. Actualizado al 30\/06\/2025 16:48hs. Sebasti\u00e1n Battaglia puede sumar un nuevo club en su carrera como entrenador. El hist\u00f3rico volante Xeneize est\u00e1 en la mira de Emelec de Ecuador para reemplazar a Jorge C\u00e9lico (interinamente est\u00e1 a cargo el argentino Cristian Nasuti): el Bombillo ya se contact\u00f3 con el entorno del ex entrenador de [&hellip;]<\/p>\n","protected":false},"author":1,"featured_media":109687,"comment_status":"open","ping_status":"closed","sticky":false,"template":"","format":"standard","meta":[],"categories":[16],"tags":[],"_links":{"self":[{"href":"http:\/\/hoycordobaweb.com\/index.php\/wp-json\/wp\/v2\/posts\/109686"}],"collection":[{"href":"http:\/\/hoycordobaweb.com\/index.php\/wp-json\/wp\/v2\/posts"}],"about":[{"href":"http:\/\/hoycordobaweb.com\/index.php\/wp-json\/wp\/v2\/types\/post"}],"author":[{"embeddable":true,"href":"http:\/\/hoycordobaweb.com\/index.php\/wp-json\/wp\/v2\/users\/1"}],"replies":[{"embeddable":true,"href":"http:\/\/hoycordobaweb.com\/index.php\/wp-json\/wp\/v2\/comments?post=109686"}],"version-history":[{"count":0,"href":"http:\/\/hoycordobaweb.com\/index.php\/wp-json\/wp\/v2\/posts\/109686\/revisions"}],"wp:featuredmedia":[{"embeddable":true,"href":"http:\/\/hoycordobaweb.com\/index.php\/wp-json\/wp\/v2\/media\/109687"}],"wp:attachment":[{"href":"http:\/\/hoycordobaweb.com\/index.php\/wp-json\/wp\/v2\/media?parent=109686"}],"wp:term":[{"taxonomy":"category","embeddable":true,"href":"http:\/\/hoycordobaweb.com\/index.php\/wp-json\/wp\/v2\/categories?post=109686"},{"taxonomy":"post_tag","embeddable":true,"href":"http:\/\/hoycordobaweb.com\/index.php\/wp-json\/wp\/v2\/tags?post=109686"}],"curies":[{"name":"wp","href":"https:\/\/api.w.org\/{rel}","templated":true}]}}