{"id":109676,"date":"2025-06-30T23:39:52","date_gmt":"2025-06-30T23:39:52","guid":{"rendered":"https:\/\/www.ole.com.ar\/futbol-femenino\/bonmati-internacion-meningitis-eurocopa_0_OChOsyr3N6.html"},"modified":"2025-06-30T23:39:52","modified_gmt":"2025-06-30T23:39:52","slug":"aitana-boimati-de-alta-ya-esta-con-la-seleccion","status":"publish","type":"post","link":"http:\/\/hoycordobaweb.com\/index.php\/2025\/06\/30\/aitana-boimati-de-alta-ya-esta-con-la-seleccion\/","title":{"rendered":"Aitana Boimat\u00ed de alta: ya est\u00e1 con la selecci\u00f3n"},"content":{"rendered":"<p><img src=\"http:\/\/hoycordobaweb.com\/wp-content\/uploads\/2025\/07\/aitana-boimati-de-alta-ya-esta-con-la-seleccion.jpg\"><\/p>\n<p><time class=\"createDate\" datetime=\"2025-06-30T20:39:52-03:00\">30\/06\/2025 20:39hs.<\/time><\/p>\n<div id=\"storyBody\">\n<div class=\"custom-text \" readability=\"30.306976744186\">\n<p>Hubo mucha preocupaci\u00f3n el \u00faltimo viernes cuando <a href=\"https:\/\/www.ole.com.ar\/futbol-femenino\/aitana-meningitis-barcelona-espana_0_7Am0H9dNnJ.html\" target=\"_self\" title=\"se difundi\u00f3 la internaci\u00f3n de urgencia de Aitana Bonmat\u00ed\" alt=\"se difundi\u00f3 la internaci\u00f3n de urgencia de Aitana Bonmat\u00ed\" rel=\"noopener noreferrer\">se difundi\u00f3 la internaci\u00f3n de urgencia de Aitana Bonmat\u00ed<\/a>, figura de la selecci\u00f3n de Espa\u00f1a y ganadora de los dos \u00faltimos Balones de Oro como mejor jugadora del mundo. Este lunes por la noche lleg\u00f3 la tranquilidad: <strong>la futbolista del <a href=\"https:\/\/www.ole.com.ar\/tema\/barcelona.html\" title=\"Barcelona\" alt=\"Barcelona\" class=\"slug\">Barcelona<\/a> ya est\u00e1 de alta y se reintegr\u00f3 al plantel de la selecci\u00f3n ib\u00e9rica que disputar\u00e1 la Eurocopa<\/strong> que arranca esta semana en Suiza.<\/p>\n<\/div>\n<div class=\"custom-text \" readability=\"35\">\n<p>La jugadora expres\u00f3 en sus redes sociales: \u00abGracias a todos por los mensajes recibidos y a los que me hab\u00e9is ayudado estos d\u00edas. Afortunadamente, todo va bien, espero volver pronto\u00bb.<\/p>\n<\/div>\n<div class=\"custom-text \" readability=\"37\">\n<p>Aunque fue dada de alta, algunas fuentes indican que a\u00fan no estaba m\u00e9dicamente autorizada para jugar, y su participaci\u00f3n en los primeros partidos de la Eurocopa (especialmente contra Portugal el 3 de julio) segu\u00eda siendo incierta, dependiendo de su evoluci\u00f3n f\u00edsica en los d\u00edas posteriores.<\/p>\n<\/div>\n<div class=\"sc-e7b891c4-0 ifHnQL image-embed\"><img alt=\"Aitana Boimat\u00ed volvi\u00f3 a la concentraci\u00f3n de Espa\u00f1a.\" loading=\"lazy\" width=\"720\" height=\"100\" decoding=\"async\" data-nimg=\"1\" src=\"http:\/\/hoycordobaweb.com\/wp-content\/uploads\/2025\/07\/aitana-boimati-de-alta-ya-esta-con-la-seleccion-2.jpg\"><span class=\"epigraphe\">Aitana Boimat\u00ed volvi\u00f3 a la concentraci\u00f3n de Espa\u00f1a.<\/span><\/div>\n<div class=\"sc-e7b891c4-0 ifHnQL image-embed\"><img alt=\"Aitana Boimat\u00ed volvi\u00f3 a la concentraci\u00f3n de Espa\u00f1a.\" loading=\"lazy\" width=\"720\" height=\"100\" decoding=\"async\" data-nimg=\"1\" src=\"http:\/\/hoycordobaweb.com\/wp-content\/uploads\/2025\/07\/aitana-boimati-de-alta-ya-esta-con-la-seleccion-3.jpg\"><span class=\"epigraphe\">Aitana Boimat\u00ed volvi\u00f3 a la concentraci\u00f3n de Espa\u00f1a.<\/span><\/div>\n<p><h2><strong>\u00bfQu\u00e9 le pas\u00f3 a Boimat\u00ed?<\/strong><\/h2>\n<\/p>\n<div class=\"custom-text \" readability=\"41\">\n<p>La jugadora empez\u00f3 a sentir fiebre, mareos y dolor de cabeza. Al ser analizada, se detect\u00f3 que sufr\u00eda una meningitis v\u00edrica, por lo que se resolvi\u00f3 su inmediato ingreso en un hospital. La tranquilidad lleg\u00f3 cuando la jugadora difundi\u00f3 una imagen desde su habitaci\u00f3n, una sala com\u00fan. La entrenadora, Montse Tom\u00e9, al confirmar el problema no hab\u00eda podido indicar una fecha de salida. <\/p>\n<\/div>\n<p><h2><strong>Qu\u00e9 es una meningitis v\u00edrica<\/strong><\/h2>\n<\/p>\n<div class=\"custom-text \" readability=\"43\">\n<p>Es una inflamaci\u00f3n de las meninges, que son las membranas que recubren el cerebro y la m\u00e9dula espinal, causada por virus, y no por bacterias u hongos. Los s\u00edntomas suelen ser dolor de cabeza, fiebre, n\u00e1useas, v\u00f3mitos, fatiga y dolor en el cuello. Generalmente, los tiempos de recuperaci\u00f3n son de siete a diez d\u00edaz. Solo suele ser grave en beb\u00e9s y adultos mayores.<\/p>\n<\/div>\n<div class=\"sc-a7166897-0 eoLsBE\" readability=\"7.5\">\n<section readability=\"5\"><picture><img alt=\"Real Madrid vs Juventus, por el Mundial de Clubes: hora, c\u00f3mo ver y probables formaciones\" loading=\"lazy\" width=\"290\" height=\"290\" decoding=\"async\" data-nimg=\"1\" src=\"http:\/\/hoycordobaweb.com\/wp-content\/uploads\/2025\/07\/aitana-boimati-de-alta-ya-esta-con-la-seleccion-4.jpg\"><\/picture>\n<p><span>Mir\u00e1 tambi\u00e9n<\/span><\/p>\n<hr>\n<h3>Real Madrid vs Juventus, por el Mundial de Clubes: hora, c\u00f3mo ver y probables formaciones<\/h3>\n<\/p>\n<\/section>\n<\/div>\n<div class=\"sc-a7166897-0 eoLsBE\" readability=\"7\">\n<section readability=\"4\"><picture><img alt=\"Renato Ga\u00facho: &quot;Tienen mucho m\u00e1s dinero que nosotros, pero en el campo somos 11 contra 11&quot;\" loading=\"lazy\" width=\"290\" height=\"290\" decoding=\"async\" data-nimg=\"1\" src=\"http:\/\/hoycordobaweb.com\/wp-content\/uploads\/2025\/07\/aitana-boimati-de-alta-ya-esta-con-la-seleccion-5.jpg\"><\/picture>\n<p><span>Mir\u00e1 tambi\u00e9n<\/span><\/p>\n<hr>\n<h3>Renato Ga\u00facho: \u00abTienen mucho m\u00e1s dinero que nosotros, pero en el campo somos 11 contra 11\u00bb<\/h3>\n<\/p>\n<\/section>\n<\/div>\n<\/div>\n","protected":false},"excerpt":{"rendered":"<p>30\/06\/2025 20:39hs. Hubo mucha preocupaci\u00f3n el \u00faltimo viernes cuando se difundi\u00f3 la internaci\u00f3n de urgencia de Aitana Bonmat\u00ed, figura de la selecci\u00f3n de Espa\u00f1a y ganadora de los dos \u00faltimos Balones de Oro como mejor jugadora del mundo. Este lunes por la noche lleg\u00f3 la tranquilidad: la futbolista del Barcelona ya est\u00e1 de alta y [&hellip;]<\/p>\n","protected":false},"author":1,"featured_media":109677,"comment_status":"open","ping_status":"closed","sticky":false,"template":"","format":"standard","meta":[],"categories":[16],"tags":[],"_links":{"self":[{"href":"http:\/\/hoycordobaweb.com\/index.php\/wp-json\/wp\/v2\/posts\/109676"}],"collection":[{"href":"http:\/\/hoycordobaweb.com\/index.php\/wp-json\/wp\/v2\/posts"}],"about":[{"href":"http:\/\/hoycordobaweb.com\/index.php\/wp-json\/wp\/v2\/types\/post"}],"author":[{"embeddable":true,"href":"http:\/\/hoycordobaweb.com\/index.php\/wp-json\/wp\/v2\/users\/1"}],"replies":[{"embeddable":true,"href":"http:\/\/hoycordobaweb.com\/index.php\/wp-json\/wp\/v2\/comments?post=109676"}],"version-history":[{"count":0,"href":"http:\/\/hoycordobaweb.com\/index.php\/wp-json\/wp\/v2\/posts\/109676\/revisions"}],"wp:featuredmedia":[{"embeddable":true,"href":"http:\/\/hoycordobaweb.com\/index.php\/wp-json\/wp\/v2\/media\/109677"}],"wp:attachment":[{"href":"http:\/\/hoycordobaweb.com\/index.php\/wp-json\/wp\/v2\/media?parent=109676"}],"wp:term":[{"taxonomy":"category","embeddable":true,"href":"http:\/\/hoycordobaweb.com\/index.php\/wp-json\/wp\/v2\/categories?post=109676"},{"taxonomy":"post_tag","embeddable":true,"href":"http:\/\/hoycordobaweb.com\/index.php\/wp-json\/wp\/v2\/tags?post=109676"}],"curies":[{"name":"wp","href":"https:\/\/api.w.org\/{rel}","templated":true}]}}