{"id":10944,"date":"2021-01-25T01:46:00","date_gmt":"2021-01-25T01:46:00","guid":{"rendered":"http:\/\/hoycordobaweb.com\/index.php\/2021\/01\/25\/el-intendente-de-la-matanza-destaco-la-tarea-solidaria-de-los-jovenes-en-la-vacunacion\/"},"modified":"2021-01-25T01:46:00","modified_gmt":"2021-01-25T01:46:00","slug":"el-intendente-de-la-matanza-destaco-la-tarea-solidaria-de-los-jovenes-en-la-vacunacion","status":"publish","type":"post","link":"http:\/\/hoycordobaweb.com\/index.php\/2021\/01\/25\/el-intendente-de-la-matanza-destaco-la-tarea-solidaria-de-los-jovenes-en-la-vacunacion\/","title":{"rendered":"El intendente de La Matanza destac\u00f3 la tarea \u00absolidaria\u00bb de los j\u00f3venes en la vacunaci\u00f3n"},"content":{"rendered":"<p><img src=\"http:\/\/hoycordobaweb.com\/wp-content\/uploads\/2021\/01\/el-intendente-de-la-matanza-destaco-la-tarea-solidaria-de-los-jovenes-en-la-vacunacion.jpg\"><\/p>\n<div class=\"image\" id=\"image\" readability=\"7\"> <img src=\"http:\/\/hoycordobaweb.com\/wp-content\/uploads\/2021\/01\/el-intendente-de-la-matanza-destaco-la-tarea-solidaria-de-los-jovenes-en-la-vacunacion-2.jpg\" alt=\"El intendente destac\u00f3 la importancia del cuidado entre todos\" title=\"El intendente destac\u00f3 la importancia del cuidado entre todos\"><\/p>\n<p>El intendente destac\u00f3 la importancia del cuidado entre todos<\/p>\n<\/div>\n<p>El intendente del municipio bonaerense de La Matanza, Fernando Espinoza, destac\u00f3 la tarea de la juventud que de manera \u00absolidaria realiza acciones fundamentales\u00bb para colaborar con la vacunaci\u00f3n contra el coronavirus, inform\u00f3 esa comuna.<\/p>\n<p>Espinoza estuvo en uno de los puntos de inscripci\u00f3n en los que \u00abest\u00e1n trabajando los j\u00f3venes que decidieron salir a la v\u00eda p\u00fablica para colaborar con el registro en <a href=\"http:\/\/www.vacunatepba.gba.gob.ar\" target=\"_blank\" rel=\"noopener noreferrer\">www.vacunatepba.gba.gob.ar<\/a> y avanzar con el proceso de inmunizaci\u00f3n contra el COVID-19&#8243;, se indic\u00f3.<\/p>\n<p>\u00abEstamos muy contentos generando entre todos los sectores de la sociedad de La Matanza esta decisi\u00f3n de la juventud solidaria de salir a la calle, en cada una de nuestras ciudades y en cada una de nuestras plazas para realizar acciones fundamentales\u00bb, sostuvo el jefe comunal.<\/p>\n<p>A\u00f1adi\u00f3 que \u00abla juventud est\u00e1 al lado de nuestra gente para asesorarla en c\u00f3mo tiene que inscribirse para poder ser vacunada\u00bb.<\/p>\n<p>\u00abNuestros j\u00f3venes est\u00e1n con las computadoras, en cada plaza de cada una de las ciudades, ayudando y asistiendo a aquellas personas que quiz\u00e1s no tengan buen manejo de la tecnolog\u00eda o que tengan dudas con respecto a la inscripci\u00f3n para la vacunaci\u00f3n\u00bb, indic\u00f3.<\/p>\n<p><strong>Espinoza sostuvo que \u00abtenemos que tomar conciencia y redoblar los esfuerzos porque lo importante es vacunarse\u00bb.<\/strong> <\/p>\n","protected":false},"excerpt":{"rendered":"<p>El intendente destac\u00f3 la importancia del cuidado entre todos El intendente del municipio bonaerense de La Matanza, Fernando Espinoza, destac\u00f3 la tarea de la juventud que de manera \u00absolidaria realiza acciones fundamentales\u00bb para colaborar con la vacunaci\u00f3n contra el coronavirus, inform\u00f3 esa comuna. Espinoza estuvo en uno de los puntos de inscripci\u00f3n en los que [&hellip;]<\/p>\n","protected":false},"author":1,"featured_media":10945,"comment_status":"open","ping_status":"closed","sticky":false,"template":"","format":"standard","meta":[],"categories":[19],"tags":[],"_links":{"self":[{"href":"http:\/\/hoycordobaweb.com\/index.php\/wp-json\/wp\/v2\/posts\/10944"}],"collection":[{"href":"http:\/\/hoycordobaweb.com\/index.php\/wp-json\/wp\/v2\/posts"}],"about":[{"href":"http:\/\/hoycordobaweb.com\/index.php\/wp-json\/wp\/v2\/types\/post"}],"author":[{"embeddable":true,"href":"http:\/\/hoycordobaweb.com\/index.php\/wp-json\/wp\/v2\/users\/1"}],"replies":[{"embeddable":true,"href":"http:\/\/hoycordobaweb.com\/index.php\/wp-json\/wp\/v2\/comments?post=10944"}],"version-history":[{"count":0,"href":"http:\/\/hoycordobaweb.com\/index.php\/wp-json\/wp\/v2\/posts\/10944\/revisions"}],"wp:featuredmedia":[{"embeddable":true,"href":"http:\/\/hoycordobaweb.com\/index.php\/wp-json\/wp\/v2\/media\/10945"}],"wp:attachment":[{"href":"http:\/\/hoycordobaweb.com\/index.php\/wp-json\/wp\/v2\/media?parent=10944"}],"wp:term":[{"taxonomy":"category","embeddable":true,"href":"http:\/\/hoycordobaweb.com\/index.php\/wp-json\/wp\/v2\/categories?post=10944"},{"taxonomy":"post_tag","embeddable":true,"href":"http:\/\/hoycordobaweb.com\/index.php\/wp-json\/wp\/v2\/tags?post=10944"}],"curies":[{"name":"wp","href":"https:\/\/api.w.org\/{rel}","templated":true}]}}