{"id":109393,"date":"2025-06-27T22:49:02","date_gmt":"2025-06-27T22:49:02","guid":{"rendered":"https:\/\/www.ole.com.ar\/futbol-femenino\/aitana-meningitis-barcelona-espana_0_7Am0H9dNnJ.html"},"modified":"2025-06-27T22:49:02","modified_gmt":"2025-06-27T22:49:02","slug":"internaron-de-urgencia-a-aitana-bonmati","status":"publish","type":"post","link":"http:\/\/hoycordobaweb.com\/index.php\/2025\/06\/27\/internaron-de-urgencia-a-aitana-bonmati\/","title":{"rendered":"Internaron de urgencia a Aitana Bonmat\u00ed"},"content":{"rendered":"<p><img src=\"http:\/\/hoycordobaweb.com\/wp-content\/uploads\/2025\/06\/internaron-de-urgencia-a-aitana-bonmati.jpg\"><\/p>\n<p><time class=\"createDate\" datetime=\"2025-06-27T19:49:02-03:00\">27\/06\/2025 19:49hs.<\/time><\/p>\n<div id=\"storyBody\">\n<div class=\"custom-text \" readability=\"37.285714285714\">\n<p>Hubo mucha preocupaci\u00f3n en <a href=\"https:\/\/www.ole.com.ar\/tema\/seleccion-de-espana.html\" title=\"selecci\u00f3n de espa\u00f1a\" alt=\"selecci\u00f3n de espa\u00f1a\" class=\"slug\">Espa\u00f1a<\/a> cuando se supo que <strong>Aitana Bonmat\u00ed, futbolista del <a href=\"https:\/\/www.ole.com.ar\/tema\/barcelona.html\" title=\"Barcelona\" alt=\"Barcelona\" class=\"slug\">Barcelona<\/a> y ganadora de los dos \u00faltimos Balones de Oro, hab\u00eda sido internada de urgencia con meningitis v\u00edrica.<\/strong> El diagn\u00f3stico fue confirmado por la t\u00e9cnica de la selecci\u00f3n femenina, Montse Tom\u00e9, tras la victoria por 3-1 ante Jap\u00f3n en el Estadio de Butarque (Legan\u00e9s).<\/p>\n<\/div>\n<div class=\"custom-text \" readability=\"40\">\n<p>\u00abNo pudo entrenar por d\u00e9cimas de fiebre, y durante el d\u00eda no mejor\u00f3 mucho, estaba cansada. Esta ma\u00f1ana ha hecho pruebas. En principio todo iba bien, pero en la \u00faltima prueba se le diagnostic\u00f3 meningitis v\u00edrica. En principio est\u00e1 controlado, tal y como me dice el doctor.<strong> Est\u00e1 ingresada pero no sabemos plazos\u00bb,<\/strong> afirm\u00f3 Tom\u00e9.<\/p>\n<\/div>\n<div class=\"custom-text \" readability=\"38\">\n<p>Aunque no se sabe cu\u00e1ndo podr\u00e1 dejar el hospital, fue la misma jugadora la que public\u00f3 este viernes, en su cuenta de Instagram, una foto viendo el partido en el sanatorio en el que fue internada, lo cual tranquiliz\u00f3 a los aficionados.<\/p>\n<\/div>\n<div class=\"sc-e7b891c4-0 ifHnQL image-embed\"><img alt=\"Aitana Bonmati difundi\u00f3 esta imagen viendo el partido de Espa\u00f1a.\" loading=\"lazy\" width=\"720\" height=\"100\" decoding=\"async\" data-nimg=\"1\" src=\"http:\/\/hoycordobaweb.com\/wp-content\/uploads\/2025\/06\/internaron-de-urgencia-a-aitana-bonmati-2.jpg\"><span class=\"epigraphe\">Aitana Bonmati difundi\u00f3 esta imagen viendo el partido de Espa\u00f1a.<\/span><\/div>\n<div class=\"sc-e7b891c4-0 ifHnQL image-embed\"><img alt=\"Aitana Bonmat\u00ed y Lionel Messi. (FOTO: Bal\u00f3n de Oro)\" loading=\"lazy\" width=\"720\" height=\"100\" decoding=\"async\" data-nimg=\"1\" src=\"http:\/\/hoycordobaweb.com\/wp-content\/uploads\/2025\/06\/internaron-de-urgencia-a-aitana-bonmati-3.jpg\"><span class=\"epigraphe\">Aitana Bonmat\u00ed y Lionel Messi. (FOTO: Bal\u00f3n de Oro)<\/span><\/div>\n<div class=\"custom-text \" readability=\"35\">\n<p>\u00abAitana es important\u00edsima, la vamos a esperar s\u00ed o s\u00ed hasta el final\u00bb, finaliz\u00f3 Tom\u00e9 sobre su jugadora de cara a la Eurocopa en la que Espa\u00f1a debutar\u00e1 el pr\u00f3ximo 3 de julio ante Portugal.<\/p>\n<\/div>\n<p><h2><strong>Muy exitosa<\/strong><\/h2>\n<\/p>\n<div class=\"custom-text \" readability=\"36\">\n<p>Aitana tambi\u00e9n gan\u00f3 el Bal\u00f3n de Oro de la Copa Mundial 2023: MVP del torneo ganado por Espa\u00f1a. Tambi\u00e9n gan\u00f3 el FIFA Women Player de 2023 y 2024. En su perfil de Instagram tiene fijada una imagen junto a Lionel Messi, de 2023, con los Balones de Oro.<\/p>\n<\/div>\n<div class=\"custom-text \" readability=\"33\">\n<p> Con el Barcelona gan\u00f3 cinco Ligas de Espa\u00f1a en forma consecutiva. Hay consenso de que es la mejor futbolista del mundo en la actualidad.<\/p>\n<\/div>\n<p><h2><strong>Qu\u00e9 es una meningitis v\u00edrica<\/strong><\/h2>\n<\/p>\n<div class=\"custom-text \" readability=\"43\">\n<p>Es una inflamaci\u00f3n de las meninges, que son las membranas que recubren el cerebro y la m\u00e9dula espinal, causada por virus, y no por bacterias u hongos. Los s\u00edntomas suelen ser dolor de cabeza, fiebre, n\u00e1useas, v\u00f3mitos, fatiga y dolor en el cuello. Generalmente, los tiempos de recuperaci\u00f3n son de siete a diez d\u00edaz. Solo suele ser grave en beb\u00e9s y adultos mayores. <\/p>\n<\/div>\n<div class=\"sc-a7166897-0 eoLsBE\" readability=\"6\">\n<section readability=\"2\"><picture><img alt=\"El uno por uno de todos los cruces de octavos del Mundial de Clubes\" loading=\"lazy\" width=\"290\" height=\"290\" decoding=\"async\" data-nimg=\"1\" src=\"http:\/\/hoycordobaweb.com\/wp-content\/uploads\/2025\/06\/internaron-de-urgencia-a-aitana-bonmati-4.jpg\"><\/picture>\n<p><span>Mir\u00e1 tambi\u00e9n<\/span><\/p>\n<hr>\n<h3>El uno por uno de todos los cruces de octavos del Mundial de Clubes<\/h3>\n<\/p>\n<\/section>\n<\/div>\n<div class=\"sc-a7166897-0 eoLsBE\" readability=\"6.5\">\n<section readability=\"3\"><picture><img alt=\"Olimpia les dijo adi\u00f3s a Pratto y Lisandro L\u00f3pez: \u00bfcu\u00e1les ser\u00e1n sus pr\u00f3ximos destinos?\" loading=\"lazy\" width=\"290\" height=\"290\" decoding=\"async\" data-nimg=\"1\" src=\"http:\/\/hoycordobaweb.com\/wp-content\/uploads\/2025\/06\/internaron-de-urgencia-a-aitana-bonmati-5.jpg\"><\/picture>\n<p><span>Mir\u00e1 tambi\u00e9n<\/span><\/p>\n<hr>\n<h3>Olimpia les dijo adi\u00f3s a Pratto y Lisandro L\u00f3pez: \u00bfcu\u00e1les ser\u00e1n sus pr\u00f3ximos destinos?<\/h3>\n<\/p>\n<\/section>\n<\/div>\n<\/div>\n","protected":false},"excerpt":{"rendered":"<p>27\/06\/2025 19:49hs. Hubo mucha preocupaci\u00f3n en Espa\u00f1a cuando se supo que Aitana Bonmat\u00ed, futbolista del Barcelona y ganadora de los dos \u00faltimos Balones de Oro, hab\u00eda sido internada de urgencia con meningitis v\u00edrica. El diagn\u00f3stico fue confirmado por la t\u00e9cnica de la selecci\u00f3n femenina, Montse Tom\u00e9, tras la victoria por 3-1 ante Jap\u00f3n en el [&hellip;]<\/p>\n","protected":false},"author":1,"featured_media":109394,"comment_status":"open","ping_status":"closed","sticky":false,"template":"","format":"standard","meta":[],"categories":[16],"tags":[],"_links":{"self":[{"href":"http:\/\/hoycordobaweb.com\/index.php\/wp-json\/wp\/v2\/posts\/109393"}],"collection":[{"href":"http:\/\/hoycordobaweb.com\/index.php\/wp-json\/wp\/v2\/posts"}],"about":[{"href":"http:\/\/hoycordobaweb.com\/index.php\/wp-json\/wp\/v2\/types\/post"}],"author":[{"embeddable":true,"href":"http:\/\/hoycordobaweb.com\/index.php\/wp-json\/wp\/v2\/users\/1"}],"replies":[{"embeddable":true,"href":"http:\/\/hoycordobaweb.com\/index.php\/wp-json\/wp\/v2\/comments?post=109393"}],"version-history":[{"count":0,"href":"http:\/\/hoycordobaweb.com\/index.php\/wp-json\/wp\/v2\/posts\/109393\/revisions"}],"wp:featuredmedia":[{"embeddable":true,"href":"http:\/\/hoycordobaweb.com\/index.php\/wp-json\/wp\/v2\/media\/109394"}],"wp:attachment":[{"href":"http:\/\/hoycordobaweb.com\/index.php\/wp-json\/wp\/v2\/media?parent=109393"}],"wp:term":[{"taxonomy":"category","embeddable":true,"href":"http:\/\/hoycordobaweb.com\/index.php\/wp-json\/wp\/v2\/categories?post=109393"},{"taxonomy":"post_tag","embeddable":true,"href":"http:\/\/hoycordobaweb.com\/index.php\/wp-json\/wp\/v2\/tags?post=109393"}],"curies":[{"name":"wp","href":"https:\/\/api.w.org\/{rel}","templated":true}]}}