{"id":109209,"date":"2025-06-26T11:47:15","date_gmt":"2025-06-26T11:47:15","guid":{"rendered":"https:\/\/www.mujerhoy.com\/moda\/no-te-pierdas\/mejores-blusas-estrenar-nueva-temporada-alto-20250626134650-nt.html"},"modified":"2025-06-26T11:47:15","modified_gmt":"2025-06-26T11:47:15","slug":"estas-son-las-mejores-blusas-para-estrenar-la-nueva-temporada-por-todo-lo-alto","status":"publish","type":"post","link":"http:\/\/hoycordobaweb.com\/index.php\/2025\/06\/26\/estas-son-las-mejores-blusas-para-estrenar-la-nueva-temporada-por-todo-lo-alto\/","title":{"rendered":"Estas son las mejores blusas para estrenar la nueva temporada por todo lo alto"},"content":{"rendered":"<p><!-- AUTHOR --><\/p>\n<div class=\"voc-author-timesocial \">\n<!-- AUTHOR --><\/p>\n<div class=\"voc-author-timesocial__signature \">\n<!-- IMAGE AUTHOR -->\n<picture class=\"voc-image-signature\">\n<img class=\"voc-image-signature__img\" src=\"http:\/\/hoycordobaweb.com\/wp-content\/uploads\/2025\/06\/estas-son-las-mejores-blusas-para-estrenar-la-nueva-temporada-por-todo-lo-alto.jpg\" alt=\"Gemma Cano\">\n<\/picture>\n<!-- INFO AUTHOR --><\/p>\n<div class=\"voc-author-timesocial__info\" data-mrf-recirculation=\"Autor\">\n<div class=\"voc-author-info\">\n<author><br \/>\n<a class=\"voc-author\" href=\"https:\/\/www.mujerhoy.com\/autor\/gemma-cano-1220.html\">Gemma Cano<\/a><br \/>\n<\/author><br \/>\n<!-- TIME --><br \/>\n<time data-voc-date-modified class=\"mdamp-article-time\" itemprop=\"dateModified\" datetime=\"2025-06-26T11:46:53Z\" data-timestamp><br \/>\nActualizado \u00b7 <span data-voc-date-modified-short>26 de junio de 2025, 13:46 h<\/span><br \/>\n<\/time>\n<\/div>\n<\/div>\n<\/div><\/div>\n<p><!-- COMPONENTS --><\/p>\n<p class=\"voc-paragraph\">Aunque la mayor\u00eda de nosotras estamos completamente centradas en las rebajas de verano, <strong>las nuevas colecciones est\u00e1n llegando<\/strong>, pidiendo su sitio. Y no hay nada mejor que empezar a estrenar estos avances de temporada con prendas que podr\u00e1s estrenar ahora mismo. <\/p>\n<p class=\"voc-paragraph\">Si no quer\u00e9is caer con tendencias ef\u00edmeras,&nbsp;hay propuestas b\u00e1sicas que no pueden faltar en ning\u00fan fondo de armario de verano. Y una de ellas es, sin duda, la <a href=\"https:\/\/www.mujerhoy.com\/moda\/tendencias\/basicos-camisas-baratas-nuevo-zara-2025-20250609100841-nt.html\" data-voc-vtm-id=\"in-text-traffic\" title=\"blusa\" data-mrf-link=\"www.mujerhoy.com\">blusa<\/a> en su versi\u00f3n m\u00e1s veraniega. Una prenda muy vers\u00e1til, que deber\u00eda estar en cualquier guardarropa, sea cual sea vuestro estilo o edad. <\/p>\n<div class=\"v-c-cmp v-c-cmp--t1 \">\n<div class=\"v-cmp-rld v-cmp-rld--2 \">\n<div class=\"v-cnt-m v-cnt-m--m\">\n<div class=\"v-cnt-m__c\">\n<div class=\"v-cnt-m__w v-cnt-m__w--1\">\n<p class=\"v-cnt-m__t\">\nTAMBI\u00c9N TE INTERESA\n<\/p>\n<\/div>\n<\/div>\n<\/div>\n<div class=\"v-g v-g--2-c v-g--bdr-min-xs\">\n<div class=\"v-g__c \">\n<article class=\"v-a v-a--cmp-rld v-a--cmp-rld-2 v-a--p-l\">\n<div class=\"v-a-img-c\">\n<figure class=\"v-a-fig\">\n<a href=\"https:\/\/www.mujerhoy.com\/moda\/no-te-pierdas\/vestido-punto-tendencia-verano-comodo-20250617073142-nt.html#vtm_modulosEngag=mod-rel:moda:noticia:1:cmp:2-not\" class=\"v-a-link\" title=\"El vestido de punto ser\u00e1 la prenda estrella de la temporada de verano \u00a1Toma nota!\"><br \/>\n<img loading=\"lazy\" class=\"v-a-img\" src=\"http:\/\/hoycordobaweb.com\/wp-content\/uploads\/2025\/06\/estas-son-las-mejores-blusas-para-estrenar-la-nueva-temporada-por-todo-lo-alto-1.jpg\" alt=\"El vestido de punto ser\u00e1 la prenda estrella de la temporada de verano \u00a1Toma nota!\"><br \/>\n<\/a><br \/>\n<\/figure>\n<\/div>\n<\/article>\n<\/div>\n<div class=\"v-g__c \">\n<article class=\"v-a v-a--cmp-rld v-a--cmp-rld-2 v-a--p-l\">\n<div class=\"v-a-img-c\">\n<figure class=\"v-a-fig\">\n<a href=\"https:\/\/www.mujerhoy.com\/moda\/no-te-pierdas\/pantalones-lino-tipazo-verano-instagram-zara-20250617073758-nt.html#vtm_modulosEngag=mod-rel:moda:noticia:2:cmp:2-not\" class=\"v-a-link\" title=\"Este verano los pantalones de lino ser\u00e1n la prenda imprescindible de tu armario\"><br \/>\n<img loading=\"lazy\" class=\"v-a-img\" src=\"http:\/\/hoycordobaweb.com\/wp-content\/uploads\/2025\/06\/estas-son-las-mejores-blusas-para-estrenar-la-nueva-temporada-por-todo-lo-alto-2.jpg\" alt=\"Este verano los pantalones de lino ser\u00e1n la prenda imprescindible de tu armario\"><br \/>\n<\/a><br \/>\n<\/figure>\n<\/div>\n<\/article>\n<\/div>\n<\/div>\n<\/div>\n<\/div>\n<div class=\"v-c-cmp v-c-cmp--s\">\n<div class=\"v-cmp-m \">\n<article class=\"v-a v-a--cmp-m v-c-cmp--m-z\">\n<div class=\"v-a-img-c \">\n<div class=\"v-a-fig\">\n<button class=\"v-a-link\" popovertarget=\"photo-512\"><br \/>\n<img loading=\"lazy\" src=\"http:\/\/hoycordobaweb.com\/wp-content\/uploads\/2025\/06\/estas-son-las-mejores-blusas-para-estrenar-la-nueva-temporada-por-todo-lo-alto-3.jpg\" class=\"v-a-img\" width=\"650\" height=\"650\" alt data-voc-vtm-id=\"in-text-traffic\"> <\/button>\n<\/div>\n<\/div>\n<div id=\"photo-512\" popover class=\"v-mdl v-mdl--fw\">\n<button class=\"v-x\" popovertarget=\"photo-512\" popovertargetaction=\"hide\"><br \/>\n<span class=\"v-i\"><br \/>\n<svg width=\"24\" height=\"23.996\" viewBox=\"0 0 24 23.996\">\n<path data-name=\"Uni\u00f3n 29\" d=\"M12,14.03,2.031,24,0,21.963,9.968,12,0,2.033,2.031,0,12,9.966,21.969,0,24,2.033,14.032,12,24,21.963,21.969,24Z\" \/>\n<\/svg><br \/>\n<\/span><br \/>\n<\/button><\/p>\n<div class=\"v-mdl__c\">\n<div class=\"v-mdl__w\">\n<img loading=\"lazy\" src=\"http:\/\/hoycordobaweb.com\/wp-content\/uploads\/2025\/06\/estas-son-las-mejores-blusas-para-estrenar-la-nueva-temporada-por-todo-lo-alto-3.jpg\" class=\"v-mdl__img-z\" width=\"650\" height=\"650\" alt>\n<\/div>\n<\/div>\n<\/div>\n<p><span class=\"v-bdp\"><\/span><br \/>\n<\/article>\n<\/div>\n<\/div>\n<p class=\"voc-paragraph\">Y ahora que los term\u00f3metros se est\u00e1n disparando, ha llegado el momento de empezar a pensar en prendas ligeras pero con un toque elegante- Y para ayudarte en la tarea, <strong>hemos seleccionado las blusas estampadas m\u00e1s bonitas<\/strong> que acaban de llegar a tienda. \u00bfCu\u00e1l es vuestra favorita?<\/p>\n<p class=\"voc-paragraph\">Si sois de las que pas\u00e1is de largo por la secci\u00f3n de rebajas, ten\u00e9is que seguir leyendo. \u00bfQu\u00e9 nos proponen nuestras marcas de referencia para la nueva temporada que acaba de empezar? En tus marcas favoritas descubrir\u00e1s que&nbsp;la blusa estampada es una de las prendas m\u00e1s buscadas del momento. <\/p>\n<p class=\"voc-paragraph\">Si est\u00e1s en pleno proceso de refrescar tu colecci\u00f3n de b\u00e1sicos de verano, de cara las vacaciones, tienes que apostar por este tipo de dise\u00f1os con sabor a buen tiempo. Si los combinas con una <a href=\"https:\/\/www.mujerhoy.com\/moda\/no-te-pierdas\/faldas-largas-fluidas-verano-look-comodo-fresquito-20250618120314-nt.html\" data-voc-vtm-id=\"in-text-traffic\" title=\"falda\" data-mrf-link=\"www.mujerhoy.com\">falda<\/a> de lino o un <a href=\"https:\/\/www.mujerhoy.com\/moda\/no-te-pierdas\/pantalones-lino-tipazo-verano-instagram-zara-20250617073758-nt.html\" data-voc-vtm-id=\"in-text-traffic\" title=\"pantal\u00f3n\" data-mrf-link=\"www.mujerhoy.com\">pantal\u00f3n<\/a> fluido conseguir\u00e1s un look de nota, que podr\u00e1s lucir en cualquier ocasi\u00f3n durante las pr\u00f3ximas semanas de verano.<\/p>\n<div class=\"v-c-cmp v-c-cmp--s\">\n<div class=\"v-cmp-m \">\n<article class=\"v-a v-a--cmp-m v-c-cmp--m-z\">\n<div class=\"v-a-img-c \">\n<div class=\"v-a-fig\">\n<button class=\"v-a-link\" popovertarget=\"photo-737\"><br \/>\n<img loading=\"lazy\" src=\"http:\/\/hoycordobaweb.com\/wp-content\/uploads\/2025\/06\/estas-son-las-mejores-blusas-para-estrenar-la-nueva-temporada-por-todo-lo-alto-4.jpg\" class=\"v-a-img\" width=\"650\" height=\"650\" alt data-voc-vtm-id=\"in-text-traffic\"> <\/button>\n<\/div>\n<\/div>\n<div id=\"photo-737\" popover class=\"v-mdl v-mdl--fw\">\n<button class=\"v-x\" popovertarget=\"photo-737\" popovertargetaction=\"hide\"><br \/>\n<span class=\"v-i\"><br \/>\n<svg width=\"24\" height=\"23.996\" viewBox=\"0 0 24 23.996\">\n<path data-name=\"Uni\u00f3n 29\" d=\"M12,14.03,2.031,24,0,21.963,9.968,12,0,2.033,2.031,0,12,9.966,21.969,0,24,2.033,14.032,12,24,21.963,21.969,24Z\" \/>\n<\/svg><br \/>\n<\/span><br \/>\n<\/button><\/p>\n<div class=\"v-mdl__c\">\n<div class=\"v-mdl__w\">\n<img loading=\"lazy\" src=\"http:\/\/hoycordobaweb.com\/wp-content\/uploads\/2025\/06\/estas-son-las-mejores-blusas-para-estrenar-la-nueva-temporada-por-todo-lo-alto-4.jpg\" class=\"v-mdl__img-z\" width=\"650\" height=\"650\" alt>\n<\/div>\n<\/div>\n<\/div>\n<p><span class=\"v-bdp\"><\/span><br \/>\n<\/article>\n<\/div>\n<\/div>\n<p class=\"voc-paragraph\">Y para ayudarte en esta importante tarea, hemos seleccionado&nbsp;algunas de las propuestas m\u00e1s interesantes de las colecciones que est\u00e1n llegando ahora mismo a las tiendas. <strong>\u00a1Lo dif\u00edcil ser\u00e1 elegir solamente un dise\u00f1o!<\/strong><\/p>\n<div class=\"v-c-cmp v-c-cmp--s\">\n<div class=\"v-cmp-m \">\n<article class=\"v-a v-a--cmp-m v-c-cmp--m-z\">\n<div class=\"v-a-img-c \">\n<div class=\"v-a-fig\">\n<button class=\"v-a-link\" popovertarget=\"photo-767\"><br \/>\n<img loading=\"lazy\" src=\"http:\/\/hoycordobaweb.com\/wp-content\/uploads\/2025\/06\/estas-son-las-mejores-blusas-para-estrenar-la-nueva-temporada-por-todo-lo-alto-5.jpg\" class=\"v-a-img\" width=\"650\" height=\"650\" alt=\"Camisa de rayas de Zara (25,99 euros)\" data-voc-vtm-id=\"in-text-traffic\"> <\/button><figcaption class=\"v-fc\">\n<span class=\"v-fc__t\"><br \/>\nCamisa de rayas de Zara (25,99 euros)<br \/>\n<\/span><br \/>\n<\/figcaption><\/div>\n<\/div>\n<div id=\"photo-767\" popover class=\"v-mdl v-mdl--fw\">\n<button class=\"v-x\" popovertarget=\"photo-767\" popovertargetaction=\"hide\"><br \/>\n<span class=\"v-i\"><br \/>\n<svg width=\"24\" height=\"23.996\" viewBox=\"0 0 24 23.996\">\n<path data-name=\"Uni\u00f3n 29\" d=\"M12,14.03,2.031,24,0,21.963,9.968,12,0,2.033,2.031,0,12,9.966,21.969,0,24,2.033,14.032,12,24,21.963,21.969,24Z\" \/>\n<\/svg><br \/>\n<\/span><br \/>\n<\/button><\/p>\n<div class=\"v-mdl__c\">\n<div class=\"v-mdl__w\">\n<img loading=\"lazy\" src=\"http:\/\/hoycordobaweb.com\/wp-content\/uploads\/2025\/06\/estas-son-las-mejores-blusas-para-estrenar-la-nueva-temporada-por-todo-lo-alto-5.jpg\" class=\"v-mdl__img-z\" width=\"650\" height=\"650\" alt>\n<\/div>\n<\/div>\n<\/div>\n<p><span class=\"v-bdp\"><\/span><br \/>\n<\/article>\n<\/div>\n<\/div>\n<p><h3 class=\"v-cmp-suh\">\nCamisa de rayas de Zara (25,99 euros)<br \/>\n<\/h3>\n<\/p>\n<p class=\"voc-paragraph\">Un b\u00e1sico de verano, de estilo rom\u00e1ntico gracias a los lazos, que no puedes dejar escapar esta temporada. Apuesta por los estampados de rayas, en colores neutros, para conseguir el look muy elegante sin demasiado esfuerzo. <\/p>\n<div class=\"v-c-cmp v-c-cmp--s\">\n<div class=\"v-cmp-m \">\n<article class=\"v-a v-a--cmp-m v-c-cmp--m-z\">\n<div class=\"v-a-img-c \">\n<div class=\"v-a-fig\">\n<button class=\"v-a-link\" popovertarget=\"photo-95\"><br \/>\n<img loading=\"lazy\" src=\"http:\/\/hoycordobaweb.com\/wp-content\/uploads\/2025\/06\/estas-son-las-mejores-blusas-para-estrenar-la-nueva-temporada-por-todo-lo-alto-6.jpg\" class=\"v-a-img\" width=\"650\" height=\"650\" alt=\"Camisa estampada de Zara (25,99 euros)\" data-voc-vtm-id=\"in-text-traffic\"> <\/button><figcaption class=\"v-fc\">\n<span class=\"v-fc__t\"><br \/>\nCamisa estampada de Zara (25,99 euros)<br \/>\n<\/span><br \/>\n<\/figcaption><\/div>\n<\/div>\n<div id=\"photo-95\" popover class=\"v-mdl v-mdl--fw\">\n<button class=\"v-x\" popovertarget=\"photo-95\" popovertargetaction=\"hide\"><br \/>\n<span class=\"v-i\"><br \/>\n<svg width=\"24\" height=\"23.996\" viewBox=\"0 0 24 23.996\">\n<path data-name=\"Uni\u00f3n 29\" d=\"M12,14.03,2.031,24,0,21.963,9.968,12,0,2.033,2.031,0,12,9.966,21.969,0,24,2.033,14.032,12,24,21.963,21.969,24Z\" \/>\n<\/svg><br \/>\n<\/span><br \/>\n<\/button><\/p>\n<div class=\"v-mdl__c\">\n<div class=\"v-mdl__w\">\n<img loading=\"lazy\" src=\"http:\/\/hoycordobaweb.com\/wp-content\/uploads\/2025\/06\/estas-son-las-mejores-blusas-para-estrenar-la-nueva-temporada-por-todo-lo-alto-6.jpg\" class=\"v-mdl__img-z\" width=\"650\" height=\"650\" alt>\n<\/div>\n<\/div>\n<\/div>\n<p><span class=\"v-bdp\"><\/span><br \/>\n<\/article>\n<\/div>\n<\/div>\n<p><h3 class=\"v-cmp-suh\">\nCamisa estampada de Zara (25,99 euros)<br \/>\n<\/h3>\n<\/p>\n<p class=\"voc-paragraph\">Este tipo de prendas rom\u00e1nticas, con bordados de flores, son perfectas para conseguir el mejor look de nueva temporada durante las semanas de vacaciones. Una de las piezas m\u00e1s especiales de la nueva temporada de la firma de Inditex. <\/p>\n<div class=\"v-c-cmp v-c-cmp--s\">\n<div class=\"v-cmp-m \">\n<article class=\"v-a v-a--cmp-m v-c-cmp--m-z\">\n<div class=\"v-a-img-c \">\n<div class=\"v-a-fig\">\n<button class=\"v-a-link\" popovertarget=\"photo-432\"><br \/>\n<img loading=\"lazy\" src=\"http:\/\/hoycordobaweb.com\/wp-content\/uploads\/2025\/06\/estas-son-las-mejores-blusas-para-estrenar-la-nueva-temporada-por-todo-lo-alto-7.jpg\" class=\"v-a-img\" width=\"650\" height=\"650\" alt=\"Camisa estampada de Zara (29,95 euros)\" data-voc-vtm-id=\"in-text-traffic\"> <\/button><figcaption class=\"v-fc\">\n<span class=\"v-fc__t\"><br \/>\nCamisa estampada de Zara (29,95 euros)<br \/>\n<\/span><br \/>\n<\/figcaption><\/div>\n<\/div>\n<div id=\"photo-432\" popover class=\"v-mdl v-mdl--fw\">\n<button class=\"v-x\" popovertarget=\"photo-432\" popovertargetaction=\"hide\"><br \/>\n<span class=\"v-i\"><br \/>\n<svg width=\"24\" height=\"23.996\" viewBox=\"0 0 24 23.996\">\n<path data-name=\"Uni\u00f3n 29\" d=\"M12,14.03,2.031,24,0,21.963,9.968,12,0,2.033,2.031,0,12,9.966,21.969,0,24,2.033,14.032,12,24,21.963,21.969,24Z\" \/>\n<\/svg><br \/>\n<\/span><br \/>\n<\/button><\/p>\n<div class=\"v-mdl__c\">\n<div class=\"v-mdl__w\">\n<img loading=\"lazy\" src=\"http:\/\/hoycordobaweb.com\/wp-content\/uploads\/2025\/06\/estas-son-las-mejores-blusas-para-estrenar-la-nueva-temporada-por-todo-lo-alto-7.jpg\" class=\"v-mdl__img-z\" width=\"650\" height=\"650\" alt>\n<\/div>\n<\/div>\n<\/div>\n<p><span class=\"v-bdp\"><\/span><br \/>\n<\/article>\n<\/div>\n<\/div>\n<p><h3 class=\"v-cmp-suh\">\nCamisa estampada de Zara (29,95 euros)<br \/>\n<\/h3>\n<\/p>\n<p class=\"voc-paragraph\">Aqu\u00ed est\u00e1 el dise\u00f1o m\u00e1s elegante de la temporada gracias a su bonito estampado. Una pieza muy vers\u00e1til que tienes que incluir, s\u00ed o s\u00ed, en tu lista de deseos de verano. \u00a1No la dejes escapar! <\/p>\n<div class=\"v-c-cmp v-c-cmp--t1 \">\n<div class=\"v-cmp-rld v-cmp-rld--2 \">\n<div class=\"v-cnt-m v-cnt-m--m\">\n<div class=\"v-cnt-m__c\">\n<div class=\"v-cnt-m__w v-cnt-m__w--1\">\n<p class=\"v-cnt-m__t\">\nTAMBI\u00c9N TE INTERESA\n<\/p>\n<\/div>\n<\/div>\n<\/div>\n<div class=\"v-g v-g--2-c v-g--bdr-min-xs\">\n<div class=\"v-g__c \">\n<article class=\"v-a v-a--cmp-rld v-a--cmp-rld-2 v-a--p-l\">\n<div class=\"v-a-img-c\">\n<figure class=\"v-a-fig\">\n<a href=\"https:\/\/www.mujerhoy.com\/moda\/tendencias\/nuevo-primavera-basicos-baratos-zara-20250616073743-nt.html#vtm_modulosEngag=mod-rel:moda:noticia:1:cmp:2-not\" class=\"v-a-link\" title=\"Esta temporada solo necesitas un chaleco para renovar tu armario de nueva temporada\"><br \/>\n<img loading=\"lazy\" class=\"v-a-img\" src=\"http:\/\/hoycordobaweb.com\/wp-content\/uploads\/2025\/06\/estas-son-las-mejores-blusas-para-estrenar-la-nueva-temporada-por-todo-lo-alto-8.jpg\" alt=\"Esta temporada solo necesitas un chaleco para renovar tu armario de nueva temporada\"><br \/>\n<\/a><br \/>\n<\/figure>\n<\/div>\n<\/article>\n<\/div>\n<div class=\"v-g__c \">\n<article class=\"v-a v-a--cmp-rld v-a--cmp-rld-2 v-a--p-l\">\n<div class=\"v-a-img-c\">\n<figure class=\"v-a-fig\">\n<a href=\"https:\/\/www.mujerhoy.com\/moda\/no-te-pierdas\/rebajas-verano-2025-zara-vestidos-bolsos-20250619170647-nt.html#vtm_modulosEngag=mod-rel:moda:noticia:2:cmp:2-not\" class=\"v-a-link\" title=\"Las mejores prendas de las rebajas de Zara que no deber\u00edas dejar escapar este verano\"><br \/>\n<img loading=\"lazy\" class=\"v-a-img\" src=\"http:\/\/hoycordobaweb.com\/wp-content\/uploads\/2025\/06\/estas-son-las-mejores-blusas-para-estrenar-la-nueva-temporada-por-todo-lo-alto-9.jpg\" alt=\"Las mejores prendas de las rebajas de Zara que no deber\u00edas dejar escapar este verano\"><br \/>\n<\/a><br \/>\n<\/figure>\n<\/div>\n<\/article>\n<\/div>\n<\/div>\n<\/div>\n<\/div>\n<div class=\"media_block\"><\/div>\n","protected":false},"excerpt":{"rendered":"<p>Gemma Cano Actualizado \u00b7 26 de junio de 2025, 13:46 h Aunque la mayor\u00eda de nosotras estamos completamente centradas en las rebajas de verano, las nuevas colecciones est\u00e1n llegando, pidiendo su sitio. Y no hay nada mejor que empezar a estrenar estos avances de temporada con prendas que podr\u00e1s estrenar ahora mismo. Si no quer\u00e9is [&hellip;]<\/p>\n","protected":false},"author":1,"featured_media":109210,"comment_status":"closed","ping_status":"closed","sticky":false,"template":"","format":"standard","meta":[],"categories":[],"tags":[],"_links":{"self":[{"href":"http:\/\/hoycordobaweb.com\/index.php\/wp-json\/wp\/v2\/posts\/109209"}],"collection":[{"href":"http:\/\/hoycordobaweb.com\/index.php\/wp-json\/wp\/v2\/posts"}],"about":[{"href":"http:\/\/hoycordobaweb.com\/index.php\/wp-json\/wp\/v2\/types\/post"}],"author":[{"embeddable":true,"href":"http:\/\/hoycordobaweb.com\/index.php\/wp-json\/wp\/v2\/users\/1"}],"replies":[{"embeddable":true,"href":"http:\/\/hoycordobaweb.com\/index.php\/wp-json\/wp\/v2\/comments?post=109209"}],"version-history":[{"count":0,"href":"http:\/\/hoycordobaweb.com\/index.php\/wp-json\/wp\/v2\/posts\/109209\/revisions"}],"wp:featuredmedia":[{"embeddable":true,"href":"http:\/\/hoycordobaweb.com\/index.php\/wp-json\/wp\/v2\/media\/109210"}],"wp:attachment":[{"href":"http:\/\/hoycordobaweb.com\/index.php\/wp-json\/wp\/v2\/media?parent=109209"}],"wp:term":[{"taxonomy":"category","embeddable":true,"href":"http:\/\/hoycordobaweb.com\/index.php\/wp-json\/wp\/v2\/categories?post=109209"},{"taxonomy":"post_tag","embeddable":true,"href":"http:\/\/hoycordobaweb.com\/index.php\/wp-json\/wp\/v2\/tags?post=109209"}],"curies":[{"name":"wp","href":"https:\/\/api.w.org\/{rel}","templated":true}]}}