{"id":108998,"date":"2025-06-23T23:02:41","date_gmt":"2025-06-23T23:02:41","guid":{"rendered":"https:\/\/www.ole.com.ar\/futbol-ascenso\/ascneso-primera-nacional-ferro-alfredo-grelak_0_VQBMvtuWYv.html"},"modified":"2025-06-23T23:02:41","modified_gmt":"2025-06-23T23:02:41","slug":"ferro-alfredo-grelak-dejo-de-ser-el-entrenador-y-se-estira-la-crisis","status":"publish","type":"post","link":"http:\/\/hoycordobaweb.com\/index.php\/2025\/06\/23\/ferro-alfredo-grelak-dejo-de-ser-el-entrenador-y-se-estira-la-crisis\/","title":{"rendered":"Ferro: Alfredo Grelak dej\u00f3 de ser el entrenador y se estira la crisis"},"content":{"rendered":"<p><img src=\"http:\/\/hoycordobaweb.com\/wp-content\/uploads\/2025\/06\/ferro-alfredo-grelak-dejo-de-ser-el-entrenador-y-se-estira-la-crisis.jpg\"><\/p>\n<p><time class=\"createDate\" datetime=\"2025-06-23T20:02:41-03:00\">23\/06\/2025 20:02hs.<\/time><\/p>\n<div id=\"storyBody\">\n<div class=\"custom-text \" readability=\"34.961538461538\">\n<p>Cuando est\u00e1s de malas, todo se hace el doble de complicado y cuesta arriba. Y en Caballito lo saben: sumado al mal presente deportivo, donde se ubica 13\u00b0 con 23 unidades, fuera de los puestos de Reducido en la <a href=\"https:\/\/www.ole.com.ar\/tema\/primera-nacional.html\" title=\"Primera Nacional\" alt=\"Primera Nacional\" class=\"slug\">Primera Nacional<\/a>, este lunes se confirm\u00f3 lo que se ve\u00eda venir hace rato: <strong><a href=\"https:\/\/www.ole.com.ar\/tema\/alfredo-grelak.html\" title=\"Alfredo Grelak\" alt=\"Alfredo Grelak\" class=\"slug\">Alfredo Grelak<\/a> dej\u00f3 de ser el entrenador de <a href=\"https:\/\/www.ole.com.ar\/tema\/ferro.html\" title=\"Ferro\" alt=\"Ferro\" class=\"slug\">Ferro<\/a>. <\/strong><\/p>\n<\/div>\n<div class=\"custom-text \" readability=\"41\">\n<p>S\u00ed, es que Oeste gan\u00f3 apenas uno de los \u00faltimos seis partidos (2-0 contra Los Andes en la fecha 16) y el fin de ciclo estaba al caer. Incluso, el domingo, tras la derrota por 2-0 frente a San Mart\u00edn de Tucum\u00e1n en el Arquitecto Ricardo Etchevrry, el det\u00e9 se reuni\u00f3 con la Subcomisi\u00f3n de F\u00fatbol y Michael Etulain, el Director Deportivo de la instituci\u00f3n, y <strong>se opt\u00f3 por tomar una decisi\u00f3n en la semana.<\/strong> <\/p>\n<\/div>\n<div class=\"custom-text \" readability=\"37.218274111675\">\n<p>Y as\u00ed fue: apenas 24 horas despu\u00e9s de la caida ante el Santo,<strong> con otra charla mediante, se confirm\u00f3 la salida de Grelak.<\/strong> De esta forma, se acaba una etapa que dur\u00f3 un semestre y pas\u00f3 de todo: de la ilusi\u00f3n a principio de a\u00f1o con un mercado de pases con nombres fuertes a la pelea interna que deriv\u00f3 en la salida de <a href=\"https:\/\/www.ole.com.ar\/tema\/gonzalo-castellani.html\" title=\"Gonzalo Castellani\" alt=\"Gonzalo Castellani\" class=\"slug\">Gonzalo Castellani<\/a>, referente y hasta aquel entonces capit\u00e1n de Ferro. <\/p>\n<\/div>\n<div class=\"sc-e7b891c4-0 ifHnQL image-embed\"><img alt=\"Alfredo Grelak dur\u00f3 seis meses en el cargo (Foto: Prensa Oficial)\" loading=\"lazy\" width=\"720\" height=\"100\" decoding=\"async\" data-nimg=\"1\" src=\"http:\/\/hoycordobaweb.com\/wp-content\/uploads\/2025\/06\/ferro-alfredo-grelak-dejo-de-ser-el-entrenador-y-se-estira-la-crisis-2.jpg\"><span class=\"epigraphe\">Alfredo Grelak dur\u00f3 seis meses en el cargo (Foto: Prensa Oficial)<\/span><\/div>\n<p><h2><strong>El paso de Alfredo Grelak por Ferro<\/strong><\/h2>\n<\/p>\n<div class=\"custom-text \" readability=\"37\">\n<p>El oriundo de Berazategui estuvo en el banco del Verdolaga durante 18 encuentros a lo largo del campeonato. En ese lapso, <strong>su equipo consigui\u00f3 seis triunfos, cinco empates y ocho derrotas<\/strong>, dejando una efectividad del 40%. <\/p>\n<\/div>\n<p><h2><strong>La salida de Castellani, un punto de quiebre<\/strong><\/h2>\n<\/p>\n<div class=\"custom-text \" readability=\"37\">\n<p>Seg\u00fan le indicaron a <strong>Ol\u00e9 <\/strong>desde Caballito, algo se rompi\u00f3 con la gente cuando el volante de 37 a\u00f1os, quien tan solo cuatro meses antes hab\u00eda regresado al club que lo vio nacer, discuti\u00f3 con el t\u00e9cnico y posteriormente se le rescindi\u00f3 contrato. <\/p>\n<\/div>\n<div class=\"custom-text \" readability=\"37\">\n<p>El motivo de la salida se explica, principalmente, <strong>por los fuertes cortocircu\u00edtos en la relaci\u00f3n entre el mediocampista y el Cuerpo T\u00e9cnico encabezado por Alfredo Grelak<\/strong>. Esto se debe a algunas decisiones t\u00e1cticas del det\u00e9, que no cayeron bien en el ex Boca.<\/p>\n<\/div>\n<div class=\"sc-e7b891c4-0 ifHnQL image-embed\"><img alt=\"Castellani rescindi\u00f3 en Ferro (Foto: Prensa Ferro)\" loading=\"lazy\" width=\"720\" height=\"100\" decoding=\"async\" data-nimg=\"1\" src=\"http:\/\/hoycordobaweb.com\/wp-content\/uploads\/2025\/06\/ferro-alfredo-grelak-dejo-de-ser-el-entrenador-y-se-estira-la-crisis-3.jpg\"><span class=\"epigraphe\">Castellani rescindi\u00f3 en Ferro (Foto: Prensa Ferro)<\/span><\/div>\n<div class=\"custom-text \" readability=\"37\">\n<p>La gota que revals\u00f3 el vaso se dio el s\u00e1bado 10 de mayo, cuando Ferro perdi\u00f3 2-0 vs. San Miguel en Los Polvorines: Gonzalo Castellani fue reemplazado a los 21 minutos de la segunda parte y le neg\u00f3 el saludo al entrenador, lo que puertas adentro se interpret\u00f3 como una falta de respeto y <strong>conllev\u00f3 a la decisi\u00f3n de la Mesa Directiva y la Subcomisi\u00f3n de F\u00fatbol.<\/strong><\/p>\n<\/div>\n<div class=\"sc-a7166897-0 eoLsBE\" readability=\"6\">\n<section readability=\"2\"><picture><img alt=\"Mercado de pases en pleno Mundial de Clubes: refuerzos y bajas club por club\" loading=\"lazy\" width=\"290\" height=\"290\" decoding=\"async\" data-nimg=\"1\" src=\"http:\/\/hoycordobaweb.com\/wp-content\/uploads\/2025\/06\/ferro-alfredo-grelak-dejo-de-ser-el-entrenador-y-se-estira-la-crisis-4.jpg\"><\/picture>\n<p><span>Mir\u00e1 tambi\u00e9n<\/span><\/p>\n<hr>\n<h3>Mercado de pases en pleno Mundial de Clubes: refuerzos y bajas club por club<\/h3>\n<\/p>\n<\/section>\n<\/div>\n<div class=\"sc-a7166897-0 eoLsBE\" readability=\"6\">\n<section readability=\"2\"><picture><img alt=\"Pol Fern\u00e1ndez cerca del Bodeguero\" loading=\"lazy\" width=\"290\" height=\"290\" decoding=\"async\" data-nimg=\"1\" src=\"http:\/\/hoycordobaweb.com\/wp-content\/uploads\/2025\/06\/ferro-alfredo-grelak-dejo-de-ser-el-entrenador-y-se-estira-la-crisis-5.jpg\"><\/picture>\n<p><span>Mir\u00e1 tambi\u00e9n<\/span><\/p>\n<hr>\n<h3>Pol Fern\u00e1ndez cerca del Bodeguero<\/h3>\n<\/p>\n<\/section>\n<\/div>\n<\/div>\n","protected":false},"excerpt":{"rendered":"<p>23\/06\/2025 20:02hs. Cuando est\u00e1s de malas, todo se hace el doble de complicado y cuesta arriba. Y en Caballito lo saben: sumado al mal presente deportivo, donde se ubica 13\u00b0 con 23 unidades, fuera de los puestos de Reducido en la Primera Nacional, este lunes se confirm\u00f3 lo que se ve\u00eda venir hace rato: Alfredo [&hellip;]<\/p>\n","protected":false},"author":1,"featured_media":108999,"comment_status":"open","ping_status":"closed","sticky":false,"template":"","format":"standard","meta":[],"categories":[16],"tags":[],"_links":{"self":[{"href":"http:\/\/hoycordobaweb.com\/index.php\/wp-json\/wp\/v2\/posts\/108998"}],"collection":[{"href":"http:\/\/hoycordobaweb.com\/index.php\/wp-json\/wp\/v2\/posts"}],"about":[{"href":"http:\/\/hoycordobaweb.com\/index.php\/wp-json\/wp\/v2\/types\/post"}],"author":[{"embeddable":true,"href":"http:\/\/hoycordobaweb.com\/index.php\/wp-json\/wp\/v2\/users\/1"}],"replies":[{"embeddable":true,"href":"http:\/\/hoycordobaweb.com\/index.php\/wp-json\/wp\/v2\/comments?post=108998"}],"version-history":[{"count":0,"href":"http:\/\/hoycordobaweb.com\/index.php\/wp-json\/wp\/v2\/posts\/108998\/revisions"}],"wp:featuredmedia":[{"embeddable":true,"href":"http:\/\/hoycordobaweb.com\/index.php\/wp-json\/wp\/v2\/media\/108999"}],"wp:attachment":[{"href":"http:\/\/hoycordobaweb.com\/index.php\/wp-json\/wp\/v2\/media?parent=108998"}],"wp:term":[{"taxonomy":"category","embeddable":true,"href":"http:\/\/hoycordobaweb.com\/index.php\/wp-json\/wp\/v2\/categories?post=108998"},{"taxonomy":"post_tag","embeddable":true,"href":"http:\/\/hoycordobaweb.com\/index.php\/wp-json\/wp\/v2\/tags?post=108998"}],"curies":[{"name":"wp","href":"https:\/\/api.w.org\/{rel}","templated":true}]}}