{"id":108904,"date":"2025-06-22T22:37:02","date_gmt":"2025-06-22T22:37:02","guid":{"rendered":"https:\/\/www.ole.com.ar\/river-plate\/videos-jugadores-river-ole-empate-monterrey_0_vaCNhsb4oz.html"},"modified":"2025-06-22T22:37:02","modified_gmt":"2025-06-22T22:37:02","slug":"los-jugadores-de-river-con-ole-la-bronca-por-el-empate-y-la-final-que-se-viene-vs-inter","status":"publish","type":"post","link":"http:\/\/hoycordobaweb.com\/index.php\/2025\/06\/22\/los-jugadores-de-river-con-ole-la-bronca-por-el-empate-y-la-final-que-se-viene-vs-inter\/","title":{"rendered":"Los jugadores de River con Ol\u00e9: la bronca por el empate y la final que se viene vs. Inter"},"content":{"rendered":"<p><img src=\"http:\/\/hoycordobaweb.com\/wp-content\/uploads\/2025\/06\/los-jugadores-de-river-con-ole-la-bronca-por-el-empate-y-la-final-que-se-viene-vs-inter.jpg\"><\/p>\n<p><time class=\"createDate\" datetime=\"2025-06-22T19:37:02-03:00\">22\/06\/2025 19:37hs.<\/time><\/p>\n<div id=\"storyBody\">\n<div class=\"custom-text \" readability=\"28.531147540984\">\n<p>Luego del <a href=\"https:\/\/www.ole.com.ar\/futbol-internacional\/mundial-de-clubes\/river-vs-rayados-monterrey-partido-fecha-2-mundial-clubes-2025_0_TCylXo9tDu.html\" title=\"empate en Los \u00c1ngeles con Monterrey\" alt=\"empate en Los \u00c1ngeles con Monterrey\">empate en Los \u00c1ngeles con Monterrey<\/a>, los jugadores de <a href=\"https:\/\/www.ole.com.ar\/tema\/river-plate.html\" title=\"River Plate\" alt=\"River Plate\" class=\"slug\">River <\/a>dialogaron con <strong>Ol\u00e9 <\/strong>en la zona mixta del estadio Rose Bowl. <a href=\"https:\/\/www.ole.com.ar\/tema\/miguel-angel-borja.html\" title=\"Miguel Angel Borja\" alt=\"Miguel Angel Borja\" class=\"slug\">Miguel \u00c1ngel Borja<\/a>, Mat\u00edas Kranevitter, <a href=\"https:\/\/www.ole.com.ar\/tema\/ignacio-fernandez.html\" target=\"_blank\" title=\"Ignacio Fern\u00e1ndez\" alt=\"Ignacio Fern\u00e1ndez\" class=\"slug\" rel=\"noopener noreferrer\">Nacho Fern\u00e1ndez<\/a> y Maxi Meza entregaron sus impresiones del encuentro y <strong>pusieron la mirada en la final que se viene contra el Inter.<\/strong><\/p>\n<\/div>\n<p><h2>Los jugadores de River con Ol\u00e9<\/h2>\n<\/p>\n<div class=\"sc-734b4696-1 kFfZtB\">\n<div class=\"sc-d00d9e74-0 hnHYbk vertical\" type=\"embed\">\n<div class=\"sc-d00d9e74-1 iKVbz videoText\" id=\"contentTitleembedr5esNRtD\" type=\"embed\"><svg fill=\"#ffffff\"><symbol id=\"play\" viewBox=\"0 0 512 512\"><path d=\"M512 256C512 397.4 397.4 512 256 512C114.6 512 0 397.4 0 256C0 114.6 114.6 0 256 0C397.4 0 512 114.6 512 256zM176 168V344C176 352.7 180.7 360.7 188.3 364.9C195.8 369.2 205.1 369 212.5 364.5L356.5 276.5C363.6 272.1 368 264.4 368 256C368 247.6 363.6 239.9 356.5 235.5L212.5 147.5C205.1 142.1 195.8 142.8 188.3 147.1C180.7 151.3 176 159.3 176 168V168z\" \/><\/symbol><use xlink:href=\"#play\" \/><\/svg><\/p>\n<div class=\"right\">\n<p>River Plate<!-- --> &#8211; <span>&nbsp;<\/span><\/p>\n<h2 class=\"title-vid\">Miguel Borja y la explicaci\u00f3n de por qu\u00e9 no convirti\u00f3 ante Monterrey: \u00abAndrada achic\u00f3 muy bien\u00bb<\/h2>\n<\/div>\n<\/div>\n<p><span class=\"back\" id=\"spanBackembedr5esNRtD\"><\/span><\/div>\n<div class=\"JWvideoNota_title\">\n<p>Ariel Crist\u00f3falo<\/p>\n<\/div>\n<\/div>\n<div class=\"sc-734b4696-1 kFfZtB\" readability=\"6.5\">\n<div class=\"sc-d00d9e74-0 hnHYbk\" type=\"embed\">\n<div class=\"sc-d00d9e74-1 iKVbz videoText\" id=\"contentTitleembedIabzJIVY\" type=\"embed\"><svg fill=\"#ffffff\"><symbol id=\"play\" viewBox=\"0 0 512 512\"><path d=\"M512 256C512 397.4 397.4 512 256 512C114.6 512 0 397.4 0 256C0 114.6 114.6 0 256 0C397.4 0 512 114.6 512 256zM176 168V344C176 352.7 180.7 360.7 188.3 364.9C195.8 369.2 205.1 369 212.5 364.5L356.5 276.5C363.6 272.1 368 264.4 368 256C368 247.6 363.6 239.9 356.5 235.5L212.5 147.5C205.1 142.1 195.8 142.8 188.3 147.1C180.7 151.3 176 159.3 176 168V168z\" \/><\/symbol><use xlink:href=\"#play\" \/><\/svg><\/p>\n<div class=\"right\">\n<p>River Plate<!-- --> &#8211; <span>&nbsp;<\/span><\/p>\n<h2 class=\"title-vid\">Kranevitter post partido: \u00abInter va a ser muy duro\u00bb<\/h2>\n<\/div>\n<\/div>\n<p><span class=\"back\" id=\"spanBackembedIabzJIVY\"><\/span><\/div>\n<div class=\"JWvideoNota_title\" readability=\"8\">\n<p>El volante de River analiz\u00f3 el empate con Monterrey y ya piensa en el partido crucial con el equipo italiano<\/p>\n<\/div>\n<\/div>\n<div class=\"sc-734b4696-1 kFfZtB\">\n<div class=\"sc-d00d9e74-0 hnHYbk vertical\" type=\"embed\">\n<div class=\"sc-d00d9e74-1 iKVbz videoText\" id=\"contentTitleembedqv3bHIwu\" type=\"embed\"><svg fill=\"#ffffff\"><symbol id=\"play\" viewBox=\"0 0 512 512\"><path d=\"M512 256C512 397.4 397.4 512 256 512C114.6 512 0 397.4 0 256C0 114.6 114.6 0 256 0C397.4 0 512 114.6 512 256zM176 168V344C176 352.7 180.7 360.7 188.3 364.9C195.8 369.2 205.1 369 212.5 364.5L356.5 276.5C363.6 272.1 368 264.4 368 256C368 247.6 363.6 239.9 356.5 235.5L212.5 147.5C205.1 142.1 195.8 142.8 188.3 147.1C180.7 151.3 176 159.3 176 168V168z\" \/><\/symbol><use xlink:href=\"#play\" \/><\/svg><\/p>\n<div class=\"right\">\n<p>River Plate<!-- --> &#8211; <span>&nbsp;<\/span><\/p>\n<h2 class=\"title-vid\">Nacho Fern\u00e1ndez, entre la preocupaci\u00f3n por la jerarqu\u00eda de Inter y la bronca por no ganarle a Monterrey<\/h2>\n<\/div>\n<\/div>\n<p><span class=\"back\" id=\"spanBackembedqv3bHIwu\"><\/span><\/div>\n<div class=\"JWvideoNota_title\">\n<p>Ariel Crist\u00f3falo<\/p>\n<\/div>\n<\/div>\n<div class=\"sc-734b4696-1 kFfZtB\">\n<div class=\"sc-d00d9e74-0 hnHYbk vertical\" type=\"embed\">\n<div class=\"sc-d00d9e74-1 iKVbz videoText\" id=\"contentTitleembedMJ9PT8MF\" type=\"embed\"><svg fill=\"#ffffff\"><symbol id=\"play\" viewBox=\"0 0 512 512\"><path d=\"M512 256C512 397.4 397.4 512 256 512C114.6 512 0 397.4 0 256C0 114.6 114.6 0 256 0C397.4 0 512 114.6 512 256zM176 168V344C176 352.7 180.7 360.7 188.3 364.9C195.8 369.2 205.1 369 212.5 364.5L356.5 276.5C363.6 272.1 368 264.4 368 256C368 247.6 363.6 239.9 356.5 235.5L212.5 147.5C205.1 142.1 195.8 142.8 188.3 147.1C180.7 151.3 176 159.3 176 168V168z\" \/><\/symbol><use xlink:href=\"#play\" \/><\/svg><\/p>\n<div class=\"right\">\n<p>Maximiliano Meza<!-- --> &#8211; <span>&nbsp;<\/span><\/p>\n<h2 class=\"title-vid\">Maxi Meza y el an\u00e1lisis para la \u00faltima fecha del Mundial de Clubes para River<\/h2>\n<\/div>\n<\/div>\n<p><span class=\"back\" id=\"spanBackembedMJ9PT8MF\"><\/span><\/div>\n<div class=\"JWvideoNota_title\">\n<p>Ariel Crist\u00f3falo<\/p>\n<\/div>\n<\/div>\n<p><h2>\u00bfC\u00f3mo se clasifica River?<\/h2>\n<\/p>\n<div class=\"custom-text \" readability=\"38\">\n<p>El empate 0-0 contra Rayados de Monterrey en el Rose Bowl de Los \u00c1ngeles complic\u00f3 el panorama del equipo de Marcelo Gallardo en el Mundial de Clubes, que jugar\u00e1 el duelo m\u00e1s complejo del grupo E con la necesidad de ganar porque, adem\u00e1s de la derrota, hasta un empate podr\u00eda dejarlo afuera del certamen.<\/p>\n<\/div>\n<div class=\"custom-text \" readability=\"38\">\n<p>Con cuatro puntos al igual que el Neroazzurro, con una victoria en Seattle ser\u00e1 todo felicidad para el Millonario, que as\u00ed<strong> se meter\u00eda entre los 16 mejores de la competici\u00f3n como l\u00edder con siete puntos y as\u00ed deber\u00eda enfrentar al segundo del grupo F<\/strong> (hoy es Borussia Dortmund, pero tambi\u00e9n aparecen como posibles rivales Fluminense y Mamelodi Sundowns de Sud\u00e1frica).<\/p>\n<\/div>\n<div class=\"sc-e7b891c4-0 ifHnQL image-embed\"><img alt=\"River va por la haza\u00f1a contra el Inter (AP Photo).\" loading=\"lazy\" width=\"720\" height=\"100\" decoding=\"async\" data-nimg=\"1\" src=\"http:\/\/hoycordobaweb.com\/wp-content\/uploads\/2025\/06\/los-jugadores-de-river-con-ole-la-bronca-por-el-empate-y-la-final-que-se-viene-vs-inter-2.jpg\"><span class=\"epigraphe\">River va por la haza\u00f1a contra el Inter (AP Photo).<\/span><\/div>\n<div class=\"custom-text \" readability=\"35\">\n<p>En caso de que River iguale frente al Inter, podr\u00eda darse un escenario inusual porque si Monterrey derrota al Urawa Red Diamonds llegar\u00eda tambi\u00e9n a cinco puntos y entrar\u00edan en juego los criterios en casos de que dos o m\u00e1s equipos terminen igualados en puntos.<\/p>\n<\/div>\n<div class=\"custom-text \" readability=\"39\">\n<p>Con mismos puntos obtenidos en los enfrentamientos entre ellos y misma diferencia de goles (todos igualaron entre s\u00ed), entra el juego el \u00edtem \u00abmayor n\u00famero de goles marcados en los partidos de grupo entre los equipos en cuesti\u00f3n\u00bb. Y ah\u00ed, Inter y Monterrey ya suman uno y River ninguno. Entonces,<strong> si River iguala 0-0 y Monterrey vence a los japoneses, quedar\u00e1 eliminado por el gol de Rayados al Neroazzurro..<\/strong><\/p>\n<\/div>\n<div class=\"sc-e7b891c4-0 ifHnQL image-embed\"><img alt=\"River define el grupo el martes (REUTERS).\" loading=\"lazy\" width=\"720\" height=\"100\" decoding=\"async\" data-nimg=\"1\" src=\"http:\/\/hoycordobaweb.com\/wp-content\/uploads\/2025\/06\/los-jugadores-de-river-con-ole-la-bronca-por-el-empate-y-la-final-que-se-viene-vs-inter-3.jpg\"><span class=\"epigraphe\">River define el grupo el martes (REUTERS).<\/span><\/div>\n<div class=\"custom-text \" readability=\"39\">\n<p>\u00bfOtro escenario posible? Si River empata 1-1, quedar\u00e1 eliminado si Monterrey le gana a Urawa Reds por una diferencia mejor al 3-1 de River (si gana 3-1, define el Fair Play, con el Millo bastante complicado). Por su parte,<strong> si River iguala 2-2 se clasifica con Inter y el que queda afuera es Monterrey.<\/strong><\/p>\n<\/div>\n<div class=\"custom-text \" readability=\"37\">\n<p>Si River cae frente al Inter, no habr\u00e1 que hacer demasiadas cuentas: <strong>necesitar\u00e1 que Urawa, ya eliminado, le robe puntos a Monterrey, <\/strong>que de ganar ser\u00eda segundo.<\/p>\n<\/div>\n<div class=\"sc-a7166897-0 eoLsBE\" readability=\"7.5\">\n<section readability=\"5\"><picture><img alt=\"Escrito en japon\u00e9s: River, entre la calculadora, Inter y las fichas a que nazca un Esqueda nip\u00f3n\" loading=\"lazy\" width=\"290\" height=\"290\" decoding=\"async\" data-nimg=\"1\" src=\"http:\/\/hoycordobaweb.com\/wp-content\/uploads\/2025\/06\/los-jugadores-de-river-con-ole-la-bronca-por-el-empate-y-la-final-que-se-viene-vs-inter-4.jpg\"><\/picture>\n<p><span>Mir\u00e1 tambi\u00e9n<\/span><\/p>\n<hr>\n<h3>Escrito en japon\u00e9s: River, entre la calculadora, Inter y las fichas a que nazca un Esqueda nip\u00f3n<\/h3>\n<\/p>\n<\/section>\n<\/div>\n<div class=\"sc-a7166897-0 eoLsBE\" readability=\"6\">\n<section readability=\"2\"><picture><img alt=\"Qu\u00e9 dijo Gallardo del sistema de desempate que puede perjudicar a River\" loading=\"lazy\" width=\"290\" height=\"290\" decoding=\"async\" data-nimg=\"1\" src=\"http:\/\/hoycordobaweb.com\/wp-content\/uploads\/2025\/06\/los-jugadores-de-river-con-ole-la-bronca-por-el-empate-y-la-final-que-se-viene-vs-inter-5.jpg\"><\/picture>\n<p><span>Mir\u00e1 tambi\u00e9n<\/span><\/p>\n<hr>\n<h3>Qu\u00e9 dijo Gallardo del sistema de desempate que puede perjudicar a River<\/h3>\n<\/p>\n<\/section>\n<\/div>\n<div class=\"sc-a7166897-0 eoLsBE\" readability=\"6\">\n<section readability=\"2\"><picture><img alt=\"River avanza a fondo por Maxi Salas y eval\u00faa ejecutar la cl\u00e1usula\" loading=\"lazy\" width=\"290\" height=\"290\" decoding=\"async\" data-nimg=\"1\" src=\"http:\/\/hoycordobaweb.com\/wp-content\/uploads\/2025\/06\/los-jugadores-de-river-con-ole-la-bronca-por-el-empate-y-la-final-que-se-viene-vs-inter-6.jpg\"><\/picture>\n<p><span>Mir\u00e1 tambi\u00e9n<\/span><\/p>\n<hr>\n<h3>River avanza a fondo por Maxi Salas y eval\u00faa ejecutar la cl\u00e1usula<\/h3>\n<\/p>\n<\/section>\n<\/div>\n<div class=\"sc-a7166897-0 eoLsBE\" readability=\"6\">\n<section readability=\"2\"><picture><img alt=\"El aviso del DT del Urawa que ilusiona a River: &quot;Lucharemos por la victoria&quot;\" loading=\"lazy\" width=\"290\" height=\"290\" decoding=\"async\" data-nimg=\"1\" src=\"http:\/\/hoycordobaweb.com\/wp-content\/uploads\/2025\/06\/los-jugadores-de-river-con-ole-la-bronca-por-el-empate-y-la-final-que-se-viene-vs-inter-7.jpg\"><\/picture>\n<p><span>Mir\u00e1 tambi\u00e9n<\/span><\/p>\n<hr>\n<h3>El aviso del DT del Urawa que ilusiona a River: \u00abLucharemos por la victoria\u00bb<\/h3>\n<\/p>\n<\/section>\n<\/div>\n<div class=\"custom-text \" readability=\"32\">\n<p><strong>LOS \u00c1NGELES (ENVIADO ESPECIAL).<\/strong><\/p>\n<\/div>\n<\/div>\n","protected":false},"excerpt":{"rendered":"<p>22\/06\/2025 19:37hs. Luego del empate en Los \u00c1ngeles con Monterrey, los jugadores de River dialogaron con Ol\u00e9 en la zona mixta del estadio Rose Bowl. Miguel \u00c1ngel Borja, Mat\u00edas Kranevitter, Nacho Fern\u00e1ndez y Maxi Meza entregaron sus impresiones del encuentro y pusieron la mirada en la final que se viene contra el Inter. Los jugadores [&hellip;]<\/p>\n","protected":false},"author":1,"featured_media":108905,"comment_status":"open","ping_status":"closed","sticky":false,"template":"","format":"standard","meta":[],"categories":[16],"tags":[],"_links":{"self":[{"href":"http:\/\/hoycordobaweb.com\/index.php\/wp-json\/wp\/v2\/posts\/108904"}],"collection":[{"href":"http:\/\/hoycordobaweb.com\/index.php\/wp-json\/wp\/v2\/posts"}],"about":[{"href":"http:\/\/hoycordobaweb.com\/index.php\/wp-json\/wp\/v2\/types\/post"}],"author":[{"embeddable":true,"href":"http:\/\/hoycordobaweb.com\/index.php\/wp-json\/wp\/v2\/users\/1"}],"replies":[{"embeddable":true,"href":"http:\/\/hoycordobaweb.com\/index.php\/wp-json\/wp\/v2\/comments?post=108904"}],"version-history":[{"count":0,"href":"http:\/\/hoycordobaweb.com\/index.php\/wp-json\/wp\/v2\/posts\/108904\/revisions"}],"wp:featuredmedia":[{"embeddable":true,"href":"http:\/\/hoycordobaweb.com\/index.php\/wp-json\/wp\/v2\/media\/108905"}],"wp:attachment":[{"href":"http:\/\/hoycordobaweb.com\/index.php\/wp-json\/wp\/v2\/media?parent=108904"}],"wp:term":[{"taxonomy":"category","embeddable":true,"href":"http:\/\/hoycordobaweb.com\/index.php\/wp-json\/wp\/v2\/categories?post=108904"},{"taxonomy":"post_tag","embeddable":true,"href":"http:\/\/hoycordobaweb.com\/index.php\/wp-json\/wp\/v2\/tags?post=108904"}],"curies":[{"name":"wp","href":"https:\/\/api.w.org\/{rel}","templated":true}]}}