{"id":108820,"date":"2025-06-22T13:01:08","date_gmt":"2025-06-22T13:01:08","guid":{"rendered":"https:\/\/www.trendencias.com\/belleza\/farmaceuticas-epidherme-estas-usando-mal-cicaplast-nadie-te-esta-advirtiendo"},"modified":"2025-06-22T13:01:08","modified_gmt":"2025-06-22T13:01:08","slug":"las-farmaceuticas-y-expertas-en-dermocosmetica-de-epidherme-estas-usando-mal-el-ciclaplast-y-nadie-te-esta-advirtiendo","status":"publish","type":"post","link":"http:\/\/hoycordobaweb.com\/index.php\/2025\/06\/22\/las-farmaceuticas-y-expertas-en-dermocosmetica-de-epidherme-estas-usando-mal-el-ciclaplast-y-nadie-te-esta-advirtiendo\/","title":{"rendered":"Las farmac\u00e9uticas y expertas en dermocosm\u00e9tica de Epidherme: \u00abEst\u00e1s usando mal el Ciclaplast y nadie te est\u00e1 advirtiendo\u00bb"},"content":{"rendered":"<p>Si hay una crema que no dejamos de ver por activa y por pasiva en las redes sociales, esa es <a class=\"text-outboundlink\" href=\"https:\/\/www.trendencias.com\/belleza\/llevo-tres-anos-usando-crema-hidratante-para-cara-mi-piel-nunca-habia-estado-jugosa-gastandome-poco\" data-vars-post-title=\"Llevo tres a\u00f1os usando la misma crema hidratante para la cara. Mi piel nunca hab\u00eda estado tan jugosa gast\u00e1ndome tan poco \" data-vars-post-url=\"https:\/\/www.trendencias.com\/belleza\/llevo-tres-anos-usando-crema-hidratante-para-cara-mi-piel-nunca-habia-estado-jugosa-gastandome-poco\">Cicaplast de La Roche Posay<\/a>. Esta crema regeneradora ha conquistado a medio mundo y no hay neceser que se precie que no la tenga ah\u00ed guardadita como un tesoro, porque s\u00ed realmente lo es pero la pregunta que nos hacemos, \u00bfsabemos usarla correctamente?<\/p>\n<p><!-- BREAK 1 --> <\/p>\n<p>Pues bien, gracias a las hermanas farmac\u00e9uticas de la cuenta <a rel=\"noopener, noreferrer\" href=\"https:\/\/www.tiktok.com\/@epidherme\">Epidherme<\/a> hemos aclarado esta duda, ya que desde sus redes sociales han querido hablar sobre esta crema y recalcar: \u00a1Est\u00e1s usando mal el Cicaplast y nadie te est\u00e1 advirtiendo!<\/p>\n<p><!-- BREAK 2 --><\/p>\n<div class=\"article-asset-image article-asset-small article-asset-center\">\n<div class=\"asset-content\"> <a rel=\"noopener, noreferrer\" href=\"https:\/\/www.tiktok.com\/@epidherme\/video\/7470656896500911382\"> <img class=\"centro_sinmarco\" height=\"720\" width=\"482\" loading=\"lazy\" decoding=\"async\" sizes=\"100vw\" fetchpriority=\"high\" srcset=\"http:\/\/hoycordobaweb.com\/wp-content\/uploads\/2025\/06\/las-farmaceuticas-y-expertas-en-dermocosmetica-de-epidherme-estas-usando-mal-el-ciclaplast-y-nadie-te-esta-advirtiendo.jpg 450w, http:\/\/hoycordobaweb.com\/wp-content\/uploads\/2025\/06\/las-farmaceuticas-y-expertas-en-dermocosmetica-de-epidherme-estas-usando-mal-el-ciclaplast-y-nadie-te-esta-advirtiendo-3.jpg 681w, http:\/\/hoycordobaweb.com\/wp-content\/uploads\/2025\/06\/las-farmaceuticas-y-expertas-en-dermocosmetica-de-epidherme-estas-usando-mal-el-ciclaplast-y-nadie-te-esta-advirtiendo-4.jpg 1024w, http:\/\/hoycordobaweb.com\/wp-content\/uploads\/2025\/06\/las-farmaceuticas-y-expertas-en-dermocosmetica-de-epidherme-estas-usando-mal-el-ciclaplast-y-nadie-te-esta-advirtiendo-5.jpg 1366w\" src=\"http:\/\/hoycordobaweb.com\/wp-content\/uploads\/2025\/06\/las-farmaceuticas-y-expertas-en-dermocosmetica-de-epidherme-estas-usando-mal-el-ciclaplast-y-nadie-te-esta-advirtiendo.jpg\" alt=\"Sin Titulo\"> <noscript><img alt=\"Sin Titulo\" class=\"centro_sinmarco\" src=\"http:\/\/hoycordobaweb.com\/wp-content\/uploads\/2025\/06\/las-farmaceuticas-y-expertas-en-dermocosmetica-de-epidherme-estas-usando-mal-el-ciclaplast-y-nadie-te-esta-advirtiendo.jpg\"><\/noscript> <\/a> <\/div>\n<\/div>\n<p>Como bien sabemos la crema Ciclapast es una crema reparadora y cicatrizante que sirve para tratar las pieles irritadas, quemaduras superficiales, para regenerar la piel despu\u00e9s de tratamientos m\u00e9dicos, rozaduras o cicatrices causadas por diferentes motivos.<\/p>\n<p><!-- BREAK 3 --> <\/p>\n<div class=\"article-asset-image article-asset-small article-asset-center\">\n<div class=\"asset-content\"> <a rel=\"noopener, noreferrer\" href=\"https:\/\/www.tiktok.com\/@epidherme\/video\/7470656896500911382\"> <img class=\"centro_sinmarco\" height=\"803\" width=\"484\" loading=\"lazy\" decoding=\"async\" sizes=\"100vw\" fetchpriority=\"high\" srcset=\"http:\/\/hoycordobaweb.com\/wp-content\/uploads\/2025\/06\/las-farmaceuticas-y-expertas-en-dermocosmetica-de-epidherme-estas-usando-mal-el-ciclaplast-y-nadie-te-esta-advirtiendo-1.jpg 450w, http:\/\/hoycordobaweb.com\/wp-content\/uploads\/2025\/06\/las-farmaceuticas-y-expertas-en-dermocosmetica-de-epidherme-estas-usando-mal-el-ciclaplast-y-nadie-te-esta-advirtiendo-6.jpg 681w, http:\/\/hoycordobaweb.com\/wp-content\/uploads\/2025\/06\/las-farmaceuticas-y-expertas-en-dermocosmetica-de-epidherme-estas-usando-mal-el-ciclaplast-y-nadie-te-esta-advirtiendo-7.jpg 1024w, http:\/\/hoycordobaweb.com\/wp-content\/uploads\/2025\/06\/las-farmaceuticas-y-expertas-en-dermocosmetica-de-epidherme-estas-usando-mal-el-ciclaplast-y-nadie-te-esta-advirtiendo-8.jpg 1366w\" src=\"http:\/\/hoycordobaweb.com\/wp-content\/uploads\/2025\/06\/las-farmaceuticas-y-expertas-en-dermocosmetica-de-epidherme-estas-usando-mal-el-ciclaplast-y-nadie-te-esta-advirtiendo-1.jpg\" alt=\"Sin Titulos\"> <noscript><img alt=\"Sin Titulos\" class=\"centro_sinmarco\" src=\"http:\/\/hoycordobaweb.com\/wp-content\/uploads\/2025\/06\/las-farmaceuticas-y-expertas-en-dermocosmetica-de-epidherme-estas-usando-mal-el-ciclaplast-y-nadie-te-esta-advirtiendo-1.jpg\"><\/noscript> <\/a> <\/div>\n<\/div>\n<p>Seg\u00fan las expertas \u00ablas redes te dir\u00e1n que va a curarte el acn\u00e9 o que puedes utilizarla como hidratante diaria \u00a1pero nada que ver!\u00bb. Es cierto que al tratarse de una crema regeneradora va a ayudar a tratar las heridas que quedan tras un brote, pero lo que <strong>no va a hacer Ciclaplast es que te salgan menos granos <\/strong>aunque la uses todos los d\u00edas.<\/p>\n<p><!-- BREAK 4 --><\/p>\n<p>Por otro lado las farmac\u00e9uticas tambi\u00e9n aclaran que la piel no necesitas que la estemos regenerando a este nivel todas las noches. Lo que realmente necesita la piel son activos que hagan que la piel trabaje por s\u00ed misma y recomiendan los <a class=\"text-outboundlink\" href=\"https:\/\/www.trendencias.com\/belleza\/11-mejores-serums-retinol-mercado\" data-vars-post-title=\"Los 12 mejores s\u00e9rums con retinol del mercado\" data-vars-post-url=\"https:\/\/www.trendencias.com\/belleza\/11-mejores-serums-retinol-mercado\">retinoidos<\/a> y los <a class=\"text-outboundlink\" href=\"https:\/\/www.trendencias.com\/belleza\/peeling-enzimatico-quimico-experta-dermatologa-nos-resuelve-todas-dudas-para-saber-que-como-usarlos-casa-para-presumir-piel-bonita\" data-vars-post-title=\"Peeling enzim\u00e1tico y qu\u00edmico: una experta dermat\u00f3loga nos resuelve todas dudas para saber qu\u00e9 son y c\u00f3mo usarlos en casa para presumir de piel bonita\" data-vars-post-url=\"https:\/\/www.trendencias.com\/belleza\/peeling-enzimatico-quimico-experta-dermatologa-nos-resuelve-todas-dudas-para-saber-que-como-usarlos-casa-para-presumir-piel-bonita\">exfoliantes qu\u00edm\u00edcos<\/a>. Lo que s\u00ed nos<strong> recomiendan es usarla a modo mascarilla <\/strong>una vez por semana si deseamos darle una ayudita extra a la piel. \u00ab\u00a1Eso s\u00ed es utilizarla bien!\u00bb, a\u00f1aden.<\/p>\n<p><!-- BREAK 5 --><\/p>\n<p>Fotos |&nbsp;<\/p>\n<p>En Trendencias |<a class=\"text-outboundlink\" href=\"https:\/\/www.trendencias.com\/belleza\/13-mejores-parches-para-contorno-ojos-combatir-ojeras\" data-vars-post-title=\"Los 13 mejores parches para el contorno de ojos y combatir ojeras\" data-vars-post-url=\"https:\/\/www.trendencias.com\/belleza\/13-mejores-parches-para-contorno-ojos-combatir-ojeras\"> Los 13 mejores parches para el contorno de ojos y combatir ojeras<\/a><\/p>\n<p>En Trendencias | <a class=\"text-outboundlink\" href=\"https:\/\/www.trendencias.com\/belleza\/18-mejores-cortes-pelo-para-hombre\" data-vars-post-title=\"Los 18 mejores cortes de pelo para hombre 2025\" data-vars-post-url=\"https:\/\/www.trendencias.com\/belleza\/18-mejores-cortes-pelo-para-hombre\">Los 18 mejores cortes de pelo para hombre 2025<\/a><\/p>\n<p>En Trendencias | <a class=\"text-outboundlink\" href=\"https:\/\/www.trendencias.com\/belleza\/todo-coloracion-pelo-colores-tendencia-consejos-11-tintes-recomendados\" data-vars-post-title=\"Todo sobre la coloraci\u00f3n del pelo: los colores tendencia, consejos y 12 tintes recomendados \" data-vars-post-url=\"https:\/\/www.trendencias.com\/belleza\/todo-coloracion-pelo-colores-tendencia-consejos-11-tintes-recomendados\">Todo sobre la coloraci\u00f3n del pelo: los colores tendencia, consejos y 12 tintes recomendados<\/a><\/p>\n","protected":false},"excerpt":{"rendered":"<p>Si hay una crema que no dejamos de ver por activa y por pasiva en las redes sociales, esa es Cicaplast de La Roche Posay. Esta crema regeneradora ha conquistado a medio mundo y no hay neceser que se precie que no la tenga ah\u00ed guardadita como un tesoro, porque s\u00ed realmente lo es pero [&hellip;]<\/p>\n","protected":false},"author":1,"featured_media":108821,"comment_status":"closed","ping_status":"closed","sticky":false,"template":"","format":"standard","meta":[],"categories":[],"tags":[],"_links":{"self":[{"href":"http:\/\/hoycordobaweb.com\/index.php\/wp-json\/wp\/v2\/posts\/108820"}],"collection":[{"href":"http:\/\/hoycordobaweb.com\/index.php\/wp-json\/wp\/v2\/posts"}],"about":[{"href":"http:\/\/hoycordobaweb.com\/index.php\/wp-json\/wp\/v2\/types\/post"}],"author":[{"embeddable":true,"href":"http:\/\/hoycordobaweb.com\/index.php\/wp-json\/wp\/v2\/users\/1"}],"replies":[{"embeddable":true,"href":"http:\/\/hoycordobaweb.com\/index.php\/wp-json\/wp\/v2\/comments?post=108820"}],"version-history":[{"count":0,"href":"http:\/\/hoycordobaweb.com\/index.php\/wp-json\/wp\/v2\/posts\/108820\/revisions"}],"wp:featuredmedia":[{"embeddable":true,"href":"http:\/\/hoycordobaweb.com\/index.php\/wp-json\/wp\/v2\/media\/108821"}],"wp:attachment":[{"href":"http:\/\/hoycordobaweb.com\/index.php\/wp-json\/wp\/v2\/media?parent=108820"}],"wp:term":[{"taxonomy":"category","embeddable":true,"href":"http:\/\/hoycordobaweb.com\/index.php\/wp-json\/wp\/v2\/categories?post=108820"},{"taxonomy":"post_tag","embeddable":true,"href":"http:\/\/hoycordobaweb.com\/index.php\/wp-json\/wp\/v2\/tags?post=108820"}],"curies":[{"name":"wp","href":"https:\/\/api.w.org\/{rel}","templated":true}]}}