{"id":108725,"date":"2025-06-21T12:39:34","date_gmt":"2025-06-21T12:39:34","guid":{"rendered":"http:\/\/hoycordobaweb.com\/index.php\/2025\/06\/21\/el-teatro-colon-sera-sede-de-un-concierto-solidario-por-el-dia-mundial-de-la-ela\/"},"modified":"2025-06-21T12:39:34","modified_gmt":"2025-06-21T12:39:34","slug":"el-teatro-colon-sera-sede-de-un-concierto-solidario-por-el-dia-mundial-de-la-ela","status":"publish","type":"post","link":"http:\/\/hoycordobaweb.com\/index.php\/2025\/06\/21\/el-teatro-colon-sera-sede-de-un-concierto-solidario-por-el-dia-mundial-de-la-ela\/","title":{"rendered":"El Teatro Col\u00f3n ser\u00e1 sede de un concierto solidario por el D\u00eda Mundial de la ELA"},"content":{"rendered":"<div class=\"media_block\"><\/div>\n<div><img src=\"http:\/\/hoycordobaweb.com\/wp-content\/uploads\/2025\/06\/el-teatro-colon-sera-sede-de-un-concierto-solidario-por-el-dia-mundial-de-la-ela.jpg\" class=\"ff-og-image-inserted\"><\/div>\n<p><strong>La Orquesta Acad\u00e9mica brindar\u00e1 un concierto solidario este s\u00e1bado 21 de junio en el Teatro Col\u00f3n<\/strong>, en una iniciativa impulsada por la<strong> Fundaci\u00f3n<a target=\"_blank\" href=\"https:\/\/www.perfil.com\/noticias\/sociedad\/esteban-bullrich-le-respondio-el-agravio-al-biografo-de-javier-milei-no-tomes-una-critica-de-alguien-que-no-tomarias-un-consejo.phtml\" rel=\"noopener noreferrer\"> Esteban Bullrich <\/a><\/strong>con el objetivo de concientizar sobre la <strong>Esclerosis Lateral Amiotr\u00f3fica (ELA)<\/strong>. A trav\u00e9s de esta presentaci\u00f3n en vivo, la fundaci\u00f3n busca recaudar fondos para asistir a pacientes que padecen esta enfermedad neurodegenerativa y a sus familias, <strong>en el marco del D\u00eda Internacional de la ELA.<\/strong><\/p>\n<p><strong>El Teatro Col\u00f3n habilitar\u00e1 sus puertas a las 15 horas<\/strong> y ofrecer\u00e1 un programa musical dirigido por Juan Miceli. Las obras que se interpretar\u00e1n incluyen el Segundo Concierto de Brandeburgo, de Johann Sebastian Bach, y la Segunda Sinfon\u00eda, de Ludwig van Beethoven.<\/p>\n<p>Adem\u00e1s, participar\u00e1n como solistas ex estudiantes del Instituto Superior de Arte. En relaci\u00f3n con el evento, Miceli expres\u00f3: \u201cSer\u00e1 una oportunidad \u00fanica para vivir la m\u00fasica y colaborar con esta causa tan significativa\u201d.<\/p>\n<div class=\"subscription\" readability=\"6.683257918552\">\n<p> Esto no les gusta a los autoritarios <\/p>\n<div class=\"subscription__container\" readability=\"6.1467391304348\">\n<div class=\"subscription__text-wrapper\" readability=\"31.20652173913\">\n<p> El ejercicio del periodismo profesional y cr\u00edtico es un pilar fundamental de la democracia. Por eso molesta a quienes creen ser los due\u00f1os de la verdad. <\/p>\n<\/p><\/div><\/div><\/div>\n<p class=\"destacadoNota\"><strong><a target=\"_blank\" href=\"https:\/\/www.perfil.com\/noticias\/salud\/variante-nimbus-de-covid-19-cual-es-el-nuevo-sintoma-que-alerta-a-los-expertos.phtml\" rel=\"noopener noreferrer\">Reportan un nuevo s\u00edntoma vinculado a la variante Nimbus de Covid-19 | Perfil<\/a><\/strong><\/p>\n<h2><strong>\u00bfC\u00f3mo obtener entradas para el concierto en el Teatro Col\u00f3n?<\/strong><\/h2>\n<p><strong>El evento comenzar\u00e1 a las 16 horas <\/strong>y quienes deseen asistir podr\u00e1n adquirir las entradas <a target=\"_blank\" href=\"https:\/\/entradauno.com\/landing\/14786-la-vida-es-hoy?idEspectaculoCartel=14786&amp;cHashValidacion=43a730de8b1279505f0cab83f6190ccfc5beb4a5\" rel=\"noopener noreferrer\"><strong>a trav\u00e9s del sitio web de Entrada Uno<\/strong><\/a><strong> <\/strong>o desde el perfil de Instagram @fundacionestebanbullrich.<\/p>\n<p class=\"destacadoNota\"><strong><a target=\"_blank\" href=\"https:\/\/www.perfil.com\/noticias\/sociedad\/los-medicos-formados-en-universidades-argentinas-tendran-prioridad-para-ingresar-en-las-residencias.phtml\" rel=\"noopener noreferrer\">Los m\u00e9dicos formados en universidades argentinas tendr\u00e1n prioridad para ingresar en las residencias | Perfil<\/a><\/strong><\/p>\n<h2><strong>\u00bfCu\u00e1les son los s\u00edntomas de la enfermedad Esclerosis Lateral Amiotr\u00f3fica (ELA)?<\/strong><\/h2>\n<p><strong>Desde la fundaci\u00f3n explicaron que la Esclerosis Lateral Amiotr\u00f3fica (ELA)<\/strong> es una enfermedad neurodegenerativa del sistema nervioso cuyas causas a\u00fan se desconocen. <strong>Afecta las neuronas motoras del cerebro y la m\u00e9dula espinal,<\/strong> provocando una par\u00e1lisis progresiva de los m\u00fasculos de los cuatro miembros, as\u00ed como de los m\u00fasculos fonatorios, de la degluci\u00f3n y respiratorios.<\/p>\n<p>El avance de la enfermedad produce una debilidad muscular progresiva que, con el tiempo, genera par\u00e1lisis en las extremidades, dificultad para hablar, tragar y, finalmente, insuficiencia respiratoria debido al deterioro de los m\u00fasculos encargados de esa funci\u00f3n.<\/p>\n<p>MC. <\/p>\n<p>LT.<\/p>\n","protected":false},"excerpt":{"rendered":"<p>La Orquesta Acad\u00e9mica brindar\u00e1 un concierto solidario este s\u00e1bado 21 de junio en el Teatro Col\u00f3n, en una iniciativa impulsada por la Fundaci\u00f3n Esteban Bullrich con el objetivo de concientizar sobre la Esclerosis Lateral Amiotr\u00f3fica (ELA). A trav\u00e9s de esta presentaci\u00f3n en vivo, la fundaci\u00f3n busca recaudar fondos para asistir a pacientes que padecen esta [&hellip;]<\/p>\n","protected":false},"author":1,"featured_media":108726,"comment_status":"closed","ping_status":"closed","sticky":false,"template":"","format":"standard","meta":[],"categories":[19],"tags":[1499,27,1270],"_links":{"self":[{"href":"http:\/\/hoycordobaweb.com\/index.php\/wp-json\/wp\/v2\/posts\/108725"}],"collection":[{"href":"http:\/\/hoycordobaweb.com\/index.php\/wp-json\/wp\/v2\/posts"}],"about":[{"href":"http:\/\/hoycordobaweb.com\/index.php\/wp-json\/wp\/v2\/types\/post"}],"author":[{"embeddable":true,"href":"http:\/\/hoycordobaweb.com\/index.php\/wp-json\/wp\/v2\/users\/1"}],"replies":[{"embeddable":true,"href":"http:\/\/hoycordobaweb.com\/index.php\/wp-json\/wp\/v2\/comments?post=108725"}],"version-history":[{"count":0,"href":"http:\/\/hoycordobaweb.com\/index.php\/wp-json\/wp\/v2\/posts\/108725\/revisions"}],"wp:featuredmedia":[{"embeddable":true,"href":"http:\/\/hoycordobaweb.com\/index.php\/wp-json\/wp\/v2\/media\/108726"}],"wp:attachment":[{"href":"http:\/\/hoycordobaweb.com\/index.php\/wp-json\/wp\/v2\/media?parent=108725"}],"wp:term":[{"taxonomy":"category","embeddable":true,"href":"http:\/\/hoycordobaweb.com\/index.php\/wp-json\/wp\/v2\/categories?post=108725"},{"taxonomy":"post_tag","embeddable":true,"href":"http:\/\/hoycordobaweb.com\/index.php\/wp-json\/wp\/v2\/tags?post=108725"}],"curies":[{"name":"wp","href":"https:\/\/api.w.org\/{rel}","templated":true}]}}