{"id":108717,"date":"2025-06-21T07:26:20","date_gmt":"2025-06-21T07:26:20","guid":{"rendered":"https:\/\/www.mujerhoy.com\/vivir\/ocio\/la-furgo-pelicula-espanola-drama-llorar-padre-hija-20250621092556-nt.html"},"modified":"2025-06-21T07:26:20","modified_gmt":"2025-06-21T07:26:20","slug":"la-furgo-la-pelicula-espanola-con-un-padre-y-su-hija-de-6-anos-que-es-muy-tierna-y-te-va-a-emocionar","status":"publish","type":"post","link":"http:\/\/hoycordobaweb.com\/index.php\/2025\/06\/21\/la-furgo-la-pelicula-espanola-con-un-padre-y-su-hija-de-6-anos-que-es-muy-tierna-y-te-va-a-emocionar\/","title":{"rendered":"La furgo, la pel\u00edcula espa\u00f1ola con un padre y su hija de 6 a\u00f1os que es muy tierna y te va a emocionar"},"content":{"rendered":"<p><!-- AUTHOR --><\/p>\n<div class=\"voc-author-timesocial \">\n<!-- AUTHOR --><\/p>\n<div class=\"voc-author-timesocial__signature \">\n<!-- IMAGE AUTHOR -->\n<picture class=\"voc-image-signature\">\n<img class=\"voc-image-signature__img\" src=\"http:\/\/hoycordobaweb.com\/wp-content\/uploads\/2025\/06\/la-furgo-la-pelicula-espanola-con-un-padre-y-su-hija-de-6-anos-que-es-muy-tierna-y-te-va-a-emocionar.jpg\" alt=\"\u00c1ngeles Castillo\">\n<\/picture>\n<!-- INFO AUTHOR --> <\/div><\/div>\n<p><!-- COMPONENTS --><\/p>\n<p class=\"voc-paragraph\">Una road movie sin salir de Barcelona, pero con todos los ingredientes del g\u00e9nero. La pel\u00edcula que se presenta este fin de semana la protagonizan un padre y su peque\u00f1a hija dando tumbos a bordo de una furgoneta con mucha vida, por delante y por detr\u00e1s. As\u00ed es <span id=\"U01175872032mxA\">La furgo<\/span>, la <a href=\"https:\/\/www.mujerhoy.com\/vivir\/ocio\/pelicula-rehen-arrasa-netflix-sorpresa-inspirada-hechos-reales-20250423071626-nt.html\" notaddlevel=\"true\" target=\"_self\" data-voc-vtm-id=\"in-text-traffic\" title=\"emocionante pel\u00edcula\" data-mrf-link=\"www.mujerhoy.com\" rel=\"noopener noreferrer\">emocionante pel\u00edcula<\/a> que ha dirigido el catal\u00e1n Eloy Calvo, con Pol L\u00f3pez (Suro) y Martina Lleida a los mandos interpretativos.<\/p>\n<p class=\"voc-paragraph\">La cinta, que se presenta este fin de semana en la Secci\u00f3n Oficial del Barcelona Film Festival y llegar\u00e1 a los cines el <span id=\"U35234658344gbf\">20 de junio<\/span>, es la deriva cinematogr\u00e1fica de una deliciosa y <a href=\"https:\/\/www.mujerhoy.com\/actualidad\/keum-gendrykim-autora-comics-historias-esclavas-sexuales-imperio-japones-20220227121544-nt.html\" notaddlevel=\"true\" target=\"_self\" data-voc-vtm-id=\"in-text-traffic\" title=\"conmovedora novela gr\u00e1fica\" data-mrf-link=\"www.mujerhoy.com\" rel=\"noopener noreferrer\">conmovedora novela gr\u00e1fica<\/a> del ilustrador argentino Martin Tognola y el guionista barcelon\u00e9s Ram\u00f3n Pardina. Tambi\u00e9n ellos han dejado aqu\u00ed su impronta. Se nota por lo bien dibujados que est\u00e1n los personajes, el trazo de cada una de las escenas y los matices. Llega incluso a tener tintes de animaci\u00f3n en los momentos m\u00e1s on\u00edricos.<\/p>\n<div class=\"v-c-cmp v-c-cmp--t1 \">\n<div class=\"v-cmp-rld v-cmp-rld--2 \">\n<div class=\"v-cnt-m v-cnt-m--m\">\n<div class=\"v-cnt-m__c\">\n<div class=\"v-cnt-m__w v-cnt-m__w--1\">\n<p class=\"v-cnt-m__t\">\nTAMBI\u00c9N TE INTERESA\n<\/p>\n<\/div>\n<\/div>\n<\/div>\n<div class=\"v-g v-g--2-c v-g--bdr-min-xs\">\n<div class=\"v-g__c \">\n<article class=\"v-a v-a--cmp-rld v-a--cmp-rld-2 v-a--p-l\">\n<div class=\"v-a-img-c\">\n<figure class=\"v-a-fig\">\n<a href=\"https:\/\/www.mujerhoy.com\/vivir\/ocio\/se-quien-eres-netflix-ver-serie-espanola-thriller-suspense-blanca-portillo-20250425082912-nt.html#vtm_modulosEngag=mod-rel:vivir:noticia:1:cmp:2-not\" class=\"v-a-link\" title=\"Si te gust\u00f3 La Sala, tienes que ver esta adictiva serie espa\u00f1ola de hace ocho a\u00f1os que arrasa en Netflix\"><br \/>\n<img loading=\"lazy\" class=\"v-a-img\" src=\"http:\/\/hoycordobaweb.com\/wp-content\/uploads\/2025\/06\/la-furgo-la-pelicula-espanola-con-un-padre-y-su-hija-de-6-anos-que-es-muy-tierna-y-te-va-a-emocionar.png\" alt=\"Si te gust\u00f3 La Sala, tienes que ver esta adictiva serie espa\u00f1ola de hace ocho a\u00f1os que arrasa en Netflix\"><br \/>\n<\/a><br \/>\n<\/figure>\n<\/div>\n<\/article>\n<\/div>\n<div class=\"v-g__c \">\n<article class=\"v-a v-a--cmp-rld v-a--cmp-rld-2 v-a--p-l\">\n<div class=\"v-a-img-c\">\n<figure class=\"v-a-fig\">\n<a href=\"https:\/\/www.mujerhoy.com\/vivir\/ocio\/claves-segunda-temporada-andor-magnifica-rebelion-imperio-star-wars-disney-plus-diego-luna-20250424082249-nt.html#vtm_modulosEngag=mod-rel:vivir:noticia:2:cmp:2-not\" class=\"v-a-link\" title=\"Todas las claves de la magn\u00edfica segunda temporada de Andor en Disney Plus: as\u00ed empieza la rebeli\u00f3n contra el imperio de Star Wars\"><br \/>\n<img loading=\"lazy\" class=\"v-a-img\" src=\"http:\/\/hoycordobaweb.com\/wp-content\/uploads\/2025\/06\/la-furgo-la-pelicula-espanola-con-un-padre-y-su-hija-de-6-anos-que-es-muy-tierna-y-te-va-a-emocionar-1.png\" alt=\"Todas las claves de la magn\u00edfica segunda temporada de Andor en Disney Plus: as\u00ed empieza la rebeli\u00f3n contra el imperio de Star Wars\"><br \/>\n<\/a><br \/>\n<\/figure>\n<\/div>\n<\/article>\n<\/div>\n<\/div>\n<\/div>\n<\/div>\n<p class=\"voc-paragraph\">Una hermosa manera de tratar asuntos de gran calado social como la precariedad, la identidad y la b\u00fasqueda de segundas oportunidades. Oso es un hombre divorciado y parado de 45 a\u00f1os que vive con su hija de seis, <span id=\"U57852558707crf\">Violeta<\/span>, en una furgoneta que ya ha cumplido los 34, \u00abuna especie de loft con muchas posibilidades\u00bb, mientras intenta reconducir su vida. Ha sido electricista, carpintero, t\u00e9cnico de mantenimiento\u2026 En pasado.<\/p>\n<p><h3 class=\"v-cmp-suh\">\nPor qu\u00e9 te va a encantar la pel\u00edcula La furgo<br \/>\n<\/h3>\n<\/p>\n<p class=\"voc-paragraph\">Oso ha perdido la estabilidad en todos los sentidos, pero est\u00e1 empe\u00f1ado en recuperarla. O lo que es lo mismo, en que todo vaya otra vez, parad\u00f3jicamente, sobre ruedas, para lo que tiene que agarrarse fuerte porque vienen curvas y sin frenos. \u00bfEl peor de los baches? La posibilidad de perder <span id=\"U13242637066RPU\">la custodia<\/span> de Violeta por no tener un hogar. Y uno m\u00e1s a esquivar: la boda de su ex con Ram\u00f3n; para la ni\u00f1a, \u00abpap\u00e1 2\u00bb. <\/p>\n<p class=\"voc-paragraph\"><a href=\"https:\/\/www.mujerhoy.com\/vivir\/ocio\/claves-ocultas-serie-adolescencia-miedo-padres-situaciones-peligrosas-hijos-20250321113326-nt.html\" notaddlevel=\"true\" target=\"_self\" data-voc-vtm-id=\"in-text-traffic\" title=\"Padre e hija no salen\" data-mrf-link=\"www.mujerhoy.com\" rel=\"noopener noreferrer\">Padre e hija no salen<\/a> de la ciudad, pero lo vivido es toda una aventura. Les acompa\u00f1an <span id=\"U24141630877KeL\">Pen\u00e9lope<\/span>, al fin y al cabo es una odisea; Mois\u00e9s, para hacerlo m\u00e1s \u00e9pico, y Javi, un nost\u00e1lgico de los ochenta que pone la nota heavy. Adem\u00e1s de un inmigrante ilegal, que es el Amigo; Herm\u00ednia, Cap Rapinstant, Lito o Raquel. Todos ayudan a bordar y tambi\u00e9n colorear el drama.<\/p>\n<div class=\"v-c-cmp \">\n<div class=\"v-cmp-m \">\n<article class=\"v-a v-a--cmp-m v-c-cmp--m-p\">\n<div class=\"v-a-img-c \">\n<div class=\"v-a-fig\">\n<button class=\"v-a-link\" popovertarget=\"photo-707\"><br \/>\n<img loading=\"lazy\" src=\"http:\/\/hoycordobaweb.com\/wp-content\/uploads\/2025\/06\/la-furgo-la-pelicula-espanola-con-un-padre-y-su-hija-de-6-anos-que-es-muy-tierna-y-te-va-a-emocionar-1.jpg\" class=\"v-a-img\" width=\"624\" height=\"624\" alt=\"Oso, parado y divorciado, delante de su furgoneta casa. \" data-voc-vtm-id=\"in-text-traffic\"> <\/button><figcaption class=\"v-fc\">\n<span class=\"v-fc__t\"><br \/>\nOso, parado y divorciado, delante de su furgoneta casa.<br \/>\n<\/span><br \/>\n<span class=\"v-fc__p\"><br \/>\nCORTES\u00cdA SIDERAL<br \/>\n<\/span><br \/>\n<\/figcaption><\/div>\n<\/div>\n<div id=\"photo-707\" popover class=\"v-mdl v-mdl--fw\">\n<button class=\"v-x\" popovertarget=\"photo-707\" popovertargetaction=\"hide\"><br \/>\n<span class=\"v-i\"><br \/>\n<svg width=\"24\" height=\"23.996\" viewBox=\"0 0 24 23.996\">\n<path data-name=\"Uni\u00f3n 29\" d=\"M12,14.03,2.031,24,0,21.963,9.968,12,0,2.033,2.031,0,12,9.966,21.969,0,24,2.033,14.032,12,24,21.963,21.969,24Z\" \/>\n<\/svg><br \/>\n<\/span><br \/>\n<\/button><\/p>\n<div class=\"v-mdl__c\">\n<div class=\"v-mdl__w\">\n<img loading=\"lazy\" src=\"http:\/\/hoycordobaweb.com\/wp-content\/uploads\/2025\/06\/la-furgo-la-pelicula-espanola-con-un-padre-y-su-hija-de-6-anos-que-es-muy-tierna-y-te-va-a-emocionar-1.jpg\" class=\"v-mdl__img-z\" width=\"624\" height=\"624\" alt>\n<\/div>\n<\/div>\n<\/div>\n<p><span class=\"v-bdp\"><\/span><br \/>\n<\/article>\n<\/div>\n<\/div>\n<p class=\"voc-paragraph\">Lo de Eloy Calvo con el c\u00f3mic La furgo fue un flechazo. \u00abLa portada me llam\u00f3 la atenci\u00f3n enseguida: una <span id=\"U56164405570zgP\">furgoneta<\/span> avanzando por el fondo del mar. En la cabina, un padre y su hija comparten una mirada c\u00f3mplice\u00bb, cuenta el cineasta. As\u00ed, en cuanto termin\u00f3 de leer el libro, se puso en contacto con sus creadores. Lo ten\u00eda claro: all\u00ed hab\u00eda una pel\u00edcula y \u00e9l estaba dispuesto a hacerla.<\/p>\n<p><h3 class=\"v-cmp-suh\">\nUna pel\u00edcula muy real con animaci\u00f3n 2D<br \/>\n<\/h3>\n<\/p>\n<p class=\"voc-paragraph\">Fueron 19 jornadas de rodaje, de gran uni\u00f3n entre el equipo t\u00e9cnico y art\u00edstico, ya que el debutante Calvo se ha dado el lujo de cumplir un sue\u00f1o. El de \u00abmezclar imagen real con elementos de <span id=\"U43232005752wgu\">animaci\u00f3n 2D<\/span> tradicional\u00bb porque, confiesa, \u00absiempre me ha apasionado el mundo del cine, la animaci\u00f3n y el c\u00f3mic\u00bb. <\/p>\n<p class=\"voc-paragraph\">De hecho, es graduado por la Escuela Superior de Cine y Audiovisuales de Catalu\u00f1a (ESCAC) en la especialidad de direcci\u00f3n de ficci\u00f3n, pero tambi\u00e9n en ilustraci\u00f3n y c\u00f3mic por la Escuela Joso. Por lo dem\u00e1s, y como reza en su biograf\u00eda, \u00abtarrasense de nacimiento y barcelon\u00e9s de adopci\u00f3n en la Esquerra del Eixample durante unos a\u00f1os hasta que las subidas desorbitadas de los precios de <span id=\"U17428125163AJK\">alquileres<\/span> lo echaron de la ciudad\u00bb. Nada que no est\u00e9 en la pel\u00edcula.<\/p>\n<p class=\"voc-paragraph\">Ser director y story board artist le ha permitido visualizar las escenas con antelaci\u00f3n, que es lo mismo que \u00abso\u00f1ar con la pel\u00edcula sin l\u00edmites, dejando volar la <span id=\"U56602717236Bxn\">imaginaci\u00f3n<\/span>\u00bb, en sus palabras. Part\u00eda con ventaja porque ya la figura de Oso le hab\u00eda cautivado: \u00abEs un personaje que camina constantemente por la cuerda floja, pero que logra sobrevivir d\u00eda a d\u00eda sin perder su mirada particular: ir\u00f3nica, fantasiosa y cr\u00edtica\u00bb.<\/p>\n<p><h3 class=\"v-cmp-suh\">\nUn padre y su hija viviendo en una furgoneta<br \/>\n<\/h3>\n<\/p>\n<p class=\"voc-paragraph\">Tambi\u00e9n se vio seducido por la forma en que la historia \u00abmuestra que, a trav\u00e9s de una serie de decisiones, una persona puede acabar viviendo al borde de lo que entendemos como <span id=\"U12558023714FcE\">exclusi\u00f3n social<\/span>\u00bb. Problemas laborales, crisis de pareja, responsabilidades familiares, conflictos no resueltos\u2026 y, al final, el mundo reducido al espacio de una furgoneta. Es lo que dibuja Violeta cuando en el cole tiene que pintar su casa. <\/p>\n<div class=\"v-c-cmp \">\n<div class=\"v-cmp-m \">\n<article class=\"v-a v-a--cmp-m v-c-cmp--m-p\">\n<div class=\"v-a-img-c \">\n<div class=\"v-a-fig\">\n<button class=\"v-a-link\" popovertarget=\"photo-624\"><br \/>\n<img loading=\"lazy\" src=\"http:\/\/hoycordobaweb.com\/wp-content\/uploads\/2025\/06\/la-furgo-la-pelicula-espanola-con-un-padre-y-su-hija-de-6-anos-que-es-muy-tierna-y-te-va-a-emocionar-2.jpg\" class=\"v-a-img\" width=\"624\" height=\"624\" alt=\"Oso y Violeta viven una odisea sin salir de Barcelona. \" data-voc-vtm-id=\"in-text-traffic\"> <\/button><figcaption class=\"v-fc\">\n<span class=\"v-fc__t\"><br \/>\nOso y Violeta viven una odisea sin salir de Barcelona.<br \/>\n<\/span><br \/>\n<span class=\"v-fc__p\"><br \/>\nCORTES\u00cdA SIDERAL<br \/>\n<\/span><br \/>\n<\/figcaption><\/div>\n<\/div>\n<div id=\"photo-624\" popover class=\"v-mdl v-mdl--fw\">\n<button class=\"v-x\" popovertarget=\"photo-624\" popovertargetaction=\"hide\"><br \/>\n<span class=\"v-i\"><br \/>\n<svg width=\"24\" height=\"23.996\" viewBox=\"0 0 24 23.996\">\n<path data-name=\"Uni\u00f3n 29\" d=\"M12,14.03,2.031,24,0,21.963,9.968,12,0,2.033,2.031,0,12,9.966,21.969,0,24,2.033,14.032,12,24,21.963,21.969,24Z\" \/>\n<\/svg><br \/>\n<\/span><br \/>\n<\/button><\/p>\n<div class=\"v-mdl__c\">\n<div class=\"v-mdl__w\">\n<img loading=\"lazy\" src=\"http:\/\/hoycordobaweb.com\/wp-content\/uploads\/2025\/06\/la-furgo-la-pelicula-espanola-con-un-padre-y-su-hija-de-6-anos-que-es-muy-tierna-y-te-va-a-emocionar-2.jpg\" class=\"v-mdl__img-z\" width=\"624\" height=\"624\" alt>\n<\/div>\n<\/div>\n<\/div>\n<p><span class=\"v-bdp\"><\/span><br \/>\n<\/article>\n<\/div>\n<\/div>\n<p class=\"voc-paragraph\">No tener un lugar estable donde vivir lo pone todo patas arriba. El veh\u00edculo se convierte no solo en cuatro paredes que habitar, sino en una poderosa <span id=\"U20283525383jhF\">met\u00e1fora<\/span> de lo precario, lo provisional y la necesidad de ver, aun con los cristales muy empa\u00f1ados, un futuro por delante. Ilustra, en definitiva, las muchas, amargas y enloquecedoras vueltas que da la vida.<\/p>\n<p class=\"voc-paragraph\">En la furgo, su \u00faltimo refugio, \u00abOso a\u00fan siente que tiene el control\u00bb, describe el realizador. Importante porque a su lado, de copiloto, lleva a su hija. \u00abEncontrar a <span id=\"U64445567855dzq\">Martina Lleida<\/span> fue un proceso muy m\u00e1gico y, a la vez muy, importante porque ten\u00eda que dar la r\u00e9plica a Pol L\u00f3pez\u00bb, a\u00f1ade. \u00c9l mismo es padre de un ni\u00f1o de su misma edad, as\u00ed que le fue sencillo conectar con la actriz, para quien fue su primera experiencia en el cine. <\/p>\n<p class=\"voc-paragraph\">El viaje, como cab\u00eda esperar, estuvo lleno de emociones. Adem\u00e1s, con la banda sonora de <span id=\"U62244554716RQd\">Marc Parrot<\/span> y su canci\u00f3n Roda como tema estelar para abrir este particular y rodante universo. \u00abEl espacio es muy grande, \u00bfpor qu\u00e9 nosotros estamos aqu\u00ed apretaditos?\u00bb, pregunta Violeta. La respuesta de Oso: \u00abPorque est\u00e1 mal repartido\u00bb.<\/p>\n<div class=\"v-c-cmp v-c-cmp--t1 \">\n<div class=\"v-cmp-rld v-cmp-rld--2 \">\n<div class=\"v-cnt-m v-cnt-m--m\">\n<div class=\"v-cnt-m__c\">\n<div class=\"v-cnt-m__w v-cnt-m__w--1\">\n<p class=\"v-cnt-m__t\">\nTAMBI\u00c9N TE INTERESA\n<\/p>\n<\/div>\n<\/div>\n<\/div>\n<div class=\"v-g v-g--2-c v-g--bdr-min-xs\">\n<div class=\"v-g__c \">\n<article class=\"v-a v-a--cmp-rld v-a--cmp-rld-2 v-a--p-l\">\n<div class=\"v-a-img-c\">\n<figure class=\"v-a-fig\">\n<a href=\"https:\/\/www.mujerhoy.com\/vivir\/ocio\/oelicula-nicole-kidman-inquietante-miedo-suspense-secreto-aterrador-holland-20250403083645-nt.html#vtm_modulosEngag=mod-rel:vivir:noticia:1:cmp:2-not\" class=\"v-a-link\" title=\"La inquietante pel\u00edcula de Nicole Kidman que arrasa en Prime Video con vuelta de tuerca estilo El Resplandor y un secreto aterrador\"><br \/>\n<img loading=\"lazy\" class=\"v-a-img\" src=\"http:\/\/hoycordobaweb.com\/wp-content\/uploads\/2025\/06\/la-furgo-la-pelicula-espanola-con-un-padre-y-su-hija-de-6-anos-que-es-muy-tierna-y-te-va-a-emocionar-3.jpg\" alt=\"La inquietante pel\u00edcula de Nicole Kidman que arrasa en Prime Video con vuelta de tuerca estilo El Resplandor y un secreto aterrador\"><br \/>\n<\/a><br \/>\n<\/figure>\n<\/div>\n<\/article>\n<\/div>\n<div class=\"v-g__c \">\n<article class=\"v-a v-a--cmp-rld v-a--cmp-rld-2 v-a--p-l\">\n<div class=\"v-a-img-c\">\n<figure class=\"v-a-fig\">\n<a href=\"https:\/\/www.mujerhoy.com\/vivir\/ocio\/orgullo-y-prejuicio-miniserie-netflix-reparto-olivia-colman-emma-corrin-jack-lowden-20250418174037-nt.html#vtm_modulosEngag=mod-rel:vivir:noticia:2:cmp:2-not\" class=\"v-a-link\" title=\"Netflix prepara una miniserie de Orgullo y Prejuicio y estos ser\u00e1n los protagonistas de la nueva adaptaci\u00f3n de la novela de Jane Austen\"><br \/>\n<img loading=\"lazy\" class=\"v-a-img\" src=\"http:\/\/hoycordobaweb.com\/wp-content\/uploads\/2025\/06\/la-furgo-la-pelicula-espanola-con-un-padre-y-su-hija-de-6-anos-que-es-muy-tierna-y-te-va-a-emocionar-4.jpg\" alt=\"Netflix prepara una miniserie de Orgullo y Prejuicio y estos ser\u00e1n los protagonistas de la nueva adaptaci\u00f3n de la novela de Jane Austen\"><br \/>\n<\/a><br \/>\n<\/figure>\n<\/div>\n<\/article>\n<\/div>\n<\/div>\n<\/div>\n<\/div>\n","protected":false},"excerpt":{"rendered":"<p>Una road movie sin salir de Barcelona, pero con todos los ingredientes del g\u00e9nero. La pel\u00edcula que se presenta este fin de semana la protagonizan un padre y su peque\u00f1a hija dando tumbos a bordo de una furgoneta con mucha vida, por delante y por detr\u00e1s. As\u00ed es La furgo, la emocionante pel\u00edcula que ha [&hellip;]<\/p>\n","protected":false},"author":1,"featured_media":108718,"comment_status":"closed","ping_status":"closed","sticky":false,"template":"","format":"standard","meta":[],"categories":[],"tags":[],"_links":{"self":[{"href":"http:\/\/hoycordobaweb.com\/index.php\/wp-json\/wp\/v2\/posts\/108717"}],"collection":[{"href":"http:\/\/hoycordobaweb.com\/index.php\/wp-json\/wp\/v2\/posts"}],"about":[{"href":"http:\/\/hoycordobaweb.com\/index.php\/wp-json\/wp\/v2\/types\/post"}],"author":[{"embeddable":true,"href":"http:\/\/hoycordobaweb.com\/index.php\/wp-json\/wp\/v2\/users\/1"}],"replies":[{"embeddable":true,"href":"http:\/\/hoycordobaweb.com\/index.php\/wp-json\/wp\/v2\/comments?post=108717"}],"version-history":[{"count":0,"href":"http:\/\/hoycordobaweb.com\/index.php\/wp-json\/wp\/v2\/posts\/108717\/revisions"}],"wp:featuredmedia":[{"embeddable":true,"href":"http:\/\/hoycordobaweb.com\/index.php\/wp-json\/wp\/v2\/media\/108718"}],"wp:attachment":[{"href":"http:\/\/hoycordobaweb.com\/index.php\/wp-json\/wp\/v2\/media?parent=108717"}],"wp:term":[{"taxonomy":"category","embeddable":true,"href":"http:\/\/hoycordobaweb.com\/index.php\/wp-json\/wp\/v2\/categories?post=108717"},{"taxonomy":"post_tag","embeddable":true,"href":"http:\/\/hoycordobaweb.com\/index.php\/wp-json\/wp\/v2\/tags?post=108717"}],"curies":[{"name":"wp","href":"https:\/\/api.w.org\/{rel}","templated":true}]}}