{"id":108711,"date":"2025-06-20T17:02:53","date_gmt":"2025-06-20T17:02:53","guid":{"rendered":"https:\/\/www.ole.com.ar\/futbol-internacional\/inglaterra\/emiliano-buendia-chances-irse-equipo-premier-league-aston-villa_0_3eHYkzPOc1.html"},"modified":"2025-06-20T17:02:53","modified_gmt":"2025-06-20T17:02:53","slug":"emiliano-buendia-con-chances-de-irse-a-otro-equipo-de-la-premier-league","status":"publish","type":"post","link":"http:\/\/hoycordobaweb.com\/index.php\/2025\/06\/20\/emiliano-buendia-con-chances-de-irse-a-otro-equipo-de-la-premier-league\/","title":{"rendered":"Emiliano Buend\u00eda, \u00bfcon chances de irse a otro equipo de la Premier League?"},"content":{"rendered":"<p><img src=\"http:\/\/hoycordobaweb.com\/wp-content\/uploads\/2025\/06\/emiliano-buendia-con-chances-de-irse-a-otro-equipo-de-la-premier-league.jpg\"><\/p>\n<p><time class=\"createDate\" datetime=\"2025-06-20T14:02:53-03:00\">20\/06\/2025 14:02hs.<\/time><\/p>\n<div id=\"storyBody\">\n<div class=\"custom-text \" readability=\"38.362204724409\">\n<p>Tras recuperarse de aquella rotura de ligamentos que lo tuvo sin jugar toda la temporada 2023-24, <a href=\"https:\/\/www.ole.com.ar\/tema\/emiliano-buendia.html\" title=\"Emiliano Buend\u00eda\" alt=\"Emiliano Buend\u00eda\" class=\"slug\">Emiliano Buend\u00eda<\/a> volvi\u00f3 a jugar con normalidad en la \u00faltima campa\u00f1a, aunque no logr\u00f3 encontrar su lugar en el <a href=\"https:\/\/www.ole.com.ar\/tema\/aston-villa.html\" title=\"Aston Villa\" alt=\"Aston Villa\" class=\"slug\">Aston Villa<\/a> y, en enero de este a\u00f1o, se fue a jugar a pr\u00e9stamo al <a href=\"https:\/\/www.ole.com.ar\/tema\/bayer-leverkusen.html\" title=\"Bayer Leverkusen\" alt=\"Bayer Leverkusen\" class=\"slug\">Bayer Leverkusen<\/a> hasta terminar todas las competencias. All\u00ed jug\u00f3 14 partidos y marc\u00f3 dos goles, <strong>para luego regresar a Birmingham, ciudad de la que podr\u00eda partir nuevamente, con destino a otro equipo de la Premier League&#8230;<\/strong><\/p>\n<\/div>\n<div class=\"custom-text \" readability=\"38\">\n<p>Es que en Inglaterra comenzaron las especulaciones alrededor del futuro de Buend\u00eda, quien no tendr\u00eda minutos garantizados para esta nueva temporada en el Aston Villa del Dibu Mart\u00ednez y Unai Emery, y ya circul\u00f3 el nombre del club al que podr\u00eda partir el volante: <strong>el reci\u00e9n ascendido Leeds, donde antiguamente dirig\u00eda Marcelo Bielsa y que ahora tiene como entrenador a Daniel Farke.<\/strong><\/p>\n<\/div>\n<div class=\"custom-text \" readability=\"40\">\n<p>Y ser\u00eda Farke, justamente, la persona que posibilitar\u00eda la llegada de Buend\u00eda al Leeds. Es que el DT ya tuvo al argentino en el Norwich, donde el volante alcanz\u00f3 su mejor rendimiento. Y siempre hubieron elogios mutuos. De hecho, <strong>en una entrevista que sali\u00f3 publicada este viernes, el futbolista marplatense volvi\u00f3 a halagar al DT y ah\u00ed crecieron a\u00fan m\u00e1s los rumores.<\/strong><\/p>\n<\/div>\n<div class=\"custom-text \" readability=\"41\">\n<p>\u00abEs uno de los entrenadores m\u00e1s importantes de mi carrera. Me dio la oportunidad de unirme al Norwich. Y luego, lo m\u00e1s importante como jugador: me dio la confianza para ser yo mismo. Para disfrutar, para sentirme libre en el campo&#8230;<strong> Fue realmente bueno, conectando muy bien conmigo y dici\u00e9ndome lo que necesitaba escuchar en cada momento, tanto en los buenos como en los malos. Es especial para m\u00ed\u00bb, <\/strong>expres\u00f3 Buend\u00eda, en di\u00e1logo con Talk Norwich City.<\/p>\n<\/div>\n<div class=\"custom-text \" readability=\"36\">\n<p>La prensa inglesa indica que el Leeds est\u00e1 en busca de cerrar al menos cinco refuerzos clave para afrontar esta temporada en la Premier League, incluso un n\u00famero 10, por lo que podr\u00eda haber chances de que Buend\u00eda pueda llegar all\u00ed.<\/p>\n<\/div>\n<div class=\"sc-e7b891c4-0 ifHnQL image-embed\"><img alt=\"Buend\u00eda, en el Bayer Leverkusen. (Foto: Reuters)\" loading=\"lazy\" width=\"720\" height=\"100\" decoding=\"async\" data-nimg=\"1\" src=\"http:\/\/hoycordobaweb.com\/wp-content\/uploads\/2025\/06\/emiliano-buendia-con-chances-de-irse-a-otro-equipo-de-la-premier-league-2.jpg\"><span class=\"epigraphe\">Buend\u00eda, en el Bayer Leverkusen. (Foto: Reuters)<\/span><\/div>\n<div class=\"custom-text \" readability=\"36\">\n<p>Eso s\u00ed: de momento, el Leeds no hizo ninguna oferta por el argentino. Pero los rumores crecen. Incluso se record\u00f3 <strong>cuando Farke elogi\u00f3 al Buend\u00eda en enero, en el momento en el que Emery revel\u00f3 que estaba disponible para ser cedido.<\/strong><\/p>\n<\/div>\n<div class=\"custom-text \" readability=\"40\">\n<p>\u00abNunca comento sobre jugadores con contrato en otros equipos; no esperar\u00eda que otro entrenador hiciera un comentario sobre mis jugadores. He le\u00eddo los comentarios porque me interesa el f\u00fatbol y tambi\u00e9n la Premier League. <strong>Obviamente he trabajado con Emi Buend\u00eda en a\u00f1os anteriores, fue uno de mis mejores jugadores, realmente lo valoro, pero no opino sobre la situaci\u00f3n de un jugador que ahora juega en un equipo diferente\u00bb, <\/strong>hab\u00edan sido las palabras de Farke, justo antes de que Buend\u00eda partiera al Bayer Leverkusen.<\/p>\n<\/div>\n<div class=\"custom-text \" readability=\"41\">\n<p>Restar\u00e1 por ver si el Aston Villa tiene intenciones de volver a mandar a pr\u00e9stamo a Buend\u00eda, o de venderlo, o si el marplatense, quien lleg\u00f3 al club proveniente del Norwich en junio del 2021 y a cambio de 34 millones de euros, pelear\u00e1 por quedarse all\u00ed y ganarse un lugar. En ese sentido, <strong>vale recordar que al futbolista de 28 a\u00f1os le quedan dos a\u00f1os m\u00e1s de contrato en los Villanos, hasta el 30 de junio del 2027. <\/strong><\/p>\n<\/div>\n<div class=\"sc-e7b891c4-0 ifHnQL image-embed\"><img alt=\"Emery y Buend\u00eda, en el Aston Villa. (Foto: Reuters)\" loading=\"lazy\" width=\"720\" height=\"100\" decoding=\"async\" data-nimg=\"1\" src=\"http:\/\/hoycordobaweb.com\/wp-content\/uploads\/2025\/06\/emiliano-buendia-con-chances-de-irse-a-otro-equipo-de-la-premier-league-3.jpg\"><span class=\"epigraphe\">Emery y Buend\u00eda, en el Aston Villa. (Foto: Reuters)<\/span><\/div>\n<p><h2><strong>La \u00faltima temporada de Emiliano Buend\u00eda<\/strong><\/h2>\n<\/p>\n<div class=\"custom-text \" readability=\"38\">\n<p>Buend\u00eda finaliz\u00f3 la temporada con 34 partidos disputados (20 en el Aston Villa y 14 en el Bayer Leverkusen), en los que anot\u00f3 cinco goles (uno con los ingleses y cuatro con los alemanes). Fue convocado por Lionel Scaloni a la reciente doble fecha de Eliminatorias, que finaliz\u00f3 con un triunfo 1-0 ante Chile y un empate 1-1 frente a Colombia, aunque no sum\u00f3 minutos.<\/p>\n<\/div>\n<div class=\"sc-734b4696-1 kFfZtB\" readability=\"6\">\n<div class=\"sc-d00d9e74-0 hnHYbk\" type=\"embed\">\n<div class=\"sc-d00d9e74-1 iKVbz videoText\" id=\"contentTitleembedg1KdPi8q\" type=\"embed\"><svg fill=\"#ffffff\"><symbol id=\"play\" viewBox=\"0 0 512 512\"><path d=\"M512 256C512 397.4 397.4 512 256 512C114.6 512 0 397.4 0 256C0 114.6 114.6 0 256 0C397.4 0 512 114.6 512 256zM176 168V344C176 352.7 180.7 360.7 188.3 364.9C195.8 369.2 205.1 369 212.5 364.5L356.5 276.5C363.6 272.1 368 264.4 368 256C368 247.6 363.6 239.9 356.5 235.5L212.5 147.5C205.1 142.1 195.8 142.8 188.3 147.1C180.7 151.3 176 159.3 176 168V168z\" \/><\/symbol><use xlink:href=\"#play\" \/><\/svg><\/p>\n<div class=\"right\">\n<p>Emiliano Buend\u00eda<!-- --> &#8211; <span>&nbsp;<\/span><\/p>\n<h2 class=\"title-vid\">Golazo de Emiliano Buend\u00eda para el Leverkusen<\/h2>\n<\/div>\n<\/div>\n<p><span class=\"back\" id=\"spanBackembedg1KdPi8q\"><\/span><\/div>\n<div class=\"JWvideoNota_title\" readability=\"7\">\n<p>El argentino clav\u00f3 el 2-0 sobre el Augsburgo (Budesliga).<\/p>\n<\/div>\n<\/div>\n<div class=\"sc-734b4696-1 kFfZtB\">\n<div class=\"sc-d00d9e74-0 hnHYbk\" type=\"embed\">\n<div class=\"sc-d00d9e74-1 iKVbz videoText\" id=\"contentTitleembedb8ALlmgP\" type=\"embed\"><svg fill=\"#ffffff\"><symbol id=\"play\" viewBox=\"0 0 512 512\"><path d=\"M512 256C512 397.4 397.4 512 256 512C114.6 512 0 397.4 0 256C0 114.6 114.6 0 256 0C397.4 0 512 114.6 512 256zM176 168V344C176 352.7 180.7 360.7 188.3 364.9C195.8 369.2 205.1 369 212.5 364.5L356.5 276.5C363.6 272.1 368 264.4 368 256C368 247.6 363.6 239.9 356.5 235.5L212.5 147.5C205.1 142.1 195.8 142.8 188.3 147.1C180.7 151.3 176 159.3 176 168V168z\" \/><\/symbol><use xlink:href=\"#play\" \/><\/svg><\/p>\n<div class=\"right\">\n<p>Emiliano Buend\u00eda<!-- --> &#8211; <span>&nbsp;<\/span><\/p>\n<h2 class=\"title-vid\">El aporte de Emiliano Buend\u00eda en su debut en el Bayer Leverkusen<\/h2>\n<\/div>\n<\/div>\n<p><span class=\"back\" id=\"spanBackembedb8ALlmgP\"><\/span><\/div>\n<div class=\"JWvideoNota_title\">\n<p>Video: Twitter<\/p>\n<\/div>\n<\/div>\n<div class=\"sc-a7166897-0 eoLsBE\" readability=\"6\">\n<section readability=\"2\"><picture><img alt=\"El inesperado elogio del DT del Bayern para un jugador de Boca\" loading=\"lazy\" width=\"290\" height=\"290\" decoding=\"async\" data-nimg=\"1\" src=\"http:\/\/hoycordobaweb.com\/wp-content\/uploads\/2025\/06\/emiliano-buendia-con-chances-de-irse-a-otro-equipo-de-la-premier-league-4.jpg\"><\/picture>\n<p><span>Mir\u00e1 tambi\u00e9n<\/span><\/p>\n<hr>\n<h3>El inesperado elogio del DT del Bayern para un jugador de Boca<\/h3>\n<\/p>\n<\/section>\n<\/div>\n<div class=\"sc-a7166897-0 eoLsBE\" readability=\"8\">\n<section readability=\"6\"><picture><img alt=\"Gallardo habl\u00f3 de todo: Cristiano, Mastantuono, sus llamados a jugadores, Borja y m\u00e1s\" loading=\"lazy\" width=\"290\" height=\"290\" decoding=\"async\" data-nimg=\"1\" src=\"http:\/\/hoycordobaweb.com\/wp-content\/uploads\/2025\/06\/emiliano-buendia-con-chances-de-irse-a-otro-equipo-de-la-premier-league-5.jpg\"><\/picture>\n<p><span>Mir\u00e1 tambi\u00e9n<\/span><\/p>\n<hr>\n<h3>Gallardo habl\u00f3 de todo: Cristiano, Mastantuono, sus llamados a jugadores, Borja y m\u00e1s<\/h3>\n<\/p>\n<\/section>\n<\/div>\n<div class=\"sc-a7166897-0 eoLsBE\" readability=\"6\">\n<section readability=\"2\"><picture><img alt=\"Muniain: de la emotiva despedida de San Lorenzo a la posibilidad del retiro\" loading=\"lazy\" width=\"290\" height=\"290\" decoding=\"async\" data-nimg=\"1\" src=\"http:\/\/hoycordobaweb.com\/wp-content\/uploads\/2025\/06\/emiliano-buendia-con-chances-de-irse-a-otro-equipo-de-la-premier-league-6.jpg\"><\/picture>\n<p><span>Mir\u00e1 tambi\u00e9n<\/span><\/p>\n<hr>\n<h3>Muniain: de la emotiva despedida de San Lorenzo a la posibilidad del retiro<\/h3>\n<\/p>\n<\/section>\n<\/div>\n<\/div>\n","protected":false},"excerpt":{"rendered":"<p>20\/06\/2025 14:02hs. Tras recuperarse de aquella rotura de ligamentos que lo tuvo sin jugar toda la temporada 2023-24, Emiliano Buend\u00eda volvi\u00f3 a jugar con normalidad en la \u00faltima campa\u00f1a, aunque no logr\u00f3 encontrar su lugar en el Aston Villa y, en enero de este a\u00f1o, se fue a jugar a pr\u00e9stamo al Bayer Leverkusen hasta [&hellip;]<\/p>\n","protected":false},"author":1,"featured_media":108712,"comment_status":"open","ping_status":"closed","sticky":false,"template":"","format":"standard","meta":[],"categories":[16],"tags":[],"_links":{"self":[{"href":"http:\/\/hoycordobaweb.com\/index.php\/wp-json\/wp\/v2\/posts\/108711"}],"collection":[{"href":"http:\/\/hoycordobaweb.com\/index.php\/wp-json\/wp\/v2\/posts"}],"about":[{"href":"http:\/\/hoycordobaweb.com\/index.php\/wp-json\/wp\/v2\/types\/post"}],"author":[{"embeddable":true,"href":"http:\/\/hoycordobaweb.com\/index.php\/wp-json\/wp\/v2\/users\/1"}],"replies":[{"embeddable":true,"href":"http:\/\/hoycordobaweb.com\/index.php\/wp-json\/wp\/v2\/comments?post=108711"}],"version-history":[{"count":0,"href":"http:\/\/hoycordobaweb.com\/index.php\/wp-json\/wp\/v2\/posts\/108711\/revisions"}],"wp:featuredmedia":[{"embeddable":true,"href":"http:\/\/hoycordobaweb.com\/index.php\/wp-json\/wp\/v2\/media\/108712"}],"wp:attachment":[{"href":"http:\/\/hoycordobaweb.com\/index.php\/wp-json\/wp\/v2\/media?parent=108711"}],"wp:term":[{"taxonomy":"category","embeddable":true,"href":"http:\/\/hoycordobaweb.com\/index.php\/wp-json\/wp\/v2\/categories?post=108711"},{"taxonomy":"post_tag","embeddable":true,"href":"http:\/\/hoycordobaweb.com\/index.php\/wp-json\/wp\/v2\/tags?post=108711"}],"curies":[{"name":"wp","href":"https:\/\/api.w.org\/{rel}","templated":true}]}}