{"id":108699,"date":"2025-06-20T22:45:47","date_gmt":"2025-06-20T22:45:47","guid":{"rendered":"https:\/\/www.ole.com.ar\/autos\/valentin-perrone-practica-gp-italia-hora-clasificacion-moto3-ver-mugello_0_JUufdvRK75.html"},"modified":"2025-06-20T22:45:47","modified_gmt":"2025-06-20T22:45:47","slug":"valentin-perrone-volo-en-la-practica-del-gp-de-italia-a-que-hora-sera-la-clasificacion-y-donde-se-podra-ver-la-actividad-de-moto3","status":"publish","type":"post","link":"http:\/\/hoycordobaweb.com\/index.php\/2025\/06\/20\/valentin-perrone-volo-en-la-practica-del-gp-de-italia-a-que-hora-sera-la-clasificacion-y-donde-se-podra-ver-la-actividad-de-moto3\/","title":{"rendered":"Valent\u00edn Perrone vol\u00f3 en la pr\u00e1ctica del GP de Italia: a qu\u00e9 hora ser\u00e1 la clasificaci\u00f3n y d\u00f3nde se podr\u00e1 ver la actividad de Moto3"},"content":{"rendered":"<p><img src=\"http:\/\/hoycordobaweb.com\/wp-content\/uploads\/2025\/06\/valentin-perrone-volo-en-la-practica-del-gp-de-italia-a-que-hora-sera-la-clasificacion-y-donde-se-podra-ver-la-actividad-de-moto3.jpg\"><\/p>\n<p><time class=\"createDate\" datetime=\"2025-06-20T19:45:47-03:00\">20\/06\/2025 19:45hs.<\/time><\/p>\n<div id=\"storyBody\">\n<div class=\"custom-text \" readability=\"40.347048300537\">\n<p>Arranc\u00f3 el a\u00f1o como un novato con mucho por aprender y lejos de los pilotos de punta y, despu\u00e9s de nueve fechas en <a href=\"https:\/\/www.ole.com.ar\/tema\/moto3.html\" title=\"Moto3\" alt=\"Moto3\" class=\"slug\">Moto3<\/a>, <strong>da la impresi\u00f3n de que <a href=\"https:\/\/www.ole.com.ar\/tema\/valentin-perrone.html\" title=\"valentin perrone\" alt=\"valentin perrone\" class=\"slug\">Valent\u00edn Perrone<\/a> ya es uno m\u00e1s<\/strong>. Pelea por estar arriba, es r\u00e1pido y desfachatado, condiciones necesarias para destacarse en un circuito hist\u00f3rico como el de Mugello. All\u00ed, en su primer d\u00eda de actividad,<strong> el pibe de 17 a\u00f1os vol\u00f3 en la pr\u00e1ctica para pasar directamente a la Q2<\/strong>, en la que pelear\u00e1 por la pole position del GP de Italia. Enterate a qu\u00e9 hora ser\u00e1 la clasificaci\u00f3n y d\u00f3nde se podr\u00e1 ver.<\/p>\n<\/div>\n<div class=\"custom-text \" readability=\"36\">\n<p>En la tanda cronometrada m\u00e1s importante del viernes, la que define qui\u00e9nes van a la Q2 y qui\u00e9nes deber\u00e1n fajarse en la Q1 (la sesi\u00f3n previa), el piloto de Tech3 fue una flecha:<strong> result\u00f3 8\u00b0 despu\u00e9s de haber marcado un tiempo de 1m55s953<\/strong> por el que qued\u00f3 a 0s418 del l\u00edder David Almansa.<\/p>\n<\/div>\n<div class=\"sc-e7b891c4-0 ifHnQL image-embed\"><img alt=\"Valent\u00edn Perrone qued\u00f3 8\u00b0 en la pr\u00e1ctica y se meti\u00f3 en la Q2.\" loading=\"lazy\" width=\"720\" height=\"100\" decoding=\"async\" data-nimg=\"1\" src=\"http:\/\/hoycordobaweb.com\/wp-content\/uploads\/2025\/06\/valentin-perrone-volo-en-la-practica-del-gp-de-italia-a-que-hora-sera-la-clasificacion-y-donde-se-podra-ver-la-actividad-de-moto3-2.jpg\"><span class=\"epigraphe\">Valent\u00edn Perrone qued\u00f3 8\u00b0 en la pr\u00e1ctica y se meti\u00f3 en la Q2.<\/span><\/div>\n<div class=\"custom-text \" readability=\"37\">\n<p>\u00abMuy buenas sensaciones en el d\u00eda de hoy. Ma\u00f1ana trataremos de hacer un buen rally en la Q2, <strong>para ver si podemos entrar entre las primeras dos filas<\/strong>, y seguiremos trabajando para ver qu\u00e9 nos depara el futuro\u00bb, le dijo el nacido en Barcelona a <strong>Ol\u00e9<\/strong>. <\/p>\n<\/div>\n<p><h2>Valent\u00edn Perrone en el GP de Italia: a qu\u00e9 hora es la clasificaci\u00f3n y d\u00f3nde se podr\u00e1 ver<\/h2>\n<\/p>\n<div class=\"custom-text \" readability=\"38\">\n<p>Este s\u00e1bado, el argentino saldr\u00e1 a la pista <strong>entre las 8.15hs y las 8.30hs<\/strong> (un rato antes, a las 7.50hs, se pondr\u00e1 en marcha la Q1, en la que los m\u00e1s r\u00e1pidos bucar\u00e1n meterse en la Q2). La sesi\u00f3n ser\u00e1 transmitida exclusivamente por <strong>Disney+ Premium<\/strong>. <\/p>\n<\/div>\n<div class=\"custom-text \" readability=\"38\">\n<p>Pasada la qualy, ser\u00e1 hora de pensar en la carrera, que se disputar\u00e1 <strong>el domingo a las 6hs<\/strong> e ir\u00e1 tanto por TV, por <strong>ESPN<\/strong>, como por streaming, por <strong>Disney+ Premium<\/strong>.<\/p>\n<\/div>\n<div class=\"sc-e7b891c4-0 ifHnQL image-embed\"><img alt=\"Valent\u00edn Perrone buscar\u00e1 terminar lo m\u00e1s arriba posible en la clasificaci\u00f3n. (@Tech3Racing)\" loading=\"lazy\" width=\"720\" height=\"100\" decoding=\"async\" data-nimg=\"1\" src=\"http:\/\/hoycordobaweb.com\/wp-content\/uploads\/2025\/06\/valentin-perrone-volo-en-la-practica-del-gp-de-italia-a-que-hora-sera-la-clasificacion-y-donde-se-podra-ver-la-actividad-de-moto3-3.jpg\"><span class=\"epigraphe\">Valent\u00edn Perrone buscar\u00e1 terminar lo m\u00e1s arriba posible en la clasificaci\u00f3n. (@Tech3Racing)<\/span><\/div>\n<div class=\"sc-a7166897-0 eoLsBE\" readability=\"6\">\n<section readability=\"2\"><picture><img alt=\"Cu\u00e1ndo y por d\u00f3nde ver a Valent\u00edn Perrone en el GP de Mugello de Moto3\" loading=\"lazy\" width=\"290\" height=\"290\" decoding=\"async\" data-nimg=\"1\" src=\"http:\/\/hoycordobaweb.com\/wp-content\/uploads\/2025\/06\/valentin-perrone-volo-en-la-practica-del-gp-de-italia-a-que-hora-sera-la-clasificacion-y-donde-se-podra-ver-la-actividad-de-moto3-4.jpg\"><\/picture>\n<p><span>Mir\u00e1 tambi\u00e9n<\/span><\/p>\n<hr>\n<h3>Cu\u00e1ndo y por d\u00f3nde ver a Valent\u00edn Perrone en el GP de Mugello de Moto3<\/h3>\n<\/p>\n<\/section>\n<\/div>\n<div class=\"sc-a7166897-0 eoLsBE\" readability=\"6.5\">\n<section readability=\"3\"><picture><img alt=\"Checo P\u00e9rez rompi\u00f3 el silencio en medio de los rumores que lo vinculan con Alpine: qu\u00e9 dijo de Colapinto\" loading=\"lazy\" width=\"290\" height=\"290\" decoding=\"async\" data-nimg=\"1\" src=\"http:\/\/hoycordobaweb.com\/wp-content\/uploads\/2025\/06\/valentin-perrone-volo-en-la-practica-del-gp-de-italia-a-que-hora-sera-la-clasificacion-y-donde-se-podra-ver-la-actividad-de-moto3-5.jpg\"><\/picture>\n<p><span>Mir\u00e1 tambi\u00e9n<\/span><\/p>\n<hr>\n<h3>Checo P\u00e9rez rompi\u00f3 el silencio en medio de los rumores que lo vinculan con Alpine: qu\u00e9 dijo de Colapinto<\/h3>\n<\/p>\n<\/section>\n<\/div>\n<div class=\"sc-a7166897-0 eoLsBE\" readability=\"6.5\">\n<section readability=\"3\"><picture><img alt=\"De qu\u00e9 se trata la pel\u00edcula de la F1, con Brad Pitt como piloto veterano\" loading=\"lazy\" width=\"290\" height=\"290\" decoding=\"async\" data-nimg=\"1\" src=\"http:\/\/hoycordobaweb.com\/wp-content\/uploads\/2025\/06\/valentin-perrone-volo-en-la-practica-del-gp-de-italia-a-que-hora-sera-la-clasificacion-y-donde-se-podra-ver-la-actividad-de-moto3-6.jpg\"><\/picture>\n<p><span>Mir\u00e1 tambi\u00e9n<\/span><\/p>\n<hr>\n<h3>De qu\u00e9 se trata la pel\u00edcula de la F1, con Brad Pitt como piloto veterano<\/h3>\n<\/p>\n<\/section>\n<\/div>\n<div class=\"sc-a7166897-0 eoLsBE\" readability=\"7\">\n<section readability=\"4\"><picture><img alt=\"Para la F\u00f3rmula 1, Franco Colapinto corri\u00f3 bien y Alpine fue uno de los perdedores del \u00faltimo Gran Premio\" loading=\"lazy\" width=\"290\" height=\"290\" decoding=\"async\" data-nimg=\"1\" src=\"http:\/\/hoycordobaweb.com\/wp-content\/uploads\/2025\/06\/valentin-perrone-volo-en-la-practica-del-gp-de-italia-a-que-hora-sera-la-clasificacion-y-donde-se-podra-ver-la-actividad-de-moto3-7.jpg\"><\/picture>\n<p><span>Mir\u00e1 tambi\u00e9n<\/span><\/p>\n<hr>\n<h3>Para la F\u00f3rmula 1, Franco Colapinto corri\u00f3 bien y Alpine fue uno de los perdedores del \u00faltimo Gran Premio<\/h3>\n<\/p>\n<\/section>\n<\/div>\n<div class=\"sc-a7166897-0 eoLsBE\" readability=\"6.5\">\n<section readability=\"3\"><picture><img alt=\"Franco Colapinto: m\u00e1s fotos y videos que quedaron del evento de la F\u00f3rmula 1 en Nueva York\" loading=\"lazy\" width=\"290\" height=\"290\" decoding=\"async\" data-nimg=\"1\" src=\"http:\/\/hoycordobaweb.com\/wp-content\/uploads\/2025\/06\/valentin-perrone-volo-en-la-practica-del-gp-de-italia-a-que-hora-sera-la-clasificacion-y-donde-se-podra-ver-la-actividad-de-moto3-8.jpg\"><\/picture>\n<p><span>Mir\u00e1 tambi\u00e9n<\/span><\/p>\n<hr>\n<h3>Franco Colapinto: m\u00e1s fotos y videos que quedaron del evento de la F\u00f3rmula 1 en Nueva York<\/h3>\n<\/p>\n<\/section>\n<\/div>\n<\/div>\n","protected":false},"excerpt":{"rendered":"<p>20\/06\/2025 19:45hs. Arranc\u00f3 el a\u00f1o como un novato con mucho por aprender y lejos de los pilotos de punta y, despu\u00e9s de nueve fechas en Moto3, da la impresi\u00f3n de que Valent\u00edn Perrone ya es uno m\u00e1s. Pelea por estar arriba, es r\u00e1pido y desfachatado, condiciones necesarias para destacarse en un circuito hist\u00f3rico como el [&hellip;]<\/p>\n","protected":false},"author":1,"featured_media":108700,"comment_status":"open","ping_status":"closed","sticky":false,"template":"","format":"standard","meta":[],"categories":[16],"tags":[],"_links":{"self":[{"href":"http:\/\/hoycordobaweb.com\/index.php\/wp-json\/wp\/v2\/posts\/108699"}],"collection":[{"href":"http:\/\/hoycordobaweb.com\/index.php\/wp-json\/wp\/v2\/posts"}],"about":[{"href":"http:\/\/hoycordobaweb.com\/index.php\/wp-json\/wp\/v2\/types\/post"}],"author":[{"embeddable":true,"href":"http:\/\/hoycordobaweb.com\/index.php\/wp-json\/wp\/v2\/users\/1"}],"replies":[{"embeddable":true,"href":"http:\/\/hoycordobaweb.com\/index.php\/wp-json\/wp\/v2\/comments?post=108699"}],"version-history":[{"count":0,"href":"http:\/\/hoycordobaweb.com\/index.php\/wp-json\/wp\/v2\/posts\/108699\/revisions"}],"wp:featuredmedia":[{"embeddable":true,"href":"http:\/\/hoycordobaweb.com\/index.php\/wp-json\/wp\/v2\/media\/108700"}],"wp:attachment":[{"href":"http:\/\/hoycordobaweb.com\/index.php\/wp-json\/wp\/v2\/media?parent=108699"}],"wp:term":[{"taxonomy":"category","embeddable":true,"href":"http:\/\/hoycordobaweb.com\/index.php\/wp-json\/wp\/v2\/categories?post=108699"},{"taxonomy":"post_tag","embeddable":true,"href":"http:\/\/hoycordobaweb.com\/index.php\/wp-json\/wp\/v2\/tags?post=108699"}],"curies":[{"name":"wp","href":"https:\/\/api.w.org\/{rel}","templated":true}]}}