{"id":108629,"date":"2025-06-20T12:56:17","date_gmt":"2025-06-20T12:56:17","guid":{"rendered":"https:\/\/www.trendencias.com\/salud\/hector-alonso-podologo-advierte-uso-crocs-yo-nunca-usaria"},"modified":"2025-06-20T12:56:17","modified_gmt":"2025-06-20T12:56:17","slug":"hector-alonso-podologo-advierte-sobre-el-uso-de-las-crocs-yo-nunca-las-usaria","status":"publish","type":"post","link":"http:\/\/hoycordobaweb.com\/index.php\/2025\/06\/20\/hector-alonso-podologo-advierte-sobre-el-uso-de-las-crocs-yo-nunca-las-usaria\/","title":{"rendered":"H\u00e9ctor Alonso, pod\u00f3logo, advierte sobre el uso de las Crocs: \u00abyo nunca las usar\u00eda\u00bb"},"content":{"rendered":"<p>Las Crocs se han convertido en nuestro calzado de cabecera en los meses de calor. Y es que estos zuecos de goma son de los m\u00e1s c\u00f3modos, pero es que encima la posibilidad de personalizarlos tune\u00e1ndolos a nuestro gusto es todo un <em>must<\/em>. Eso s\u00ed, podr\u00eda ser que nuestros pies no est\u00e9n tan de acuerdo con ello, porque resulta que <strong>no son el mejor calzado<\/strong> para cuidar de ellos, as\u00ed lo explica el pod\u00f3logo <a rel=\"noopener, noreferrer\" href=\"https:\/\/www.instagram.com\/hectoralonso.podologo\/\">H\u00e9ctor Alonso<\/a>.<\/p>\n<p><!-- BREAK 1 --> <\/p>\n<p>Puede que ese par de Crocs que usas para estar por casa, ir a la piscina y hasta darte un paseo por la ciudad, le pase factura a tus pies: \u00ab<strong>son demasiado blandos e inestables.<\/strong> Si tienes los pies muy flexibles y se te tuerce el tobillo f\u00e1cilmente, este zapato no es para ti,\u00bb ha explicado el experto en <a rel=\"noopener, noreferrer\" href=\"https:\/\/www.instagram.com\/hectoralonso.podologo\/reel\/DDmsU4wCADy\/\">un v\u00eddeo que ha compartido con sus seguidores en redes<\/a>.<\/p>\n<p><!-- BREAK 2 --><\/p>\n<div class=\"article-asset-image article-asset-normal article-asset-center\">\n<div class=\"asset-content\"> <a rel=\"noopener, noreferrer\" href=\"https:\/\/www.instagram.com\/hectoralonso.podologo\/reel\/DDmsU4wCADy\/\"> <img class=\"centro_sinmarco\" height=\"1163\" width=\"1324\" loading=\"lazy\" decoding=\"async\" sizes=\"100vw\" fetchpriority=\"high\" srcset=\"http:\/\/hoycordobaweb.com\/wp-content\/uploads\/2025\/06\/hector-alonso-podologo-advierte-sobre-el-uso-de-las-crocs-yo-nunca-las-usaria.jpg 450w, http:\/\/hoycordobaweb.com\/wp-content\/uploads\/2025\/06\/hector-alonso-podologo-advierte-sobre-el-uso-de-las-crocs-yo-nunca-las-usaria-2.jpg 681w, http:\/\/hoycordobaweb.com\/wp-content\/uploads\/2025\/06\/hector-alonso-podologo-advierte-sobre-el-uso-de-las-crocs-yo-nunca-las-usaria-3.jpg 1024w, http:\/\/hoycordobaweb.com\/wp-content\/uploads\/2025\/06\/hector-alonso-podologo-advierte-sobre-el-uso-de-las-crocs-yo-nunca-las-usaria-4.jpg 1366w\" src=\"http:\/\/hoycordobaweb.com\/wp-content\/uploads\/2025\/06\/hector-alonso-podologo-advierte-sobre-el-uso-de-las-crocs-yo-nunca-las-usaria.jpg\" alt=\"Captura De Pantalla 2025 06 20 A Las 11 24 34\"> <noscript><img alt=\"Captura De Pantalla 2025 06 20 A Las 11 24 34\" class=\"centro_sinmarco\" src=\"http:\/\/hoycordobaweb.com\/wp-content\/uploads\/2025\/06\/hector-alonso-podologo-advierte-sobre-el-uso-de-las-crocs-yo-nunca-las-usaria.jpg\"><\/noscript> <\/a> <\/div>\n<\/div>\n<p>Pero eso no es todo, no solo es cuesti\u00f3n de que no se agarran bien a los pies y podr\u00edan llegar a provocarnos ciertas lesiones en los tobillos, sino que tambi\u00e9n podr\u00edan causarnos molestias en los m\u00fasculos del pie: \u00abcuando caminas se comprime tan f\u00e1cilmente que literalmente caminas sobre un coj\u00edn. <strong>Tus m\u00fasculos tendones y ligamentos se est\u00e1n fatigando m\u00e1s r\u00e1pido,<\/strong>\u00bb explica H\u00e9ctor.<\/p>\n<p><!-- BREAK 3 --> <\/p>\n<p>Y es que por muy ideales que nos puedan parecer estos zuecos de goma, lo cierto es que no se trata de una de las mejores alternativas para la salud de nuestros pies este verano. Siempre es mejor optar por <strong>un calzado que se sujete bien al tobillo <\/strong>y que a poder ser sea de un material de calidad, como es el caso de la piel, que se adapta mejor a la forma de nuestra plata del pie.<\/p>\n<p><!-- BREAK 4 --><\/p>\n<p>Fotos | <a rel=\"noopener, noreferrer\" href=\"https:\/\/www.instagram.com\/hectoralonso.podologo\/reel\/DDmsU4wCADy\/\">@hectoralonso.podolo<\/a><\/p>\n<p>En Trendencias | <a class=\"text-outboundlink\" href=\"https:\/\/www.trendencias.com\/eventos\/cuando-empiezan-rebajas-verano-inditex-mango-h-m-corte-ingles\" data-vars-post-title=\"Cu\u00e1ndo empiezan las rebajas de verano 2025 en Zara, Mango, H&amp;M, El Corte Ingl\u00e9s y m\u00e1s\" data-vars-post-url=\"https:\/\/www.trendencias.com\/eventos\/cuando-empiezan-rebajas-verano-inditex-mango-h-m-corte-ingles\">Cu\u00e1ndo empiezan las rebajas de verano 2025 en Zara, Mango, H&amp;M, El Corte Ingl\u00e9s y m\u00e1s<\/a><\/p>\n","protected":false},"excerpt":{"rendered":"<p>Las Crocs se han convertido en nuestro calzado de cabecera en los meses de calor. Y es que estos zuecos de goma son de los m\u00e1s c\u00f3modos, pero es que encima la posibilidad de personalizarlos tune\u00e1ndolos a nuestro gusto es todo un must. Eso s\u00ed, podr\u00eda ser que nuestros pies no est\u00e9n tan de acuerdo [&hellip;]<\/p>\n","protected":false},"author":1,"featured_media":108630,"comment_status":"closed","ping_status":"closed","sticky":false,"template":"","format":"standard","meta":[],"categories":[],"tags":[],"_links":{"self":[{"href":"http:\/\/hoycordobaweb.com\/index.php\/wp-json\/wp\/v2\/posts\/108629"}],"collection":[{"href":"http:\/\/hoycordobaweb.com\/index.php\/wp-json\/wp\/v2\/posts"}],"about":[{"href":"http:\/\/hoycordobaweb.com\/index.php\/wp-json\/wp\/v2\/types\/post"}],"author":[{"embeddable":true,"href":"http:\/\/hoycordobaweb.com\/index.php\/wp-json\/wp\/v2\/users\/1"}],"replies":[{"embeddable":true,"href":"http:\/\/hoycordobaweb.com\/index.php\/wp-json\/wp\/v2\/comments?post=108629"}],"version-history":[{"count":0,"href":"http:\/\/hoycordobaweb.com\/index.php\/wp-json\/wp\/v2\/posts\/108629\/revisions"}],"wp:featuredmedia":[{"embeddable":true,"href":"http:\/\/hoycordobaweb.com\/index.php\/wp-json\/wp\/v2\/media\/108630"}],"wp:attachment":[{"href":"http:\/\/hoycordobaweb.com\/index.php\/wp-json\/wp\/v2\/media?parent=108629"}],"wp:term":[{"taxonomy":"category","embeddable":true,"href":"http:\/\/hoycordobaweb.com\/index.php\/wp-json\/wp\/v2\/categories?post=108629"},{"taxonomy":"post_tag","embeddable":true,"href":"http:\/\/hoycordobaweb.com\/index.php\/wp-json\/wp\/v2\/tags?post=108629"}],"curies":[{"name":"wp","href":"https:\/\/api.w.org\/{rel}","templated":true}]}}