{"id":108623,"date":"2025-06-20T11:23:16","date_gmt":"2025-06-20T11:23:16","guid":{"rendered":"https:\/\/www.mujerhoy.com\/moda\/no-te-pierdas\/conjunto-zara-ideal-oficina-fichado-comprar-barato-rebajas-20250620120929-nt.html"},"modified":"2025-06-20T11:23:16","modified_gmt":"2025-06-20T11:23:16","slug":"el-conjunto-de-zara-ideal-para-ir-a-la-oficina-que-he-fichado-para-comprar-mas-barato-en-rebajas","status":"publish","type":"post","link":"http:\/\/hoycordobaweb.com\/index.php\/2025\/06\/20\/el-conjunto-de-zara-ideal-para-ir-a-la-oficina-que-he-fichado-para-comprar-mas-barato-en-rebajas\/","title":{"rendered":"El conjunto de Zara ideal para ir a la oficina que he fichado para comprar m\u00e1s barato en rebajas"},"content":{"rendered":"<p><!-- AUTHOR --><\/p>\n<div class=\"voc-author-timesocial \">\n<!-- AUTHOR --><\/p>\n<div class=\"voc-author-timesocial__signature \">\n<!-- IMAGE AUTHOR -->\n<picture class=\"voc-image-signature\">\n<img class=\"voc-image-signature__img\" src=\"http:\/\/hoycordobaweb.com\/wp-content\/uploads\/2025\/06\/el-conjunto-de-zara-ideal-para-ir-a-la-oficina-que-he-fichado-para-comprar-mas-barato-en-rebajas.jpg\" alt=\"Elena Romero Vargas\">\n<\/picture>\n<!-- INFO AUTHOR --> <\/div><\/div>\n<p><!-- COMPONENTS --><\/p>\n<p class=\"voc-paragraph\">Toda fashion victim vive la llegada del verano con una ilusi\u00f3n extra: <strong>el inicio de las rebajas en nuestras tiendas favoritas<\/strong>. Es el momento ideal para <a href=\"https:\/\/www.mujerhoy.com\/moda\/no-te-pierdas\/armario-capsula-basicos-simples-rebajas-20240706170818-nt.html\" data-voc-vtm-id=\"in-text-traffic\" title=\"renovar el armario tanto con b\u00e1sicos \" data-mrf-link=\"www.mujerhoy.com\">renovar el armario tanto con b\u00e1sicos <\/a>como con <a href=\"https:\/\/www.mujerhoy.com\/moda\/tendencias\/prendas-tendencia-zara-verano-20250524131442-nt.html\" data-voc-vtm-id=\"in-text-traffic\" title=\"prendas tendencia\" data-mrf-link=\"www.mujerhoy.com\">prendas tendencia<\/a>, todo a un precio mucho m\u00e1s asequible que da m\u00e1s manga anchas para hacer nuevas adquisiciones para esta temporada o empezar a preparar estilismos de entretiempo.<\/p>\n<p class=\"voc-paragraph\">A\u00fan tendremos que esperar hasta el <strong>25 de junio <\/strong>para que las <a href=\"https:\/\/www.mujerhoy.com\/moda\/no-te-pierdas\/rebajas-verano-2025-zara-vestidos-bolsos-20250619170647-nt.html\" data-voc-vtm-id=\"in-text-traffic\" title=\"rebajas de Zara\" data-mrf-link=\"www.mujerhoy.com\">rebajas de Zara<\/a> den el pistoletazo de salida a este momento tan deseado de la temporada. Como cada a\u00f1o, los descuentos empezar\u00e1n primero en la aplicaci\u00f3n y una hora m\u00e1s tarde en la web, y no ser\u00e1 hasta el 26 de junio cuando esta bajada de precio llegue tambi\u00e9n a las tiendas.<\/p>\n<div class=\"v-c-cmp v-c-cmp--t1 \">\n<div class=\"v-cmp-rld v-cmp-rld--2 \">\n<div class=\"v-cnt-m v-cnt-m--m\">\n<div class=\"v-cnt-m__c\">\n<div class=\"v-cnt-m__w v-cnt-m__w--1\">\n<p class=\"v-cnt-m__t\">\nTAMBI\u00c9N TE INTERESA\n<\/p>\n<\/div>\n<\/div>\n<\/div>\n<div class=\"v-g v-g--2-c v-g--bdr-min-xs\">\n<div class=\"v-g__c \">\n<article class=\"v-a v-a--cmp-rld v-a--cmp-rld-2 v-a--p-l\">\n<div class=\"v-a-img-c\">\n<figure class=\"v-a-fig\">\n<a href=\"https:\/\/www.mujerhoy.com\/moda\/no-te-pierdas\/novedades-zara-semana-vaqueros-tops-basicos-looks-20250619082017-nt.html#vtm_modulosEngag=mod-rel:moda:noticia:1:cmp:2-not\" class=\"v-a-link\" title=\"Las novedades de Zara de la semana: de vaqueros y tops b\u00e1sicos a looks ideales para las vacaciones de verano\"><br \/>\n<img loading=\"lazy\" class=\"v-a-img\" src=\"http:\/\/hoycordobaweb.com\/wp-content\/uploads\/2025\/06\/el-conjunto-de-zara-ideal-para-ir-a-la-oficina-que-he-fichado-para-comprar-mas-barato-en-rebajas-1.jpg\" alt=\"Las novedades de Zara de la semana: de vaqueros y tops b\u00e1sicos a looks ideales para las vacaciones de verano\"><br \/>\n<\/a><br \/>\n<\/figure>\n<\/div>\n<\/article>\n<\/div>\n<div class=\"v-g__c \">\n<article class=\"v-a v-a--cmp-rld v-a--cmp-rld-2 v-a--p-l\">\n<div class=\"v-a-img-c\">\n<figure class=\"v-a-fig\">\n<a href=\"https:\/\/www.mujerhoy.com\/moda\/no-te-pierdas\/conjuntos-verano-looks-faciles-zara-20250609111547-nt.html#vtm_modulosEngag=mod-rel:moda:noticia:2:cmp:2-not\" class=\"v-a-link\" title=\"Vistos a las influencers: estos conjuntos de Zara te solucionar\u00e1n el look&nbsp;de verano\"><br \/>\n<img loading=\"lazy\" class=\"v-a-img\" src=\"http:\/\/hoycordobaweb.com\/wp-content\/uploads\/2025\/06\/el-conjunto-de-zara-ideal-para-ir-a-la-oficina-que-he-fichado-para-comprar-mas-barato-en-rebajas-2.jpg\" alt=\"Vistos a las influencers: estos conjuntos de Zara te solucionar\u00e1n el look&nbsp;de verano\"><br \/>\n<\/a><br \/>\n<\/figure>\n<\/div>\n<\/article>\n<\/div>\n<\/div>\n<\/div>\n<\/div>\n<p class=\"voc-paragraph\">Con este evento cada vez m\u00e1s cerca, no he podido evitar empezar a llenar la cesta con<strong> prendas que espero conseguir rebajadas en Zara<\/strong>. En mi caso, este a\u00f1o he decido aprovechar los primeros d\u00edas para cambiar por completo mi armario de esta temporada con un objetivo claro: conseguir llenarlo de prendas vers\u00e1tiles y fresquitas para ir bien vestida a diario.<\/p>\n<p class=\"voc-paragraph\">Por eso, mis principales selecciones han ido a los <strong>conjuntos de dos piezas<\/strong>, una secci\u00f3n en la que el buque insignia de Inditex sabe c\u00f3mo hacer muy bien las cosas. Si hace poco ca\u00edamos rendida ante sus propuestas de <a href=\"https:\/\/www.mujerhoy.com\/moda\/no-te-pierdas\/conjunto-dos-piezas-zara-invitadas-primavera-elegante-comodo-rosa-20250521075429-nt.html\" data-voc-vtm-id=\"in-text-traffic\" title=\"conjuntos ideales para invitadas de verano\" data-mrf-link=\"www.mujerhoy.com\">conjuntos ideales para invitadas de verano<\/a>, en esta ocasi\u00f3n son los sets m\u00e1s informales los que se han llevado toda mi atenci\u00f3n.<\/p>\n<p class=\"voc-paragraph\">En especial, mi gran favorito del momento &#8211; y uno de los culpables de que ya tenga puesta la alarma para entrar en la aplicaci\u00f3n de Zara a las 18:59 del pr\u00f3ximo mi\u00e9rcoles &#8211; es un<strong> conjunto de chaleco y pantal\u00f3n culotte<\/strong> fresquito, vers\u00e1til y perfecto para las amantes de los b\u00e1sicos como yo. Es una opci\u00f3n elegante y juvenil que no solo me va a ayudar a ir bien vestida en vacaciones, tambi\u00e9n lo tiene todo para convertirse en mi uniforme para ir a la oficina este verano.<\/p>\n<div class=\"v-c-cmp \">\n<div class=\"v-cmp-m v-cmp-m--t1\">\n<article class=\"v-a v-a--cmp-m v-c-cmp--m-p\">\n<div class=\"v-a-img-c v-a-img-c--fw-xs\">\n<div class=\"v-a-fig\">\n<div class=\"v-a-link\">\n<img loading=\"lazy\" src=\"http:\/\/hoycordobaweb.com\/wp-content\/uploads\/2025\/06\/el-conjunto-de-zara-ideal-para-ir-a-la-oficina-que-he-fichado-para-comprar-mas-barato-en-rebajas-3.jpg\" class=\"v-a-img\" width=\"650\" height=\"975\" alt=\"Modelo con total look de chaleco y pantal\u00f3n culotte de Zara\" data-voc-vtm-id=\"in-text-traffic\">\n<\/div><figcaption class=\"v-fc\">\n<span class=\"v-fc__t\"><br \/>\nModelo con total look de chaleco y pantal\u00f3n culotte de Zara<br \/>\n<\/span><br \/>\n<span class=\"v-fc__p\"><br \/>\nZara<br \/>\n<\/span><br \/>\n<\/figcaption><\/div>\n<\/div>\n<\/article>\n<\/div>\n<\/div>\n<p><h3 class=\"v-cmp-suh\">\nEl conjunto de Zara que quiero comprar en rebajas<br \/>\n<\/h3>\n<\/p>\n<p class=\"voc-paragraph\">Este look consigue el <strong>equilibrio perfecto entre la tendencia y lo atemporal<\/strong>, entre lo cl\u00e1sico y lo juvenil. Ambas piezas est\u00e1n confeccionadas con lino, lo que aporta un plus de frescura y comodidad ideal para lucir en los d\u00edas de m\u00e1s calor en pr\u00e1cticamente cualquier ocasi\u00f3n, y es que su color \u00edndigo claro que recuerda un poco al denim es muy sencillo de combinar.<\/p>\n<div class=\"v-c-cmp \">\n<div class=\"v-cmp-m v-cmp-m--t1\">\n<article class=\"v-a v-a--cmp-m v-c-cmp--m-p\">\n<div class=\"v-a-img-c v-a-img-c--fw-xs\">\n<div class=\"v-a-fig\">\n<div class=\"v-a-link\">\n<img loading=\"lazy\" src=\"http:\/\/hoycordobaweb.com\/wp-content\/uploads\/2025\/06\/el-conjunto-de-zara-ideal-para-ir-a-la-oficina-que-he-fichado-para-comprar-mas-barato-en-rebajas-4.jpg\" class=\"v-a-img\" width=\"650\" height=\"975\" alt=\"Chaleco pinzas con lino (29,95\u20ac)\" data-voc-vtm-id=\"in-text-traffic\">\n<\/div><figcaption class=\"v-fc\">\n<span class=\"v-fc__t\"><br \/>\nChaleco pinzas con lino (29,95\u20ac)<br \/>\n<\/span><br \/>\n<span class=\"v-fc__p\"><br \/>\nZara<br \/>\n<\/span><br \/>\n<\/figcaption><\/div>\n<\/div>\n<\/article>\n<\/div>\n<\/div>\n<p class=\"voc-paragraph\">El <strong>chaleco<\/strong>, <a href=\"https:\/\/www.mujerhoy.com\/moda\/no-te-pierdas\/chalecos-escote-cuadrado-alternativa-elegante-camisas-lino-verano-20250608111702-nt.html\" data-voc-vtm-id=\"in-text-traffic\" title=\"una de las prendas m\u00e1s deseadas del verano\" data-mrf-link=\"www.mujerhoy.com\">una de las prendas m\u00e1s deseadas del verano<\/a>, tiene un corte sencillo y favorecedor para todas las siluetas. Con cuello redondo y botones dorados, su dise\u00f1o es perfecto para ocasiones m\u00e1s formales, pero mantiene un toque femenino y sugerente gracias a las pinzas de la zona de la cintura que insin\u00faa un ligero peplum muy chic.<\/p>\n<div class=\"v-c-cmp \">\n<div class=\"v-cmp-m v-cmp-m--t1\">\n<article class=\"v-a v-a--cmp-m v-c-cmp--m-p\">\n<div class=\"v-a-img-c v-a-img-c--fw-xs\">\n<div class=\"v-a-fig\">\n<div class=\"v-a-link\">\n<img loading=\"lazy\" src=\"http:\/\/hoycordobaweb.com\/wp-content\/uploads\/2025\/06\/el-conjunto-de-zara-ideal-para-ir-a-la-oficina-que-he-fichado-para-comprar-mas-barato-en-rebajas-5.jpg\" class=\"v-a-img\" width=\"650\" height=\"975\" alt=\"Pantal\u00f3n culotte con lino (27,95\u20ac)\" data-voc-vtm-id=\"in-text-traffic\">\n<\/div><figcaption class=\"v-fc\">\n<span class=\"v-fc__t\"><br \/>\nPantal\u00f3n culotte con lino (27,95\u20ac)<br \/>\n<\/span><br \/>\n<span class=\"v-fc__p\"><br \/>\nZara<br \/>\n<\/span><br \/>\n<\/figcaption><\/div>\n<\/div>\n<\/article>\n<\/div>\n<\/div>\n<p class=\"voc-paragraph\">El toque algo m\u00e1s desenfadado se lo da sus <strong>pantalones culotte<\/strong>, aunque no por ello el conjunto pierde su aire sofisticado, ya que las pinzas del dise\u00f1o elevan la imagen. Al igual que el chaleco, es un modelo c\u00f3modo y favorecedor para todas las siluetas, por lo que tengas el cuerpo que tengas optar por este conjunto puede ser un acierto de cara a esta temporada.<\/p>\n<p class=\"voc-paragraph\">\u00bfC\u00f3mo potenciar a\u00fan m\u00e1s el conjunto? Como siempre, <strong>con los complementos adecuados<\/strong>. Si quieres integrarlo en un look de oficina, ll\u00e9valo con unas sandalias planas elegantes, un bolso grande donde quepa todo lo necesario y dale un toque de color con un pa\u00f1uelo original al cuello o unos pendientes con presencia. Si lo que quieres es hacer de \u00e9l tu mejor aliado para un plan de turismo en vacaciones, unas zapatillas de colores y <a href=\"https:\/\/www.mujerhoy.com\/moda\/no-te-pierdas\/bolsos-bandolera-bonitos-practicos-llevar-diario-verano-20250530133259-nt.html\" data-voc-vtm-id=\"in-text-traffic\" title=\"bolso a la bandolera \" data-mrf-link=\"www.mujerhoy.com\">bolso a la bandolera <\/a>son la mejor opci\u00f3n. \u00bfY para una tarde de terrazeo en verano? Tu bolso de rafia m\u00e1s especial y unas alpargatas con cu\u00f1a van a llevar el conjunto justo hacia donde necesitas.<\/p>\n<div class=\"v-c-cmp v-c-cmp--t1 \">\n<div class=\"v-cmp-rld v-cmp-rld--2 \">\n<div class=\"v-cnt-m v-cnt-m--m\">\n<div class=\"v-cnt-m__c\">\n<div class=\"v-cnt-m__w v-cnt-m__w--1\">\n<p class=\"v-cnt-m__t\">\nNO TE PIERDAS\n<\/p>\n<\/div>\n<\/div>\n<\/div>\n<div class=\"v-g v-g--2-c v-g--bdr-min-xs\">\n<div class=\"v-g__c \">\n<article class=\"v-a v-a--cmp-rld v-a--cmp-rld-2 v-a--p-l\">\n<div class=\"v-a-img-c\">\n<figure class=\"v-a-fig\">\n<a href=\"https:\/\/www.mujerhoy.com\/actualidad\/marta-ortega-mujer-ideal-zara-modelo-favorita-fea-delgada-normal-20250618012603-nt.html#vtm_modulosEngag=mod-rel:moda:noticia:1:cmp:2-not\" class=\"v-a-link\" title=\"Descubrimos la mujer ideal de Marta Ortega: la modelo con la que m\u00e1s se identifica\"><br \/>\n<img loading=\"lazy\" class=\"v-a-img\" src=\"http:\/\/hoycordobaweb.com\/wp-content\/uploads\/2025\/06\/el-conjunto-de-zara-ideal-para-ir-a-la-oficina-que-he-fichado-para-comprar-mas-barato-en-rebajas-6.jpg\" alt=\"Descubrimos la mujer ideal de Marta Ortega: la modelo con la que m\u00e1s se identifica\"><br \/>\n<\/a><br \/>\n<\/figure>\n<\/div>\n<\/article>\n<\/div>\n<div class=\"v-g__c \">\n<article class=\"v-a v-a--cmp-rld v-a--cmp-rld-2 v-a--p-l\">\n<div class=\"v-a-img-c\">\n<figure class=\"v-a-fig\">\n<a href=\"https:\/\/www.mujerhoy.com\/moda\/no-te-pierdas\/bailarinas-tendencia-bonitas-zara-20250608111202-nt.html#vtm_modulosEngag=mod-rel:moda:noticia:2:cmp:2-not\" class=\"v-a-link\" title=\"Las bailarinas m\u00e1s bonitas de Zara que ahora llevan todas las editoras de moda\"><br \/>\n<img loading=\"lazy\" class=\"v-a-img\" src=\"http:\/\/hoycordobaweb.com\/wp-content\/uploads\/2025\/06\/el-conjunto-de-zara-ideal-para-ir-a-la-oficina-que-he-fichado-para-comprar-mas-barato-en-rebajas-7.jpg\" alt=\"Las bailarinas m\u00e1s bonitas de Zara que ahora llevan todas las editoras de moda\"><br \/>\n<\/a><br \/>\n<\/figure>\n<\/div>\n<\/article>\n<\/div>\n<\/div>\n<\/div>\n<\/div>\n<div class=\"media_block\"><\/div>\n","protected":false},"excerpt":{"rendered":"<p>Toda fashion victim vive la llegada del verano con una ilusi\u00f3n extra: el inicio de las rebajas en nuestras tiendas favoritas. Es el momento ideal para renovar el armario tanto con b\u00e1sicos como con prendas tendencia, todo a un precio mucho m\u00e1s asequible que da m\u00e1s manga anchas para hacer nuevas adquisiciones para esta temporada [&hellip;]<\/p>\n","protected":false},"author":1,"featured_media":108624,"comment_status":"closed","ping_status":"closed","sticky":false,"template":"","format":"standard","meta":[],"categories":[],"tags":[],"_links":{"self":[{"href":"http:\/\/hoycordobaweb.com\/index.php\/wp-json\/wp\/v2\/posts\/108623"}],"collection":[{"href":"http:\/\/hoycordobaweb.com\/index.php\/wp-json\/wp\/v2\/posts"}],"about":[{"href":"http:\/\/hoycordobaweb.com\/index.php\/wp-json\/wp\/v2\/types\/post"}],"author":[{"embeddable":true,"href":"http:\/\/hoycordobaweb.com\/index.php\/wp-json\/wp\/v2\/users\/1"}],"replies":[{"embeddable":true,"href":"http:\/\/hoycordobaweb.com\/index.php\/wp-json\/wp\/v2\/comments?post=108623"}],"version-history":[{"count":0,"href":"http:\/\/hoycordobaweb.com\/index.php\/wp-json\/wp\/v2\/posts\/108623\/revisions"}],"wp:featuredmedia":[{"embeddable":true,"href":"http:\/\/hoycordobaweb.com\/index.php\/wp-json\/wp\/v2\/media\/108624"}],"wp:attachment":[{"href":"http:\/\/hoycordobaweb.com\/index.php\/wp-json\/wp\/v2\/media?parent=108623"}],"wp:term":[{"taxonomy":"category","embeddable":true,"href":"http:\/\/hoycordobaweb.com\/index.php\/wp-json\/wp\/v2\/categories?post=108623"},{"taxonomy":"post_tag","embeddable":true,"href":"http:\/\/hoycordobaweb.com\/index.php\/wp-json\/wp\/v2\/tags?post=108623"}],"curies":[{"name":"wp","href":"https:\/\/api.w.org\/{rel}","templated":true}]}}