{"id":108609,"date":"2025-06-19T22:18:08","date_gmt":"2025-06-19T22:18:08","guid":{"rendered":"https:\/\/www.ole.com.ar\/futbol-ascenso\/ascenso-primera-nacional-colegiales-andres-rios-river-racing_0_fGhVdJulKe.html"},"modified":"2025-06-19T22:18:08","modified_gmt":"2025-06-19T22:18:08","slug":"salio-de-river-fue-campeon-con-racing-y-jugara-el-nacional","status":"publish","type":"post","link":"http:\/\/hoycordobaweb.com\/index.php\/2025\/06\/19\/salio-de-river-fue-campeon-con-racing-y-jugara-el-nacional\/","title":{"rendered":"Sali\u00f3 de River, fue campe\u00f3n con Racing y jugar\u00e1 el Nacional"},"content":{"rendered":"<p><img src=\"http:\/\/hoycordobaweb.com\/wp-content\/uploads\/2025\/06\/salio-de-river-fue-campeon-con-racing-y-jugara-el-nacional.jpg\"><\/p>\n<p><time class=\"createDate\" datetime=\"2025-06-19T19:18:08-03:00\">19\/06\/2025 19:18hs.<\/time><\/p>\n<div id=\"storyBody\">\n<div class=\"custom-text \" readability=\"32\">\n<p>El objetivo de <a href=\"https:\/\/www.ole.com.ar\/tema\/colegiales.html\" title=\"Colegiales\" alt=\"Colegiales\" class=\"slug\">Colegiales<\/a> para este segundo semestre es claro: alejarse de la tan temida zona de descenso (se ubica 15\u00b0 en la Zona A con 17 puntos) y permanecer en la <a href=\"https:\/\/www.ole.com.ar\/tema\/primera-nacional.html\" title=\"Primera Nacional\" alt=\"Primera Nacional\" class=\"slug\">Primera Nacional <\/a>en su primer a\u00f1o luego de haber conseguido el ascenso. Y con eso en el horizonte, <strong>el Tricolor se movi\u00f3 fuerte en el mercado para cerrar la llegada de <a href=\"https:\/\/www.ole.com.ar\/tema\/andres-rios.html\" title=\"Andr\u00e9s R\u00edos\" alt=\"Andr\u00e9s R\u00edos\" class=\"slug\">Andr\u00e9s R\u00edos<\/a>.<\/strong><\/p>\n<\/div>\n<div class=\"custom-text \" readability=\"38.650306748466\">\n<p>S\u00ed, el mismo Andr\u00e9s R\u00edos que, all\u00e1 por 2007 cuando daba sus primeros pasos, <strong>deslumbr\u00f3 en <a href=\"https:\/\/www.ole.com.ar\/tema\/river-plate.html\" title=\"River Plate\" alt=\"River Plate\" class=\"slug\">River<\/a> y a\u00f1os m\u00e1s tarde se consagr\u00f3 campe\u00f3n con <a href=\"https:\/\/www.ole.com.ar\/tema\/racing.html\" title=\"Racing\" alt=\"Racing\" class=\"slug\">Racing<\/a>.<\/strong> Ahora, el punta de 35 a\u00f1os arregl\u00f3 su desembarco en Munro, firm\u00f3 contrato hasta el 31 de diciembre del 2026 y ya fue presentado en las redes oficiales de la instituci\u00f3n.<\/p>\n<\/div>\n<div class=\"custom-text \" readability=\"38\">\n<p>As\u00ed, el atacante se convirti\u00f3 en la cuarta incorporaci\u00f3n del conjunto dirigido por Leo Fern\u00e1ndez, que entendi\u00f3 que reforzar la zona ofensiva ser\u00eda clave para afrontar la segunda parte del a\u00f1o. Y claro, <strong>es que Cole anot\u00f3 tan solo \u00a1seis! goles en la primera rueda y es el segundo equipo con menos tantos a favor en la divisional<\/strong> (el primero es Talleres de Remedios de Escalada con cuatro).<\/p>\n<\/div>\n<p><h2><strong>Andr\u00e9s R\u00edos, de campe\u00f3n con River y Racing a jugar el Nacional<\/strong><\/h2>\n<\/p>\n<div class=\"custom-text \" readability=\"39\">\n<p>Andy realiz\u00f3 todas las divisiones juveniles en el club de N\u00fa\u00f1ez y debut\u00f3 en 2007. Permaneci\u00f3 all\u00ed hasta 2010, jug\u00f3 44 partidos, <strong>sum\u00f3 seis goles y se consagr\u00f3 campe\u00f3n del Torneo Clausura 2008<\/strong>. Luego, tuvo un segundo ciclo por CARP en 2011\/12, cuando el Millo jugaba en la B Nacional: registr\u00f3 18 matchs y un tanto.<\/p>\n<\/div>\n<div class=\"sc-e7b891c4-0 ifHnQL image-embed\"><img alt=\"R\u00edos debut\u00f3 en River en 2007 (Foto: Internet)\" loading=\"lazy\" width=\"720\" height=\"100\" decoding=\"async\" data-nimg=\"1\" src=\"http:\/\/hoycordobaweb.com\/wp-content\/uploads\/2025\/06\/salio-de-river-fue-campeon-con-racing-y-jugara-el-nacional-2.jpg\"><span class=\"epigraphe\">R\u00edos debut\u00f3 en River en 2007 (Foto: Internet)<\/span><\/div>\n<div class=\"custom-text \" readability=\"38\">\n<p>A\u00f1os m\u00e1s tarde, a comienzos del 2019, lleg\u00f3 a Racing bajo la direcci\u00f3n t\u00e9cnica del Chacho Coudet. Su paso por Avellaneda fue breve<strong>, pero le alcanz\u00f3 para celebrar la Superliga 2019<\/strong>, adem\u00e1s de convertir una anotaci\u00f3n en cinco duelos.<\/p>\n<\/div>\n<div class=\"sc-e7b891c4-0 ifHnQL image-embed\"><img alt=\"Andy R\u00edos jug\u00f3 en Racing durante el 2019 (Prensa Racing)\" loading=\"lazy\" width=\"720\" height=\"100\" decoding=\"async\" data-nimg=\"1\" src=\"http:\/\/hoycordobaweb.com\/wp-content\/uploads\/2025\/06\/salio-de-river-fue-campeon-con-racing-y-jugara-el-nacional-3.jpg\"><span class=\"epigraphe\">Andy R\u00edos jug\u00f3 en Racing durante el 2019 (Prensa Racing)<\/span><\/div>\n<div class=\"custom-text \" readability=\"43\">\n<p>Adem\u00e1s, pas\u00f3 por Wisla Cracovia de Polonia, Deportivo Cuenca de Ecuador, Defensa y Justicia, Am\u00e9rica de M\u00e9xico, Leones Negros de M\u00e9xico, Vasco Da Gama, Aldosivi, San Jos\u00e9 Earthquakes de Estados Unidos y Deportivo T\u00e1chira de Venezuela, su \u00faltimo club. <\/p>\n<\/div>\n<p><h2><strong>El mercado de pases del Tricolor<\/strong> <\/h2>\n<\/p>\n<div class=\"custom-text \" readability=\"41\">\n<p>Sumado al mencionado Andr\u00e9s R\u00edos, Cole abroch\u00f3 otras tres caras nuevas: <strong>Franco Zicarelli<\/strong>, volante de 23 a\u00f1os proveniente de Delf\u00edn de Ecuador, <strong>Mat\u00edas Ferreira<\/strong>, defensor central de 31, con \u00faltimo paso por Rayo Zuliano de Venezuela y<strong> El\u00edas Ocampo<\/strong>, mediocampista ofensivo de 21 y cedido desde Rosario Central.<\/p>\n<\/div>\n<p><h2><strong>Lo que se le viene a Colegiales <\/strong><\/h2>\n<\/p>\n<div class=\"custom-text \" readability=\"35\">\n<p>El s\u00e1bado 21 de junio, desde las 19:10, <strong>Colegiales recibir\u00e1 a All Boys<\/strong> por la decimonovena fecha de la zona A de la Primera Nacional.<\/p>\n<\/div>\n<div class=\"sc-a7166897-0 eoLsBE\" readability=\"6.5\">\n<section readability=\"3\"><picture><img alt=\"Resultados, posiciones y c\u00f3mo sigue el Mundial de Clubes\" loading=\"lazy\" width=\"290\" height=\"290\" decoding=\"async\" data-nimg=\"1\" src=\"http:\/\/hoycordobaweb.com\/wp-content\/uploads\/2025\/06\/salio-de-river-fue-campeon-con-racing-y-jugara-el-nacional-4.jpg\"><\/picture>\n<p><span>Mir\u00e1 tambi\u00e9n<\/span><\/p>\n<hr>\n<h3>Resultados, posiciones y c\u00f3mo sigue el Mundial de Clubes<\/h3>\n<\/p>\n<\/section>\n<\/div>\n<div class=\"sc-a7166897-0 eoLsBE\" readability=\"6\">\n<section readability=\"2\"><picture><img alt=\"Otra Revoluci\u00f3n Mundial: Boca volvi\u00f3 a copar Miami en un nuevo banderazo\" loading=\"lazy\" width=\"290\" height=\"290\" decoding=\"async\" data-nimg=\"1\" src=\"http:\/\/hoycordobaweb.com\/wp-content\/uploads\/2025\/06\/salio-de-river-fue-campeon-con-racing-y-jugara-el-nacional-5.jpg\"><\/picture>\n<p><span>Mir\u00e1 tambi\u00e9n<\/span><\/p>\n<hr>\n<h3>Otra Revoluci\u00f3n Mundial: Boca volvi\u00f3 a copar Miami en un nuevo banderazo<\/h3>\n<\/p>\n<\/section>\n<\/div>\n<\/div>\n","protected":false},"excerpt":{"rendered":"<p>19\/06\/2025 19:18hs. El objetivo de Colegiales para este segundo semestre es claro: alejarse de la tan temida zona de descenso (se ubica 15\u00b0 en la Zona A con 17 puntos) y permanecer en la Primera Nacional en su primer a\u00f1o luego de haber conseguido el ascenso. Y con eso en el horizonte, el Tricolor se [&hellip;]<\/p>\n","protected":false},"author":1,"featured_media":108610,"comment_status":"open","ping_status":"closed","sticky":false,"template":"","format":"standard","meta":[],"categories":[16],"tags":[],"_links":{"self":[{"href":"http:\/\/hoycordobaweb.com\/index.php\/wp-json\/wp\/v2\/posts\/108609"}],"collection":[{"href":"http:\/\/hoycordobaweb.com\/index.php\/wp-json\/wp\/v2\/posts"}],"about":[{"href":"http:\/\/hoycordobaweb.com\/index.php\/wp-json\/wp\/v2\/types\/post"}],"author":[{"embeddable":true,"href":"http:\/\/hoycordobaweb.com\/index.php\/wp-json\/wp\/v2\/users\/1"}],"replies":[{"embeddable":true,"href":"http:\/\/hoycordobaweb.com\/index.php\/wp-json\/wp\/v2\/comments?post=108609"}],"version-history":[{"count":0,"href":"http:\/\/hoycordobaweb.com\/index.php\/wp-json\/wp\/v2\/posts\/108609\/revisions"}],"wp:featuredmedia":[{"embeddable":true,"href":"http:\/\/hoycordobaweb.com\/index.php\/wp-json\/wp\/v2\/media\/108610"}],"wp:attachment":[{"href":"http:\/\/hoycordobaweb.com\/index.php\/wp-json\/wp\/v2\/media?parent=108609"}],"wp:term":[{"taxonomy":"category","embeddable":true,"href":"http:\/\/hoycordobaweb.com\/index.php\/wp-json\/wp\/v2\/categories?post=108609"},{"taxonomy":"post_tag","embeddable":true,"href":"http:\/\/hoycordobaweb.com\/index.php\/wp-json\/wp\/v2\/tags?post=108609"}],"curies":[{"name":"wp","href":"https:\/\/api.w.org\/{rel}","templated":true}]}}