{"id":108523,"date":"2025-06-19T12:01:41","date_gmt":"2025-06-19T12:01:41","guid":{"rendered":"https:\/\/www.mujerhoy.com\/moda\/no-te-pierdas\/reina-letizia-look-invitada-boda-victoria-suecia-criticas-error-protocolo-20250619011630-nt.html"},"modified":"2025-06-19T12:01:41","modified_gmt":"2025-06-19T12:01:41","slug":"un-error-de-protocolo-y-criticas-de-la-prensa-europea-el-look-de-invitada-de-la-reina-letizia-en-la-boda-de-victoria-de-suecia","status":"publish","type":"post","link":"http:\/\/hoycordobaweb.com\/index.php\/2025\/06\/19\/un-error-de-protocolo-y-criticas-de-la-prensa-europea-el-look-de-invitada-de-la-reina-letizia-en-la-boda-de-victoria-de-suecia\/","title":{"rendered":"Un error de protocolo y cr\u00edticas de la prensa europea: el look de invitada de la reina Letizia en la boda de Victoria de Suecia"},"content":{"rendered":"<p><!-- AUTHOR --><\/p>\n<div class=\"voc-author-timesocial \">\n<!-- AUTHOR --><\/p>\n<div class=\"voc-author-timesocial__signature \">\n<!-- IMAGE AUTHOR -->\n<picture class=\"voc-image-signature\">\n<img class=\"voc-image-signature__img\" src=\"http:\/\/hoycordobaweb.com\/wp-content\/uploads\/2025\/06\/un-error-de-protocolo-y-criticas-de-la-prensa-europea-el-look-de-invitada-de-la-reina-letizia-en-la-boda-de-victoria-de-suecia.jpg\" alt=\"Raquel Rodr\u00edguez\">\n<\/picture>\n<!-- INFO AUTHOR --> <\/div><\/div>\n<p><!-- COMPONENTS --><\/p>\n<p class=\"voc-paragraph\">Un 19 de junio de 2020, Victoria de Suecia promet\u00eda amor eterno a Daniel Westling en la que fue<strong> la gran boda royal de ese a\u00f1o<\/strong>. La cita nupcial reuni\u00f3 a lo mejor de la realeza europea y se convirti\u00f3 en el evento m\u00e1s comentado de la \u00e9poca. Y no, no solo por el vestido de novia o por el hecho de la que princesa heredera ya tuviera un c\u00f3nyuge, sino por la presencia, como decimos, de rostros royal que elevaron el cach\u00e9. Y s\u00ed, entre ellos hab\u00eda representaci\u00f3n de la monarqu\u00eda espa\u00f1ola con una<a href=\"https:\/\/www.mujerhoy.com\/temas\/personajes\/reina-dona-letizia.html\" title=\"www.mujerhoy.com\" data-voc-vtm-id=\"in-text-traffic\" data-mrf-link=\"www.mujerhoy.com\"> reina Letizia <\/a>que se convirti\u00f3 en protagonista, aunque esta vez no de manera positiva.<\/p>\n<p class=\"voc-paragraph\">Por aquel entonces, la princesa de Asturias estaba empezando a despuntar estil\u00edsticamente hablando. Su posici\u00f3n como futura reina de Espa\u00f1a hac\u00eda que todas las miradas se posaran en ella y cada look elegido comenzaba a ser medido al detalle. Y en esa exposici\u00f3n internacional, el list\u00f3n estaba muy alto y las exigencias sobrepasaron a una <a href=\"https:\/\/www.mujerhoy.com\/moda\/no-te-pierdas\/reina-letizia-mono-negro-basico-el-corte-ingles-pendientes-aros-20250618193134-nt.html\" data-voc-vtm-id=\"in-text-traffic\" title=\"do\u00f1a Letizia\" data-mrf-link=\"www.mujerhoy.com\">do\u00f1a Letizia<\/a> que <strong>no sali\u00f3 bien parada para la prensa europea<\/strong>. <\/p>\n<div class=\"v-c-cmp v-c-cmp--t1 \">\n<div class=\"v-cmp-rld v-cmp-rld--2 \">\n<div class=\"v-cnt-m v-cnt-m--m\">\n<div class=\"v-cnt-m__c\">\n<div class=\"v-cnt-m__w v-cnt-m__w--1\">\n<p class=\"v-cnt-m__t\">\nTAMBI\u00c9N TE INTERESA\n<\/p>\n<\/div>\n<\/div>\n<\/div>\n<div class=\"v-g v-g--2-c v-g--bdr-min-xs\">\n<div class=\"v-g__c \">\n<article class=\"v-a v-a--cmp-rld v-a--cmp-rld-2 v-a--p-l\">\n<div class=\"v-a-img-c\">\n<figure class=\"v-a-fig\">\n<a href=\"https:\/\/www.mujerhoy.com\/moda\/no-te-pierdas\/reina-letizia-boda-vestido-invitada-espectacular-copia-low-cost-20250616222353-nt.html#vtm_modulosEngag=mod-rel:moda:noticia:1:cmp:2-not\" class=\"v-a-link\" title=\"El d\u00eda en el que la reina Letizia triunf\u00f3 en una boda con un vestido de invitada de estilo griego\"><br \/>\n<img loading=\"lazy\" class=\"v-a-img\" src=\"http:\/\/hoycordobaweb.com\/wp-content\/uploads\/2025\/06\/un-error-de-protocolo-y-criticas-de-la-prensa-europea-el-look-de-invitada-de-la-reina-letizia-en-la-boda-de-victoria-de-suecia-1.jpg\" alt=\"El d\u00eda en el que la reina Letizia triunf\u00f3 en una boda con un vestido de invitada de estilo griego\"><br \/>\n<\/a><br \/>\n<\/figure>\n<\/div>\n<\/article>\n<\/div>\n<div class=\"v-g__c \">\n<article class=\"v-a v-a--cmp-rld v-a--cmp-rld-2 v-a--p-l\">\n<div class=\"v-a-img-c\">\n<figure class=\"v-a-fig\">\n<a href=\"https:\/\/www.mujerhoy.com\/moda\/novias\/vestido-novia-sofia-suecia-inspirado-kate-middleton-decimo-aniversario-20250613121059-nt.html#vtm_modulosEngag=mod-rel:moda:noticia:2:cmp:2-not\" class=\"v-a-link\" title=\"As\u00ed fue el vestido de novia de Sof\u00eda de Suecia: inspirado en el de Kate Middleton y con sello made in Spain\"><br \/>\n<img loading=\"lazy\" class=\"v-a-img\" src=\"http:\/\/hoycordobaweb.com\/wp-content\/uploads\/2025\/06\/un-error-de-protocolo-y-criticas-de-la-prensa-europea-el-look-de-invitada-de-la-reina-letizia-en-la-boda-de-victoria-de-suecia-2.jpg\" alt=\"As\u00ed fue el vestido de novia de Sof\u00eda de Suecia: inspirado en el de Kate Middleton y con sello made in Spain\"><br \/>\n<\/a><br \/>\n<\/figure>\n<\/div>\n<\/article>\n<\/div>\n<\/div>\n<\/div>\n<\/div>\n<p class=\"voc-paragraph\">A pesar de estar guap\u00edsima y lucir elegant\u00edsima, Letizia no gust\u00f3 demasiado para los cr\u00edticos de moda y fueron varios los que se\u00f1alaron la elecci\u00f3n de la que fue periodista. De brazo de Felipe y<strong> junto a la infanta Elena, la infanta Cristina y la reina Sof\u00eda<\/strong>, lleg\u00f3 a la boda dispuesta a colarse en la lista de las mejor vestidas, un objetivo fallido que no tard\u00f3 en acaparar titulares.<\/p>\n<p><h3 class=\"v-cmp-suh\">\nEl vestido de Felipe Varela que no gust\u00f3<br \/>\n<\/h3>\n<\/p>\n<p class=\"voc-paragraph\">La reina se decant\u00f3 por un <strong>vestido de nude de manga corta <\/strong>y cubierto de flores de gasa en acabado 3D, de <strong>Felipe Varela<\/strong>. Era un dise\u00f1o cubierto por una muselina en este tono p\u00e1lido que estaba adornada con un bordado con p\u00e9talos de geranio y rosas y miniclaveles en tul. Era una prenda preciosa, pero lo cierto es que no la m\u00e1s favorecedora para la entonces princesa.<\/p>\n<div class=\"v-c-cmp \">\n<div class=\"v-cmp-m v-cmp-m--t1\">\n<article class=\"v-a v-a--cmp-m v-c-cmp--m-p\">\n<div class=\"v-a-img-c v-a-img-c--fw-xs\">\n<div class=\"v-a-fig\">\n<div class=\"v-a-link\">\n<img loading=\"lazy\" src=\"http:\/\/hoycordobaweb.com\/wp-content\/uploads\/2025\/06\/un-error-de-protocolo-y-criticas-de-la-prensa-europea-el-look-de-invitada-de-la-reina-letizia-en-la-boda-de-victoria-de-suecia-3.jpg\" class=\"v-a-img\" width=\"650\" height=\"975\" alt=\"La reina Letizia y Felipe VI en la boda de Victoria de Suecia.\" data-voc-vtm-id=\"in-text-traffic\">\n<\/div><figcaption class=\"v-fc\">\n<span class=\"v-fc__t\"><br \/>\nLa reina Letizia y Felipe VI en la boda de Victoria de Suecia.<br \/>\n<\/span><br \/>\n<span class=\"v-fc__p\"><br \/>\ngtres<br \/>\n<\/span><br \/>\n<\/figcaption><\/div>\n<\/div>\n<\/article>\n<\/div>\n<\/div>\n<p class=\"voc-paragraph\">El problema, probablemente, fue el color. Para empezar, se trataba de una <strong>tonalidad muy clara <\/strong>que se confund\u00eda con la piel de Letizia y que hac\u00eda que esta se viera a\u00fan m\u00e1s p\u00e1lida. Por otro lado, era un color muy parecido al que llevaba la reina Sof\u00eda en la cita.<\/p>\n<p class=\"voc-paragraph\">La em\u00e9rita deslumbr\u00f3 entonces con un <strong>vestido rosa palo de Valentino<\/strong>, un tono muy parecido al de Letizia, lo que provoc\u00f3 que esta elecci\u00f3n se colocara como un error de protocolo que evidenci\u00f3, seg\u00fan algunos, la falta de sinton\u00eda entre ellas. Un fallo de comunicaci\u00f3n o un detalle que no tuvieron en cuenta, pero sea como fuere, el resultado fue criticado y no muy bien visto.<\/p>\n<div class=\"v-c-cmp \">\n<div class=\"v-cmp-m v-cmp-m--t1\">\n<article class=\"v-a v-a--cmp-m v-c-cmp--m-p\">\n<div class=\"v-a-img-c v-a-img-c--fw-xs\">\n<div class=\"v-a-fig\">\n<div class=\"v-a-link\">\n<img loading=\"lazy\" src=\"http:\/\/hoycordobaweb.com\/wp-content\/uploads\/2025\/06\/un-error-de-protocolo-y-criticas-de-la-prensa-europea-el-look-de-invitada-de-la-reina-letizia-en-la-boda-de-victoria-de-suecia-4.jpg\" class=\"v-a-img\" width=\"650\" height=\"975\" alt=\"El vestido de la reina Letizia era de Felipe Varela.\" data-voc-vtm-id=\"in-text-traffic\">\n<\/div><figcaption class=\"v-fc\">\n<span class=\"v-fc__t\"><br \/>\nEl vestido de la reina Letizia era de Felipe Varela.<br \/>\n<\/span><br \/>\n<span class=\"v-fc__p\"><br \/>\ngtres<br \/>\n<\/span><br \/>\n<\/figcaption><\/div>\n<\/div>\n<\/article>\n<\/div>\n<\/div>\n<p class=\"voc-paragraph\">De escote cuadrado y manga corta, este vestido de gala fue combinado por complementos a tono. Letizia escogi\u00f3 la opci\u00f3n del <strong>look monocolo<\/strong>r y a\u00f1adi\u00f3 unas sandalias de tac\u00f3n de plataforma, un bolso bombonera y un chal, todo en la misma tonalidad rosa p\u00e1lida.<\/p>\n<p><h3 class=\"v-cmp-suh\">\nLa tiara correcta sobre un peinado criticado<br \/>\n<\/h3>\n<\/p>\n<p class=\"voc-paragraph\">El accesorio protagonista y el \u00fanico acierto del look fue el uso de <strong>la tiara floral<\/strong>, la pieza que fue un regalo del general Franco a la reina Sof\u00eda con motivo de su enlace y que le hemos visto en varias ocasiones desde entonces. Es una alhaja de la firma Mellerio, confeccionada en platino y diamantes talla brillante y talla perilla y que la infanta Cristina llev\u00f3 el d\u00eda de su boda con I\u00f1aki Urdangar\u00edn.<\/p>\n<div class=\"v-c-cmp v-c-cmp--s\">\n<div class=\"v-cmp-m \">\n<article class=\"v-a v-a--cmp-m v-c-cmp--m-z\">\n<div class=\"v-a-img-c \">\n<div class=\"v-a-fig\">\n<button class=\"v-a-link\" popovertarget=\"photo-636\"><br \/>\n<img loading=\"lazy\" src=\"http:\/\/hoycordobaweb.com\/wp-content\/uploads\/2025\/06\/un-error-de-protocolo-y-criticas-de-la-prensa-europea-el-look-de-invitada-de-la-reina-letizia-en-la-boda-de-victoria-de-suecia-5.jpg\" class=\"v-a-img\" width=\"650\" height=\"650\" alt=\"El peinado criticado de la reina Letizia.\" data-voc-vtm-id=\"in-text-traffic\"> <\/button><figcaption class=\"v-fc\">\n<span class=\"v-fc__t\"><br \/>\nEl peinado criticado de la reina Letizia.<br \/>\n<\/span><br \/>\n<span class=\"v-fc__p\"><br \/>\ngtres<br \/>\n<\/span><br \/>\n<\/figcaption><\/div>\n<\/div>\n<div id=\"photo-636\" popover class=\"v-mdl v-mdl--fw\">\n<button class=\"v-x\" popovertarget=\"photo-636\" popovertargetaction=\"hide\"><br \/>\n<span class=\"v-i\"><br \/>\n<svg width=\"24\" height=\"23.996\" viewBox=\"0 0 24 23.996\">\n<path data-name=\"Uni\u00f3n 29\" d=\"M12,14.03,2.031,24,0,21.963,9.968,12,0,2.033,2.031,0,12,9.966,21.969,0,24,2.033,14.032,12,24,21.963,21.969,24Z\" \/>\n<\/svg><br \/>\n<\/span><br \/>\n<\/button><\/p>\n<div class=\"v-mdl__c\">\n<div class=\"v-mdl__w\">\n<img loading=\"lazy\" src=\"http:\/\/hoycordobaweb.com\/wp-content\/uploads\/2025\/06\/un-error-de-protocolo-y-criticas-de-la-prensa-europea-el-look-de-invitada-de-la-reina-letizia-en-la-boda-de-victoria-de-suecia-5.jpg\" class=\"v-mdl__img-z\" width=\"650\" height=\"650\" alt>\n<\/div>\n<\/div>\n<\/div>\n<p><span class=\"v-bdp\"><\/span><br \/>\n<\/article>\n<\/div>\n<\/div>\n<p class=\"voc-paragraph\">Y ni los pendientes de diamantes que sus suegros le regalaron ni la pulsera de inspiraci\u00f3n griega de Cartier consiguieron robar protagonismo a la tiara. Una joya que iba posada sobre un elaborado recogido que tampoco se salv\u00f3 de la cr\u00edtica. Este era un <strong>mo\u00f1o bajo con mucho volumen <\/strong>y que iba acompa\u00f1ado de una trenza de ra\u00edz en el nacimiento del pelo. Quiz\u00e1s el m\u00e1s es m\u00e1s no era una buena opci\u00f3n.<\/p>\n<div class=\"v-c-cmp v-c-cmp--t1 \">\n<div class=\"v-cmp-rld v-cmp-rld--2 \">\n<div class=\"v-cnt-m v-cnt-m--m\">\n<div class=\"v-cnt-m__c\">\n<div class=\"v-cnt-m__w v-cnt-m__w--1\">\n<p class=\"v-cnt-m__t\">\nTAMBI\u00c9N TE INTERESA\n<\/p>\n<\/div>\n<\/div>\n<\/div>\n<div class=\"v-g v-g--2-c v-g--bdr-min-xs\">\n<div class=\"v-g__c \">\n<article class=\"v-a v-a--cmp-rld v-a--cmp-rld-2 v-a--p-l\">\n<div class=\"v-a-img-c\">\n<figure class=\"v-a-fig\">\n<a href=\"https:\/\/www.mujerhoy.com\/moda\/no-te-pierdas\/reina-letizia-guapisima-look-nuevo-estrena-vestido-blanco-20250609111123-nt.html#vtm_modulosEngag=mod-rel:moda:noticia:1:cmp:2-not\" class=\"v-a-link\" title=\"La reina Letizia reaparece guap\u00edsima con un look nuevo: estrena un vestido blanco, midi y con textura\"><br \/>\n<img loading=\"lazy\" class=\"v-a-img\" src=\"http:\/\/hoycordobaweb.com\/wp-content\/uploads\/2025\/06\/un-error-de-protocolo-y-criticas-de-la-prensa-europea-el-look-de-invitada-de-la-reina-letizia-en-la-boda-de-victoria-de-suecia-6.jpg\" alt=\"La reina Letizia reaparece guap\u00edsima con un look nuevo: estrena un vestido blanco, midi y con textura\"><br \/>\n<\/a><br \/>\n<\/figure>\n<\/div>\n<\/article>\n<\/div>\n<div class=\"v-g__c \">\n<article class=\"v-a v-a--cmp-rld v-a--cmp-rld-2 v-a--p-l\">\n<div class=\"v-a-img-c\">\n<figure class=\"v-a-fig\">\n<a href=\"https:\/\/www.mujerhoy.com\/moda\/no-te-pierdas\/reina-letizia-vestido-carolina-herrera-elegante-look-dia-fuerzas-armadas-2025-20250607130256-nt.html#vtm_modulosEngag=mod-rel:moda:noticia:2:cmp:2-not\" class=\"v-a-link\" title=\"La reina Letizia rescata su vestido de Carolina Herrera m\u00e1s favorecedor y elegante en el D\u00eda de las Fuerzas Armadas\"><br \/>\n<img loading=\"lazy\" class=\"v-a-img\" src=\"http:\/\/hoycordobaweb.com\/wp-content\/uploads\/2025\/06\/un-error-de-protocolo-y-criticas-de-la-prensa-europea-el-look-de-invitada-de-la-reina-letizia-en-la-boda-de-victoria-de-suecia-7.jpg\" alt=\"La reina Letizia rescata su vestido de Carolina Herrera m\u00e1s favorecedor y elegante en el D\u00eda de las Fuerzas Armadas\"><br \/>\n<\/a><br \/>\n<\/figure>\n<\/div>\n<\/article>\n<\/div>\n<\/div>\n<\/div>\n<\/div>\n<div class=\"media_block\"><\/div>\n","protected":false},"excerpt":{"rendered":"<p>Un 19 de junio de 2020, Victoria de Suecia promet\u00eda amor eterno a Daniel Westling en la que fue la gran boda royal de ese a\u00f1o. La cita nupcial reuni\u00f3 a lo mejor de la realeza europea y se convirti\u00f3 en el evento m\u00e1s comentado de la \u00e9poca. Y no, no solo por el vestido [&hellip;]<\/p>\n","protected":false},"author":1,"featured_media":108524,"comment_status":"closed","ping_status":"closed","sticky":false,"template":"","format":"standard","meta":[],"categories":[],"tags":[],"_links":{"self":[{"href":"http:\/\/hoycordobaweb.com\/index.php\/wp-json\/wp\/v2\/posts\/108523"}],"collection":[{"href":"http:\/\/hoycordobaweb.com\/index.php\/wp-json\/wp\/v2\/posts"}],"about":[{"href":"http:\/\/hoycordobaweb.com\/index.php\/wp-json\/wp\/v2\/types\/post"}],"author":[{"embeddable":true,"href":"http:\/\/hoycordobaweb.com\/index.php\/wp-json\/wp\/v2\/users\/1"}],"replies":[{"embeddable":true,"href":"http:\/\/hoycordobaweb.com\/index.php\/wp-json\/wp\/v2\/comments?post=108523"}],"version-history":[{"count":0,"href":"http:\/\/hoycordobaweb.com\/index.php\/wp-json\/wp\/v2\/posts\/108523\/revisions"}],"wp:featuredmedia":[{"embeddable":true,"href":"http:\/\/hoycordobaweb.com\/index.php\/wp-json\/wp\/v2\/media\/108524"}],"wp:attachment":[{"href":"http:\/\/hoycordobaweb.com\/index.php\/wp-json\/wp\/v2\/media?parent=108523"}],"wp:term":[{"taxonomy":"category","embeddable":true,"href":"http:\/\/hoycordobaweb.com\/index.php\/wp-json\/wp\/v2\/categories?post=108523"},{"taxonomy":"post_tag","embeddable":true,"href":"http:\/\/hoycordobaweb.com\/index.php\/wp-json\/wp\/v2\/tags?post=108523"}],"curies":[{"name":"wp","href":"https:\/\/api.w.org\/{rel}","templated":true}]}}