{"id":108515,"date":"2025-06-18T22:12:47","date_gmt":"2025-06-18T22:12:47","guid":{"rendered":"https:\/\/www.ole.com.ar\/futbol-ascenso\/ascenso-primerac-argentino-rosario-platense-tecnico_0_QAVYaFBBrj.html"},"modified":"2025-06-18T22:12:47","modified_gmt":"2025-06-18T22:12:47","slug":"el-dt-que-se-va-de-la-primera-c-para-acompanar-al-kily-gonzalez-en-platense","status":"publish","type":"post","link":"http:\/\/hoycordobaweb.com\/index.php\/2025\/06\/18\/el-dt-que-se-va-de-la-primera-c-para-acompanar-al-kily-gonzalez-en-platense\/","title":{"rendered":"El DT que se va de la Primera C para acompa\u00f1ar al Kily Gonz\u00e1lez en Platense"},"content":{"rendered":"<p><img src=\"http:\/\/hoycordobaweb.com\/wp-content\/uploads\/2025\/06\/el-dt-que-se-va-de-la-primera-c-para-acompanar-al-kily-gonzalez-en-platense.jpg\"><\/p>\n<p><time class=\"createDate\" datetime=\"2025-06-18T19:12:47-03:00\">18\/06\/2025 19:12hs.<\/time><\/p>\n<div id=\"storyBody\">\n<div class=\"custom-text \" readability=\"34.380952380952\">\n<p><strong><a href=\"https:\/\/www.ole.com.ar\/tema\/daniel-fagiani.html\" title=\"Daniel Fagiani\" alt=\"Daniel Fagiani\" class=\"slug\">Daniel Fagiani<\/a> deja su cargo en el Sala\u00edto<\/strong>. Pero no por los malos resultados, sino que <strong>dar\u00e1 un salto rotundo a la <a href=\"https:\/\/www.ole.com.ar\/tema\/liga-profesional.html\" title=\"Liga Profesional\" alt=\"Liga Profesional\" class=\"slug\">Liga Profesional<\/a><\/strong>. Nada m\u00e1s ni nada menos que <strong>en el vigente campe\u00f3n del f\u00fatbol argentino: <a href=\"https:\/\/www.ole.com.ar\/tema\/platense.html\" title=\"Platense\" alt=\"Platense\" class=\"slug\">Platense<\/a><\/strong>. Formar\u00e1 parte del nuevo grupo de trabajo del Calamar, a cargo del <strong>Kily Gonz\u00e1lez<\/strong>, reemplazante de la dupla Orsi-G\u00f3mez. <strong>As\u00ed lo oficializ\u00f3 la Comisi\u00f3n Directiva de Argentino (R).<\/strong><\/p>\n<\/div>\n<div class=\"sc-e7b891c4-0 ifHnQL image-embed\"><img alt=\"La renuncia de Fagiani en Argentino de Rosario.\" loading=\"lazy\" width=\"720\" height=\"100\" decoding=\"async\" data-nimg=\"1\" src=\"http:\/\/hoycordobaweb.com\/wp-content\/uploads\/2025\/06\/el-dt-que-se-va-de-la-primera-c-para-acompanar-al-kily-gonzalez-en-platense-2.jpg\"><span class=\"epigraphe\">La renuncia de Fagiani en Argentino de Rosario.<\/span><\/div>\n<p><h2><strong>Qui\u00e9n es Daniel Fagiani, nuevo integrante del cuerpo t\u00e9cnico de Platense<\/strong><\/h2>\n<\/p>\n<div class=\"custom-text \" readability=\"40\">\n<p>Si bien el Indio no es tan conocido por su carrera como entrenador, <strong>se lo recuerda por sus inicios en Newell&#8217;s Old Boys<\/strong>, su corto paso por Boca en el 2000 y sus m\u00faltiples ciclos en el f\u00fatbol espa\u00f1ol en clubes como el Atl\u00e9tico de Madrid, Tenerife, Numancia y Valencia, este \u00faltimo siendo en el que m\u00e1s destac\u00f3.<\/p>\n<\/div>\n<div class=\"custom-text \" readability=\"39\">\n<p>Aunque el defensor tambi\u00e9n tuvo etapas transitorias en Gimnasia de La Plata, San Lorenzo y Argentino de Rosario, instituci\u00f3n en la cual se retirar\u00eda y posteriormente, dirigir\u00eda al primer equipo. Ahora, le toca un nuevo desaf\u00edo que<strong> tendr\u00e1 a un canalla y un leproso buscando prolongar el buen momento del Calamar.<\/strong><\/p>\n<\/div>\n<div class=\"sc-e7b891c4-0 ifHnQL image-embed\"><img alt=\"Daniel Fagiani con la camiseta del Valencia.\" loading=\"lazy\" width=\"720\" height=\"100\" decoding=\"async\" data-nimg=\"1\" src=\"http:\/\/hoycordobaweb.com\/wp-content\/uploads\/2025\/06\/el-dt-que-se-va-de-la-primera-c-para-acompanar-al-kily-gonzalez-en-platense-3.jpg\"><span class=\"epigraphe\">Daniel Fagiani con la camiseta del Valencia.<\/span><\/div>\n<p><h2> <strong>Su paso por Argentino de Rosario<\/strong><\/h2>\n<\/p>\n<div class=\"custom-text \" readability=\"34.451612903226\">\n<p>Daniel cierra un ciclo en el Sala\u00edto donde estuvo poco m\u00e1s de un a\u00f1o y medio, donde se mantuvo incluso en momentos que los resultados no acompa\u00f1aban. En octubre del a\u00f1o pasado, <strong>tuvo el placer de entrenar en Miami y hasta enfrentarse al equipo de <a href=\"https:\/\/www.ole.com.ar\/tema\/lionel-messi.html\" title=\"Lionel Messi\" alt=\"Lionel Messi\" class=\"slug\">Lionel Messi<\/a> en un amistoso.<\/strong><\/p>\n<\/div>\n<div class=\"sc-e7b891c4-0 ifHnQL image-embed\"><img alt=\"Fagiani junto al Tata Martino, en la gira del Salaito.\" loading=\"lazy\" width=\"720\" height=\"100\" decoding=\"async\" data-nimg=\"1\" src=\"http:\/\/hoycordobaweb.com\/wp-content\/uploads\/2025\/06\/el-dt-que-se-va-de-la-primera-c-para-acompanar-al-kily-gonzalez-en-platense-4.jpg\"><span class=\"epigraphe\">Fagiani junto al Tata Martino, en la gira del Salaito.<\/span><\/div>\n<div class=\"custom-text \" readability=\"36\">\n<p>Entre sus logros m\u00e1s recordados, se destacan la victoria en el cl\u00e1sico ante Central C\u00f3rdoba en marzo de 2024 y la promoci\u00f3n de varios juveniles de la instituci\u00f3n. Con su salida, queda ahora la inc\u00f3gnita de qui\u00e9n se har\u00e1 cargo del plantel en esta segunda parte del torneo.<\/p>\n<\/div>\n<div class=\"sc-a7166897-0 eoLsBE\" readability=\"7\">\n<section readability=\"4\"><picture><img alt=\"La dur\u00edsima expulsi\u00f3n de Rico Lewis, del Manchester City, en el Mundial de Clubes\" loading=\"lazy\" width=\"290\" height=\"290\" decoding=\"async\" data-nimg=\"1\" src=\"http:\/\/hoycordobaweb.com\/wp-content\/uploads\/2025\/06\/el-dt-que-se-va-de-la-primera-c-para-acompanar-al-kily-gonzalez-en-platense-5.jpg\"><\/picture>\n<p><span>Mir\u00e1 tambi\u00e9n<\/span><\/p>\n<hr>\n<h3>La dur\u00edsima expulsi\u00f3n de Rico Lewis, del Manchester City, en el Mundial de Clubes<\/h3>\n<\/p>\n<\/section>\n<\/div>\n<div class=\"sc-a7166897-0 eoLsBE\" readability=\"8\">\n<section readability=\"6\"><picture><img alt=\"Estados Unidos vs. Arabia Saudita, por la Copa Oro Concacaf: d\u00eda, horario, c\u00f3mo ver por TV y alineaciones\" loading=\"lazy\" width=\"290\" height=\"290\" decoding=\"async\" data-nimg=\"1\" src=\"http:\/\/hoycordobaweb.com\/wp-content\/uploads\/2025\/06\/el-dt-que-se-va-de-la-primera-c-para-acompanar-al-kily-gonzalez-en-platense-6.jpg\"><\/picture>\n<p><span>Mir\u00e1 tambi\u00e9n<\/span><\/p>\n<hr>\n<h3>Estados Unidos vs. Arabia Saudita, por la Copa Oro Concacaf: d\u00eda, horario, c\u00f3mo ver por TV y alineaciones<\/h3>\n<\/p>\n<\/section>\n<\/div>\n<\/div>\n","protected":false},"excerpt":{"rendered":"<p>18\/06\/2025 19:12hs. Daniel Fagiani deja su cargo en el Sala\u00edto. Pero no por los malos resultados, sino que dar\u00e1 un salto rotundo a la Liga Profesional. Nada m\u00e1s ni nada menos que en el vigente campe\u00f3n del f\u00fatbol argentino: Platense. Formar\u00e1 parte del nuevo grupo de trabajo del Calamar, a cargo del Kily Gonz\u00e1lez, reemplazante [&hellip;]<\/p>\n","protected":false},"author":1,"featured_media":108516,"comment_status":"open","ping_status":"closed","sticky":false,"template":"","format":"standard","meta":[],"categories":[16],"tags":[],"_links":{"self":[{"href":"http:\/\/hoycordobaweb.com\/index.php\/wp-json\/wp\/v2\/posts\/108515"}],"collection":[{"href":"http:\/\/hoycordobaweb.com\/index.php\/wp-json\/wp\/v2\/posts"}],"about":[{"href":"http:\/\/hoycordobaweb.com\/index.php\/wp-json\/wp\/v2\/types\/post"}],"author":[{"embeddable":true,"href":"http:\/\/hoycordobaweb.com\/index.php\/wp-json\/wp\/v2\/users\/1"}],"replies":[{"embeddable":true,"href":"http:\/\/hoycordobaweb.com\/index.php\/wp-json\/wp\/v2\/comments?post=108515"}],"version-history":[{"count":0,"href":"http:\/\/hoycordobaweb.com\/index.php\/wp-json\/wp\/v2\/posts\/108515\/revisions"}],"wp:featuredmedia":[{"embeddable":true,"href":"http:\/\/hoycordobaweb.com\/index.php\/wp-json\/wp\/v2\/media\/108516"}],"wp:attachment":[{"href":"http:\/\/hoycordobaweb.com\/index.php\/wp-json\/wp\/v2\/media?parent=108515"}],"wp:term":[{"taxonomy":"category","embeddable":true,"href":"http:\/\/hoycordobaweb.com\/index.php\/wp-json\/wp\/v2\/categories?post=108515"},{"taxonomy":"post_tag","embeddable":true,"href":"http:\/\/hoycordobaweb.com\/index.php\/wp-json\/wp\/v2\/tags?post=108515"}],"curies":[{"name":"wp","href":"https:\/\/api.w.org\/{rel}","templated":true}]}}