{"id":108428,"date":"2025-06-18T11:31:07","date_gmt":"2025-06-18T11:31:07","guid":{"rendered":"https:\/\/www.mujerhoy.com\/moda\/no-te-pierdas\/sandalias-cuna-zapato-eventos-fresquito-comodo-verano-20250618161817-nt.html"},"modified":"2025-06-18T11:31:07","modified_gmt":"2025-06-18T11:31:07","slug":"sandalias-con-cuna-el-zapato-para-eventos-mas-fresquito-y-comodo-para-este-verano","status":"publish","type":"post","link":"http:\/\/hoycordobaweb.com\/index.php\/2025\/06\/18\/sandalias-con-cuna-el-zapato-para-eventos-mas-fresquito-y-comodo-para-este-verano\/","title":{"rendered":"Sandalias con cu\u00f1a, el zapato para eventos m\u00e1s fresquito y c\u00f3modo para este verano"},"content":{"rendered":"<p><!-- AUTHOR --><\/p>\n<div class=\"voc-author-timesocial \">\n<!-- AUTHOR --><\/p>\n<div class=\"voc-author-timesocial__signature \">\n<!-- IMAGE AUTHOR -->\n<picture class=\"voc-image-signature\">\n<img class=\"voc-image-signature__img\" src=\"http:\/\/hoycordobaweb.com\/wp-content\/uploads\/2025\/06\/sandalias-con-cuna-el-zapato-para-eventos-mas-fresquito-y-comodo-para-este-verano.jpg\" alt=\"Elena Romero Vargas\">\n<\/picture>\n<!-- INFO AUTHOR --> <\/div><\/div>\n<p><!-- COMPONENTS --><\/p>\n<p class=\"voc-paragraph\">No hay zapato que estilice m\u00e1s y que sea m\u00e1s elegante para eventos de verano que<strong> un par de sandalias de tac\u00f3n<\/strong>. Sin embargo, en muchas ocasiones este tipo de calzado puede resultar inc\u00f3modo y causar molestias en los pies que pueden arruinar tu evento. Por eso, son muchas las recurren cada vez m\u00e1s a <a href=\"https:\/\/www.mujerhoy.com\/moda\/no-te-pierdas\/zapatos-tacon-comodos-invitada-look-boda-calidad-20241109161427-nt.html\" target=\"_blank\" data-voc-vtm-id=\"in-text-traffic\" title=\"alternativas c\u00f3modas para llevar a eventos \" data-mrf-link=\"www.mujerhoy.com\" rel=\"noopener noreferrer\">alternativas c\u00f3modas para llevar a eventos <\/a> esta temporada.<\/p>\n<p class=\"voc-paragraph\">Aunque hay <a href=\"https:\/\/www.mujerhoy.com\/moda\/no-te-pierdas\/zapatos-planos-invitadas-bailarinas-primavera-20240128130324-nt.html\" target=\"_blank\" data-voc-vtm-id=\"in-text-traffic\" title=\"opciones de zapato plano \" data-mrf-link=\"www.mujerhoy.com\" rel=\"noopener noreferrer\">opciones de zapato plano <\/a>que han demostrado tener mucho potencial tambi\u00e9n en looks de invitada, no es necesario renunciar a lo mucho que estiliza un tac\u00f3n para ir c\u00f3moda. La alternativa a las sandalias de tac\u00f3n cl\u00e1sicas son las <strong>sandalias con cu\u00f1a<\/strong>, que poco a poco se van convirtiendo en un imprescindible de la temporada entre las mejor vestidas.<\/p>\n<div class=\"v-c-cmp v-c-cmp--t1 \">\n<div class=\"v-cmp-rld v-cmp-rld--2 \">\n<div class=\"v-cnt-m v-cnt-m--m\">\n<div class=\"v-cnt-m__c\">\n<div class=\"v-cnt-m__w v-cnt-m__w--1\">\n<p class=\"v-cnt-m__t\">\nTAMBI\u00c9N TE INTERESA\n<\/p>\n<\/div>\n<\/div>\n<\/div>\n<div class=\"v-g v-g--2-c v-g--bdr-min-xs\">\n<div class=\"v-g__c \">\n<article class=\"v-a v-a--cmp-rld v-a--cmp-rld-2 v-a--p-l\">\n<div class=\"v-a-img-c\">\n<figure class=\"v-a-fig\">\n<a href=\"https:\/\/www.mujerhoy.com\/moda\/tendencias\/zapatos-invitada-elegantes-estilo-sezane-maje-20250522080804-nt.html#vtm_modulosEngag=mod-rel:moda:noticia:1:cmp:2-not\" class=\"v-a-link\" title=\"Los 10 zapatos de invitada que ponen de acuerdo a las que m\u00e1s saben de moda\"><br \/>\n<img loading=\"lazy\" class=\"v-a-img\" src=\"http:\/\/hoycordobaweb.com\/wp-content\/uploads\/2025\/06\/sandalias-con-cuna-el-zapato-para-eventos-mas-fresquito-y-comodo-para-este-verano-1.jpg\" alt=\"Los 10 zapatos de invitada que ponen de acuerdo a las que m\u00e1s saben de moda\"><br \/>\n<\/a><br \/>\n<\/figure>\n<\/div>\n<\/article>\n<\/div>\n<div class=\"v-g__c \">\n<article class=\"v-a v-a--cmp-rld v-a--cmp-rld-2 v-a--p-l\">\n<div class=\"v-a-img-c\">\n<figure class=\"v-a-fig\">\n<a href=\"https:\/\/www.mujerhoy.com\/moda\/no-te-pierdas\/sandalias-invitadas-comodas-bonitas-elegantes-bodas-verano-20240713131922-nt.html#vtm_modulosEngag=mod-rel:moda:noticia:2:cmp:2-not\" class=\"v-a-link\" title=\"Tengo una boda en agosto y estas son las sandalias de invitadas c\u00f3modas y bonitas que tengo en el radar\"><br \/>\n<img loading=\"lazy\" class=\"v-a-img\" src=\"http:\/\/hoycordobaweb.com\/wp-content\/uploads\/2025\/06\/sandalias-con-cuna-el-zapato-para-eventos-mas-fresquito-y-comodo-para-este-verano-2.jpg\" alt=\"Tengo una boda en agosto y estas son las sandalias de invitadas c\u00f3modas y bonitas que tengo en el radar\"><br \/>\n<\/a><br \/>\n<\/figure>\n<\/div>\n<\/article>\n<\/div>\n<\/div>\n<\/div>\n<\/div>\n<p class=\"voc-paragraph\">Las sandalias con cu\u00f1a combinan la comodidad de un zapato plano con lo favorecedor que resulta sumar unos cent\u00edmetros de altura a tu look. Una de las grandes ventajas de las sandalias con cu\u00f1a es que son <strong>aptas para cualquier cita<\/strong>, pues seg\u00fan el tipo de sandalias que escojas tambi\u00e9n pueden quedar genial en looks de diario. Estas son nuestras favoritas para esta temporada:<\/p>\n<div class=\"v-c-cmp v-c-cmp--s\">\n<div class=\"v-cmp-m \">\n<article class=\"v-a v-a--cmp-m v-c-cmp--m-z\">\n<div class=\"v-a-img-c \">\n<div class=\"v-a-fig\">\n<button class=\"v-a-link\" popovertarget=\"photo-140\"><br \/>\n<img loading=\"lazy\" src=\"http:\/\/hoycordobaweb.com\/wp-content\/uploads\/2025\/06\/sandalias-con-cuna-el-zapato-para-eventos-mas-fresquito-y-comodo-para-este-verano-3.jpg\" class=\"v-a-img\" width=\"650\" height=\"650\" alt=\"Suede wedge sandals (35,95\u20ac)\" data-voc-vtm-id=\"in-text-traffic\"> <\/button><figcaption class=\"v-fc\">\n<span class=\"v-fc__t\"><br \/>\nSuede wedge sandals (35,95\u20ac)<br \/>\n<\/span><br \/>\n<span class=\"v-fc__p\"><br \/>\nZara<br \/>\n<\/span><br \/>\n<\/figcaption><\/div>\n<\/div>\n<div id=\"photo-140\" popover class=\"v-mdl v-mdl--fw\">\n<button class=\"v-x\" popovertarget=\"photo-140\" popovertargetaction=\"hide\"><br \/>\n<span class=\"v-i\"><br \/>\n<svg width=\"24\" height=\"23.996\" viewBox=\"0 0 24 23.996\">\n<path data-name=\"Uni\u00f3n 29\" d=\"M12,14.03,2.031,24,0,21.963,9.968,12,0,2.033,2.031,0,12,9.966,21.969,0,24,2.033,14.032,12,24,21.963,21.969,24Z\" \/>\n<\/svg><br \/>\n<\/span><br \/>\n<\/button><\/p>\n<div class=\"v-mdl__c\">\n<div class=\"v-mdl__w\">\n<img loading=\"lazy\" src=\"http:\/\/hoycordobaweb.com\/wp-content\/uploads\/2025\/06\/sandalias-con-cuna-el-zapato-para-eventos-mas-fresquito-y-comodo-para-este-verano-3.jpg\" class=\"v-mdl__img-z\" width=\"650\" height=\"650\" alt>\n<\/div>\n<\/div>\n<\/div>\n<p><span class=\"v-bdp\"><\/span><br \/>\n<\/article>\n<\/div>\n<\/div>\n<p><h3 class=\"v-cmp-suh\">\nZara<br \/>\n<\/h3>\n<\/p>\n<p class=\"voc-paragraph\">Al m\u00e1s puro estilo noventero, estas <strong>sandalias con cu\u00f1a minimalistas y sencillas<\/strong>, pero a la vez muy elegantes, lo tienen todo para convertirse en tu pr\u00f3ximo flechazo de la temporada. En color marr\u00f3n chocolate, es ideal para estilizar un look de invitada, pero tambi\u00e9n para llevar con <a href=\"https:\/\/www.mujerhoy.com\/moda\/tendencias\/vestidos-lencero-entretiempo-prenda-comodin-elegante-femenina-20250201124521-nt.html\" target=\"_blank\" data-voc-vtm-id=\"in-text-traffic\" title=\"vestidos lenceros\" data-mrf-link=\"www.mujerhoy.com\" rel=\"noopener noreferrer\">vestidos lenceros<\/a> para un look minimal super en tendencia.<\/p>\n<div class=\"v-c-cmp v-c-cmp--s\">\n<div class=\"v-cmp-m \">\n<article class=\"v-a v-a--cmp-m v-c-cmp--m-z\">\n<div class=\"v-a-img-c \">\n<div class=\"v-a-fig\">\n<button class=\"v-a-link\" popovertarget=\"photo-582\"><br \/>\n<img loading=\"lazy\" src=\"http:\/\/hoycordobaweb.com\/wp-content\/uploads\/2025\/06\/sandalias-con-cuna-el-zapato-para-eventos-mas-fresquito-y-comodo-para-este-verano-4.jpg\" class=\"v-a-img\" width=\"650\" height=\"650\" alt=\"Sandalias cu\u00f1a tiras cruzadas (39,99\u20ac)\" data-voc-vtm-id=\"in-text-traffic\"> <\/button><figcaption class=\"v-fc\">\n<span class=\"v-fc__t\"><br \/>\nSandalias cu\u00f1a tiras cruzadas (39,99\u20ac)<br \/>\n<\/span><br \/>\n<span class=\"v-fc__p\"><br \/>\nMango<br \/>\n<\/span><br \/>\n<\/figcaption><\/div>\n<\/div>\n<div id=\"photo-582\" popover class=\"v-mdl v-mdl--fw\">\n<button class=\"v-x\" popovertarget=\"photo-582\" popovertargetaction=\"hide\"><br \/>\n<span class=\"v-i\"><br \/>\n<svg width=\"24\" height=\"23.996\" viewBox=\"0 0 24 23.996\">\n<path data-name=\"Uni\u00f3n 29\" d=\"M12,14.03,2.031,24,0,21.963,9.968,12,0,2.033,2.031,0,12,9.966,21.969,0,24,2.033,14.032,12,24,21.963,21.969,24Z\" \/>\n<\/svg><br \/>\n<\/span><br \/>\n<\/button><\/p>\n<div class=\"v-mdl__c\">\n<div class=\"v-mdl__w\">\n<img loading=\"lazy\" src=\"http:\/\/hoycordobaweb.com\/wp-content\/uploads\/2025\/06\/sandalias-con-cuna-el-zapato-para-eventos-mas-fresquito-y-comodo-para-este-verano-4.jpg\" class=\"v-mdl__img-z\" width=\"650\" height=\"650\" alt>\n<\/div>\n<\/div>\n<\/div>\n<p><span class=\"v-bdp\"><\/span><br \/>\n<\/article>\n<\/div>\n<\/div>\n<p><h3 class=\"v-cmp-suh\">\nMango<br \/>\n<\/h3>\n<\/p>\n<p class=\"voc-paragraph\">Las <strong>sandalias con cu\u00f1as de esparto <\/strong>son la opci\u00f3n m\u00e1s veraniega y ponibles del momento. Con tiras negras efecto piel y la altura de tac\u00f3n justa para estilizar cualquier look, es el zapato ideal para llevar con vestidos vaporosos, con conjuntos dos piezas o con un look de falda y top que busques rejuvenecer.<\/p>\n<div class=\"v-c-cmp v-c-cmp--s\">\n<div class=\"v-cmp-m \">\n<article class=\"v-a v-a--cmp-m v-c-cmp--m-z\">\n<div class=\"v-a-img-c \">\n<div class=\"v-a-fig\">\n<button class=\"v-a-link\" popovertarget=\"photo-29\"><br \/>\n<img loading=\"lazy\" src=\"http:\/\/hoycordobaweb.com\/wp-content\/uploads\/2025\/06\/sandalias-con-cuna-el-zapato-para-eventos-mas-fresquito-y-comodo-para-este-verano-5.jpg\" class=\"v-a-img\" width=\"650\" height=\"650\" alt=\"Sandalias de cu\u00f1a de mujer de esparto con cierre de hebilla de Mim Shoes (69\u20ac)\" data-voc-vtm-id=\"in-text-traffic\"> <\/button><figcaption class=\"v-fc\">\n<span class=\"v-fc__t\"><br \/>\nSandalias de cu\u00f1a de mujer de esparto con cierre de hebilla de Mim Shoes (69\u20ac)<br \/>\n<\/span><br \/>\n<span class=\"v-fc__p\"><br \/>\nEl Corte Ingl\u00e9s<br \/>\n<\/span><br \/>\n<\/figcaption><\/div>\n<\/div>\n<div id=\"photo-29\" popover class=\"v-mdl v-mdl--fw\">\n<button class=\"v-x\" popovertarget=\"photo-29\" popovertargetaction=\"hide\"><br \/>\n<span class=\"v-i\"><br \/>\n<svg width=\"24\" height=\"23.996\" viewBox=\"0 0 24 23.996\">\n<path data-name=\"Uni\u00f3n 29\" d=\"M12,14.03,2.031,24,0,21.963,9.968,12,0,2.033,2.031,0,12,9.966,21.969,0,24,2.033,14.032,12,24,21.963,21.969,24Z\" \/>\n<\/svg><br \/>\n<\/span><br \/>\n<\/button><\/p>\n<div class=\"v-mdl__c\">\n<div class=\"v-mdl__w\">\n<img loading=\"lazy\" src=\"http:\/\/hoycordobaweb.com\/wp-content\/uploads\/2025\/06\/sandalias-con-cuna-el-zapato-para-eventos-mas-fresquito-y-comodo-para-este-verano-5.jpg\" class=\"v-mdl__img-z\" width=\"650\" height=\"650\" alt>\n<\/div>\n<\/div>\n<\/div>\n<p><span class=\"v-bdp\"><\/span><br \/>\n<\/article>\n<\/div>\n<\/div>\n<p><h3 class=\"v-cmp-suh\">\nMim Shoes<br \/>\n<\/h3>\n<\/p>\n<p class=\"voc-paragraph\">Otras sandalias con cu\u00f1as de esparto perfectas para invitadas son estas de Mim Shoes con <strong>tiras metalizadas<\/strong>. Un zapato que encarna a la perfecci\u00f3n la esencia de esta \u00e9poca y que, adem\u00e1s, encaja con los looks m\u00e1s sofisticados, por lo que te garantizar\u00e1 la comodidad en los eventos m\u00e1s especiales.<\/p>\n<div class=\"v-c-cmp v-c-cmp--s\">\n<div class=\"v-cmp-m \">\n<article class=\"v-a v-a--cmp-m v-c-cmp--m-z\">\n<div class=\"v-a-img-c \">\n<div class=\"v-a-fig\">\n<button class=\"v-a-link\" popovertarget=\"photo-889\"><br \/>\n<img loading=\"lazy\" src=\"http:\/\/hoycordobaweb.com\/wp-content\/uploads\/2025\/06\/sandalias-con-cuna-el-zapato-para-eventos-mas-fresquito-y-comodo-para-este-verano-6.jpg\" class=\"v-a-img\" width=\"650\" height=\"650\" alt=\"Sandalias cu\u00f1a madera destalonadas (99,95\u20ac)\" data-voc-vtm-id=\"in-text-traffic\"> <\/button><figcaption class=\"v-fc\">\n<span class=\"v-fc__t\"><br \/>\nSandalias cu\u00f1a madera destalonadas (99,95\u20ac)<br \/>\n<\/span><br \/>\n<span class=\"v-fc__p\"><br \/>\nMassimo Dutti<br \/>\n<\/span><br \/>\n<\/figcaption><\/div>\n<\/div>\n<div id=\"photo-889\" popover class=\"v-mdl v-mdl--fw\">\n<button class=\"v-x\" popovertarget=\"photo-889\" popovertargetaction=\"hide\"><br \/>\n<span class=\"v-i\"><br \/>\n<svg width=\"24\" height=\"23.996\" viewBox=\"0 0 24 23.996\">\n<path data-name=\"Uni\u00f3n 29\" d=\"M12,14.03,2.031,24,0,21.963,9.968,12,0,2.033,2.031,0,12,9.966,21.969,0,24,2.033,14.032,12,24,21.963,21.969,24Z\" \/>\n<\/svg><br \/>\n<\/span><br \/>\n<\/button><\/p>\n<div class=\"v-mdl__c\">\n<div class=\"v-mdl__w\">\n<img loading=\"lazy\" src=\"http:\/\/hoycordobaweb.com\/wp-content\/uploads\/2025\/06\/sandalias-con-cuna-el-zapato-para-eventos-mas-fresquito-y-comodo-para-este-verano-6.jpg\" class=\"v-mdl__img-z\" width=\"650\" height=\"650\" alt>\n<\/div>\n<\/div>\n<\/div>\n<p><span class=\"v-bdp\"><\/span><br \/>\n<\/article>\n<\/div>\n<\/div>\n<p><h3 class=\"v-cmp-suh\">\nMassimo Dutti<br \/>\n<\/h3>\n<\/p>\n<p class=\"voc-paragraph\">Tambi\u00e9n puedes apostar por dise\u00f1os algo m\u00e1s relajados como estas <strong>cu\u00f1as de madera destalonadas<\/strong> de Massimo Dutti en color negro. Con un dise\u00f1o original, son un zapato apto para looks de noche, por ejemplo, con traje de dos piezas de lino o con faldas midi de vuelo.<\/p>\n<div class=\"v-c-cmp v-c-cmp--s\">\n<div class=\"v-cmp-m \">\n<article class=\"v-a v-a--cmp-m v-c-cmp--m-z\">\n<div class=\"v-a-img-c \">\n<div class=\"v-a-fig\">\n<button class=\"v-a-link\" popovertarget=\"photo-848\"><br \/>\n<img loading=\"lazy\" src=\"http:\/\/hoycordobaweb.com\/wp-content\/uploads\/2025\/06\/sandalias-con-cuna-el-zapato-para-eventos-mas-fresquito-y-comodo-para-este-verano-7.jpg\" class=\"v-a-img\" width=\"650\" height=\"650\" alt=\"Sandalias Ariana (249\u20ac)\" data-voc-vtm-id=\"in-text-traffic\"> <\/button><figcaption class=\"v-fc\">\n<span class=\"v-fc__t\"><br \/>\nSandalias Ariana (249\u20ac)<br \/>\n<\/span><br \/>\n<span class=\"v-fc__p\"><br \/>\nMascar\u00f3<br \/>\n<\/span><br \/>\n<\/figcaption><\/div>\n<\/div>\n<div id=\"photo-848\" popover class=\"v-mdl v-mdl--fw\">\n<button class=\"v-x\" popovertarget=\"photo-848\" popovertargetaction=\"hide\"><br \/>\n<span class=\"v-i\"><br \/>\n<svg width=\"24\" height=\"23.996\" viewBox=\"0 0 24 23.996\">\n<path data-name=\"Uni\u00f3n 29\" d=\"M12,14.03,2.031,24,0,21.963,9.968,12,0,2.033,2.031,0,12,9.966,21.969,0,24,2.033,14.032,12,24,21.963,21.969,24Z\" \/>\n<\/svg><br \/>\n<\/span><br \/>\n<\/button><\/p>\n<div class=\"v-mdl__c\">\n<div class=\"v-mdl__w\">\n<img loading=\"lazy\" src=\"http:\/\/hoycordobaweb.com\/wp-content\/uploads\/2025\/06\/sandalias-con-cuna-el-zapato-para-eventos-mas-fresquito-y-comodo-para-este-verano-7.jpg\" class=\"v-mdl__img-z\" width=\"650\" height=\"650\" alt>\n<\/div>\n<\/div>\n<\/div>\n<p><span class=\"v-bdp\"><\/span><br \/>\n<\/article>\n<\/div>\n<\/div>\n<p><h3 class=\"v-cmp-suh\">\nMascar\u00f3<br \/>\n<\/h3>\n<\/p>\n<p class=\"voc-paragraph\">Si tienes un bautizo a la vista y est\u00e1s pensando en escoger un <a href=\"https:\/\/www.mujerhoy.com\/moda\/no-te-pierdas\/vestidos-blancos-versatiles-bautizo-temporada-septiembre-invitadas-20240822130740-nt.html\" target=\"_blank\" data-voc-vtm-id=\"in-text-traffic\" title=\"vestido blanco \" data-mrf-link=\"www.mujerhoy.com\" rel=\"noopener noreferrer\">vestido blanco <\/a>como pieza estrella de tu look, estas sandalias de Mascar\u00f3 se van a convertir en el complemento ideal para completar el estilismo. Con <strong>cu\u00f1a blanca y tiras en piel azul oscuro<\/strong>, son elegantes y favorecedoras a cualquier edad y ayuda a darle un toque m\u00e1s femenino y formal a cualquier estilismo.<\/p>\n<div class=\"v-c-cmp v-c-cmp--s\">\n<div class=\"v-cmp-m \">\n<article class=\"v-a v-a--cmp-m v-c-cmp--m-z\">\n<div class=\"v-a-img-c \">\n<div class=\"v-a-fig\">\n<button class=\"v-a-link\" popovertarget=\"photo-409\"><br \/>\n<img loading=\"lazy\" src=\"http:\/\/hoycordobaweb.com\/wp-content\/uploads\/2025\/06\/sandalias-con-cuna-el-zapato-para-eventos-mas-fresquito-y-comodo-para-este-verano-8.jpg\" class=\"v-a-img\" width=\"650\" height=\"650\" alt=\"Sandalias de cu\u00f1a de mujer con pala de tiras y cinta al tobillo de Pedro Miralles (159\u20ac9\" data-voc-vtm-id=\"in-text-traffic\"> <\/button><figcaption class=\"v-fc\">\n<span class=\"v-fc__t\"><br \/>\nSandalias de cu\u00f1a de mujer con pala de tiras y cinta al tobillo de Pedro Miralles (159\u20ac9<br \/>\n<\/span><br \/>\n<span class=\"v-fc__p\"><br \/>\nEl Corte Ingl\u00e9s<br \/>\n<\/span><br \/>\n<\/figcaption><\/div>\n<\/div>\n<div id=\"photo-409\" popover class=\"v-mdl v-mdl--fw\">\n<button class=\"v-x\" popovertarget=\"photo-409\" popovertargetaction=\"hide\"><br \/>\n<span class=\"v-i\"><br \/>\n<svg width=\"24\" height=\"23.996\" viewBox=\"0 0 24 23.996\">\n<path data-name=\"Uni\u00f3n 29\" d=\"M12,14.03,2.031,24,0,21.963,9.968,12,0,2.033,2.031,0,12,9.966,21.969,0,24,2.033,14.032,12,24,21.963,21.969,24Z\" \/>\n<\/svg><br \/>\n<\/span><br \/>\n<\/button><\/p>\n<div class=\"v-mdl__c\">\n<div class=\"v-mdl__w\">\n<img loading=\"lazy\" src=\"http:\/\/hoycordobaweb.com\/wp-content\/uploads\/2025\/06\/sandalias-con-cuna-el-zapato-para-eventos-mas-fresquito-y-comodo-para-este-verano-8.jpg\" class=\"v-mdl__img-z\" width=\"650\" height=\"650\" alt>\n<\/div>\n<\/div>\n<\/div>\n<p><span class=\"v-bdp\"><\/span><br \/>\n<\/article>\n<\/div>\n<\/div>\n<p><h3 class=\"v-cmp-suh\">\nPedro Miralles<br \/>\n<\/h3>\n<\/p>\n<p class=\"voc-paragraph\">Novias y madrinas que celebr\u00e9is este gran d\u00eda pr\u00f3ximamente: estos son los <strong>zapatos que vuestro look nupcial necesita<\/strong>. Sencillos pero con mucha presencia, femeninos y originales, lo tienen todo para hacer que el vestido elegido para la ocasi\u00f3n alcance su m\u00e1ximo esplendor con un plus de sofisticaci\u00f3n que le sentar\u00e1 de cine.<\/p>\n<div class=\"v-c-cmp v-c-cmp--t1 \">\n<div class=\"v-cmp-rld v-cmp-rld--2 \">\n<div class=\"v-cnt-m v-cnt-m--m\">\n<div class=\"v-cnt-m__c\">\n<div class=\"v-cnt-m__w v-cnt-m__w--1\">\n<p class=\"v-cnt-m__t\">\nNO TE PIERDAS\n<\/p>\n<\/div>\n<\/div>\n<\/div>\n<div class=\"v-g v-g--2-c v-g--bdr-min-xs\">\n<div class=\"v-g__c \">\n<article class=\"v-a v-a--cmp-rld v-a--cmp-rld-2 v-a--p-l\">\n<div class=\"v-a-img-c\">\n<figure class=\"v-a-fig\">\n<a href=\"https:\/\/www.mujerhoy.com\/moda\/no-te-pierdas\/zapatos-invitada-made-in-spain-comodos-elegantes-favoritos-famosas-20240603131838-nt.html#vtm_modulosEngag=mod-rel:moda:noticia:1:cmp:2-not\" class=\"v-a-link\" title=\"Los zapatos de invitada made in Spain en los que merece la pena invertir: los llevan las famosas y son c\u00f3modos y elegantes\"><br \/>\n<img loading=\"lazy\" class=\"v-a-img\" src=\"http:\/\/hoycordobaweb.com\/wp-content\/uploads\/2025\/06\/sandalias-con-cuna-el-zapato-para-eventos-mas-fresquito-y-comodo-para-este-verano-9.jpg\" alt=\"Los zapatos de invitada made in Spain en los que merece la pena invertir: los llevan las famosas y son c\u00f3modos y elegantes\"><br \/>\n<\/a><br \/>\n<\/figure>\n<\/div>\n<\/article>\n<\/div>\n<div class=\"v-g__c \">\n<article class=\"v-a v-a--cmp-rld v-a--cmp-rld-2 v-a--p-l\">\n<div class=\"v-a-img-c\">\n<figure class=\"v-a-fig\">\n<a href=\"https:\/\/www.mujerhoy.com\/moda\/tendencias\/zapatos-tacon-perfectos-look-invitada-comodos-elegantes-romanticos-20250422165637-nt.html#vtm_modulosEngag=mod-rel:moda:noticia:2:cmp:2-not\" class=\"v-a-link\" title=\"Estos zapatos de tac\u00f3n son perfectos para completar un look de invitada: rom\u00e1nticos y muy c\u00f3modos\"><br \/>\n<img loading=\"lazy\" class=\"v-a-img\" src=\"http:\/\/hoycordobaweb.com\/wp-content\/uploads\/2025\/06\/sandalias-con-cuna-el-zapato-para-eventos-mas-fresquito-y-comodo-para-este-verano-10.jpg\" alt=\"Estos zapatos de tac\u00f3n son perfectos para completar un look de invitada: rom\u00e1nticos y muy c\u00f3modos\"><br \/>\n<\/a><br \/>\n<\/figure>\n<\/div>\n<\/article>\n<\/div>\n<\/div>\n<\/div>\n<\/div>\n<div class=\"media_block\"><\/div>\n","protected":false},"excerpt":{"rendered":"<p>No hay zapato que estilice m\u00e1s y que sea m\u00e1s elegante para eventos de verano que un par de sandalias de tac\u00f3n. Sin embargo, en muchas ocasiones este tipo de calzado puede resultar inc\u00f3modo y causar molestias en los pies que pueden arruinar tu evento. Por eso, son muchas las recurren cada vez m\u00e1s a [&hellip;]<\/p>\n","protected":false},"author":1,"featured_media":108429,"comment_status":"closed","ping_status":"closed","sticky":false,"template":"","format":"standard","meta":[],"categories":[],"tags":[],"_links":{"self":[{"href":"http:\/\/hoycordobaweb.com\/index.php\/wp-json\/wp\/v2\/posts\/108428"}],"collection":[{"href":"http:\/\/hoycordobaweb.com\/index.php\/wp-json\/wp\/v2\/posts"}],"about":[{"href":"http:\/\/hoycordobaweb.com\/index.php\/wp-json\/wp\/v2\/types\/post"}],"author":[{"embeddable":true,"href":"http:\/\/hoycordobaweb.com\/index.php\/wp-json\/wp\/v2\/users\/1"}],"replies":[{"embeddable":true,"href":"http:\/\/hoycordobaweb.com\/index.php\/wp-json\/wp\/v2\/comments?post=108428"}],"version-history":[{"count":0,"href":"http:\/\/hoycordobaweb.com\/index.php\/wp-json\/wp\/v2\/posts\/108428\/revisions"}],"wp:featuredmedia":[{"embeddable":true,"href":"http:\/\/hoycordobaweb.com\/index.php\/wp-json\/wp\/v2\/media\/108429"}],"wp:attachment":[{"href":"http:\/\/hoycordobaweb.com\/index.php\/wp-json\/wp\/v2\/media?parent=108428"}],"wp:term":[{"taxonomy":"category","embeddable":true,"href":"http:\/\/hoycordobaweb.com\/index.php\/wp-json\/wp\/v2\/categories?post=108428"},{"taxonomy":"post_tag","embeddable":true,"href":"http:\/\/hoycordobaweb.com\/index.php\/wp-json\/wp\/v2\/tags?post=108428"}],"curies":[{"name":"wp","href":"https:\/\/api.w.org\/{rel}","templated":true}]}}