{"id":108402,"date":"2025-06-17T21:17:23","date_gmt":"2025-06-17T21:17:23","guid":{"rendered":"http:\/\/hoycordobaweb.com\/index.php\/2025\/06\/17\/pol-fernandez-no-regresa-al-futbol-argentino-se-cayo-el-pase-con-velez\/"},"modified":"2025-06-17T21:17:23","modified_gmt":"2025-06-17T21:17:23","slug":"pol-fernandez-no-regresa-al-futbol-argentino-se-cayo-el-pase-con-velez","status":"publish","type":"post","link":"http:\/\/hoycordobaweb.com\/index.php\/2025\/06\/17\/pol-fernandez-no-regresa-al-futbol-argentino-se-cayo-el-pase-con-velez\/","title":{"rendered":"Pol Fern\u00e1ndez no regresa al <b>f\u00fatbol argentino<\/b>: se cay\u00f3 el pase con V\u00e9lez"},"content":{"rendered":"<p>Pol Fern\u00e1ndez no regresa al <b>f\u00fatbol argentino<\/b>: se cay\u00f3 el pase con V\u00e9lez &middot; El ex jugador de Boca, que era pretendido por Guillermo Barros Schelotto, no&nbsp;&#8230; <\/p>\n","protected":false},"excerpt":{"rendered":"<p>Pol Fern\u00e1ndez no regresa al f\u00fatbol argentino: se cay\u00f3 el pase con V\u00e9lez &middot; El ex jugador de Boca, que era pretendido por Guillermo Barros Schelotto, no&nbsp;&#8230;<\/p>\n","protected":false},"author":1,"featured_media":0,"comment_status":"closed","ping_status":"closed","sticky":false,"template":"","format":"standard","meta":[],"categories":[22],"tags":[],"_links":{"self":[{"href":"http:\/\/hoycordobaweb.com\/index.php\/wp-json\/wp\/v2\/posts\/108402"}],"collection":[{"href":"http:\/\/hoycordobaweb.com\/index.php\/wp-json\/wp\/v2\/posts"}],"about":[{"href":"http:\/\/hoycordobaweb.com\/index.php\/wp-json\/wp\/v2\/types\/post"}],"author":[{"embeddable":true,"href":"http:\/\/hoycordobaweb.com\/index.php\/wp-json\/wp\/v2\/users\/1"}],"replies":[{"embeddable":true,"href":"http:\/\/hoycordobaweb.com\/index.php\/wp-json\/wp\/v2\/comments?post=108402"}],"version-history":[{"count":0,"href":"http:\/\/hoycordobaweb.com\/index.php\/wp-json\/wp\/v2\/posts\/108402\/revisions"}],"wp:attachment":[{"href":"http:\/\/hoycordobaweb.com\/index.php\/wp-json\/wp\/v2\/media?parent=108402"}],"wp:term":[{"taxonomy":"category","embeddable":true,"href":"http:\/\/hoycordobaweb.com\/index.php\/wp-json\/wp\/v2\/categories?post=108402"},{"taxonomy":"post_tag","embeddable":true,"href":"http:\/\/hoycordobaweb.com\/index.php\/wp-json\/wp\/v2\/tags?post=108402"}],"curies":[{"name":"wp","href":"https:\/\/api.w.org\/{rel}","templated":true}]}}