{"id":108244,"date":"2025-06-16T13:39:08","date_gmt":"2025-06-16T13:39:08","guid":{"rendered":"http:\/\/hoycordobaweb.com\/index.php\/2025\/06\/16\/vamos-corrientes-dijo-que-sumo-al-partido-autonomista-pero-la-intervencion-lo-desmiente\/"},"modified":"2025-06-16T13:39:08","modified_gmt":"2025-06-16T13:39:08","slug":"vamos-corrientes-dijo-que-sumo-al-partido-autonomista-pero-la-intervencion-lo-desmiente","status":"publish","type":"post","link":"http:\/\/hoycordobaweb.com\/index.php\/2025\/06\/16\/vamos-corrientes-dijo-que-sumo-al-partido-autonomista-pero-la-intervencion-lo-desmiente\/","title":{"rendered":"Vamos Corrientes dijo que sum\u00f3 al Partido Autonomista, pero la intervenci\u00f3n lo desmiente"},"content":{"rendered":"<div class=\"media_block\"><\/div>\n<div><img src=\"http:\/\/hoycordobaweb.com\/wp-content\/uploads\/2025\/06\/vamos-corrientes-dijo-que-sumo-al-partido-autonomista-pero-la-intervencion-lo-desmiente.jpg\" class=\"ff-og-image-inserted\"><\/div>\n<p><strong>Vamos Corrientes<\/strong> se adjudic\u00f3 en las \u00faltimas horas que el <strong>Partido Autonomista (PA)<\/strong> decidi\u00f3 \u00aborg\u00e1nicamente\u00bb integrar la <strong>alianza oficialista<\/strong>, pero un sector del <strong>PA<\/strong> afirma que la <strong>intervenci\u00f3n<\/strong> sigue vigente y la \u00absupuesta <strong>convenci\u00f3n<\/strong> carece de todo tipo de validez\u00bb.<\/p>\n<p>\u00abEl <strong>PA<\/strong> resolvi\u00f3 por unanimidad integrar la alianza <strong>Vamos Corrientes<\/strong> para las pr\u00f3ximas <strong>elecciones provinciales<\/strong> del 31 de agosto. Esta instancia org\u00e1nica tuvo lugar en las instalaciones del gremio ATSA (Cocomarola 831) con m\u00e1s de 70 convencionales de toda la provincia, constat\u00e1ndose as\u00ed el qu\u00f3rum reglamentario para adoptar decisiones partidarias que deb\u00edan resolverse a partir de la nulidad de la <strong>intervenci\u00f3n<\/strong> que sufr\u00eda la fuerza pol\u00edtica\u00bb, afirm\u00f3 <strong>Vamos Corrientes<\/strong> en un comunicado.<\/p>\n<p>De esta manera fueron ratificados como presidente de la Junta de Gobierno, <strong>Silvia Galarza<\/strong> y como secretario de la Junta de Gobierno, <strong>Antonio Portel<\/strong>, mientras que las autoridades de la Convenci\u00f3n, son: presidente, Augusto Portel; secretario, Miguel \u00c1ngel Aguirre, y vocales, Vanina Almir\u00f3n y Amaro Salda\u00f1a.<\/p>\n<p>La presidente del <strong>Partido Autonomista de Corrientes<\/strong>, <strong>Silvia Galarza<\/strong> explic\u00f3 que \u201ca partir del fallo de la jueza Servini que declar\u00f3 la nulidad a la <strong>intervenci\u00f3n<\/strong> al <strong>Partido Autonomista<\/strong>, la Mesa Directiva convoc\u00f3 a la Honorable <strong>Convenci\u00f3n<\/strong> a efectos de poner en posesi\u00f3n de sus cargos a todas las autoridades que hab\u00edan sido intervenidas\u201d.<\/p>\n<p>Agreg\u00f3 que \u201ctambi\u00e9n se resolvi\u00f3 por unanimidad que el <strong>Partido Autonomista de Corrientes<\/strong> va a formar parte de la alianza <strong>Vamos Corrientes<\/strong>, dejando as\u00ed plasmado que el rumbo de este partido lo vamos a elegir entre las autoridades, los afiliados y la dirigencia <strong>correntina<\/strong>\u201d.<\/p>\n<p><strong>Duro comunicado<\/strong><\/p>\n<p>Otro sector del <strong>PA<\/strong> se\u00f1al\u00f3 que \u00abla <strong>intervenci\u00f3n<\/strong> dictada en el mes de marzo de 2024 contin\u00faa con plena vigencia, sin desconocer un fallo de 1ra. Instancia en la <strong>Justicia Electoral Federal<\/strong>, el cual ha sido debidamente apelado y por lo tanto no est\u00e1 firme\u00bb.<\/p>\n<p>\u00abAl continuar intervenidos todos los \u00f3rganos partidarios, cualquier tipo de convocatoria a una supuesta \u00ab<strong>Convenci\u00f3n<\/strong>\u201d carece de todo tipo de valor institucional\u00bb, precisaron.<\/p>\n<p>Adem\u00e1s, aseguraron que \u00abla actual <strong>intervenci\u00f3n<\/strong> del <strong>Partido Autonomista<\/strong> Distrito <strong>Corrientes<\/strong> no consiente la realizaci\u00f3n de la reuni\u00f3n denominada <strong>convenci\u00f3n<\/strong> del s\u00e1bado 14 de junio y todo lo decidido en la misma carece del aval partidario\u00bb.<\/p>\n<p>Este sector del <strong>PA<\/strong> busca posicionar un candidato propio a <strong>gobernador<\/strong> a trav\u00e9s de <strong>Jos\u00e9 Romero Brisco<\/strong> o bien ser parte de una nueva <strong>alianza<\/strong> con <strong>La Libertad Avanza<\/strong>, <strong>Encuentro Liberal<\/strong>, entre otros.<\/p>\n<div class=\"article__tags\">\n<p>En esta Nota<\/p>\n<\/p><\/div>\n","protected":false},"excerpt":{"rendered":"<p>Vamos Corrientes se adjudic\u00f3 en las \u00faltimas horas que el Partido Autonomista (PA) decidi\u00f3 \u00aborg\u00e1nicamente\u00bb integrar la alianza oficialista, pero un sector del PA afirma que la intervenci\u00f3n sigue vigente y la \u00absupuesta convenci\u00f3n carece de todo tipo de validez\u00bb. \u00abEl PA resolvi\u00f3 por unanimidad integrar la alianza Vamos Corrientes para las pr\u00f3ximas elecciones provinciales [&hellip;]<\/p>\n","protected":false},"author":1,"featured_media":108245,"comment_status":"closed","ping_status":"closed","sticky":false,"template":"","format":"standard","meta":[],"categories":[19],"tags":[322,350,1483,1484],"_links":{"self":[{"href":"http:\/\/hoycordobaweb.com\/index.php\/wp-json\/wp\/v2\/posts\/108244"}],"collection":[{"href":"http:\/\/hoycordobaweb.com\/index.php\/wp-json\/wp\/v2\/posts"}],"about":[{"href":"http:\/\/hoycordobaweb.com\/index.php\/wp-json\/wp\/v2\/types\/post"}],"author":[{"embeddable":true,"href":"http:\/\/hoycordobaweb.com\/index.php\/wp-json\/wp\/v2\/users\/1"}],"replies":[{"embeddable":true,"href":"http:\/\/hoycordobaweb.com\/index.php\/wp-json\/wp\/v2\/comments?post=108244"}],"version-history":[{"count":0,"href":"http:\/\/hoycordobaweb.com\/index.php\/wp-json\/wp\/v2\/posts\/108244\/revisions"}],"wp:featuredmedia":[{"embeddable":true,"href":"http:\/\/hoycordobaweb.com\/index.php\/wp-json\/wp\/v2\/media\/108245"}],"wp:attachment":[{"href":"http:\/\/hoycordobaweb.com\/index.php\/wp-json\/wp\/v2\/media?parent=108244"}],"wp:term":[{"taxonomy":"category","embeddable":true,"href":"http:\/\/hoycordobaweb.com\/index.php\/wp-json\/wp\/v2\/categories?post=108244"},{"taxonomy":"post_tag","embeddable":true,"href":"http:\/\/hoycordobaweb.com\/index.php\/wp-json\/wp\/v2\/tags?post=108244"}],"curies":[{"name":"wp","href":"https:\/\/api.w.org\/{rel}","templated":true}]}}