{"id":10803,"date":"2021-01-23T23:36:00","date_gmt":"2021-01-23T23:36:00","guid":{"rendered":"http:\/\/hoycordobaweb.com\/index.php\/2021\/01\/23\/pandemia-cambio-climatico-y-comercio-ejes-de-la-conversacion-telefonica-entre-biden-y-johnson\/"},"modified":"2021-01-23T23:36:00","modified_gmt":"2021-01-23T23:36:00","slug":"pandemia-cambio-climatico-y-comercio-ejes-de-la-conversacion-telefonica-entre-biden-y-johnson","status":"publish","type":"post","link":"http:\/\/hoycordobaweb.com\/index.php\/2021\/01\/23\/pandemia-cambio-climatico-y-comercio-ejes-de-la-conversacion-telefonica-entre-biden-y-johnson\/","title":{"rendered":"Pandemia, cambio clim\u00e1tico y comercio, ejes de la conversaci\u00f3n telef\u00f3nica entre Biden y Johnson"},"content":{"rendered":"<p><img src=\"http:\/\/hoycordobaweb.com\/wp-content\/uploads\/2021\/01\/pandemia-cambio-climatico-y-comercio-ejes-de-la-conversacion-telefonica-entre-biden-y-johnson.png\"><\/p>\n<div class=\"image\" id=\"image\"> <img src=\"http:\/\/hoycordobaweb.com\/wp-content\/uploads\/2021\/01\/pandemia-cambio-climatico-y-comercio-ejes-de-la-conversacion-telefonica-entre-biden-y-johnson-2.png\" alt title><\/div>\n<p>El primer ministro brit\u00e1nico, Boris Johnson; y el presidente estadounidense, Joe Biden; prometieron reforzar lazos y combatir el cambio clim\u00e1tico en su primera conversaci\u00f3n telef\u00f3nica desde la investidura del dem\u00f3crata, ocasi\u00f3n en la que tambi\u00e9n hablaron de la pandemia y el comercio.<\/p>\n<p>Boris Johnson felicit\u00f3 a Joe Biden por su investidura y \u00abambos dirigentes previeron estrechar la alianza entre las dos naciones\u00bb, indic\u00f3 Londres en un comunicado.<\/p>\n<p>La conversaci\u00f3n pareci\u00f3 estrechar un poco la relaci\u00f3n, que se hab\u00eda enfriado despu\u00e9s de que Biden describiera a Johnson en 2019 como el \u00abclon f\u00edsico y emocional\u00bb del entonces presidente estadounidense Donald Trump, inform\u00f3 la agencia de noticias AFP.<\/p>\n<p>Biden tambi\u00e9n fue muy cr\u00edtico con la pol\u00edtica de Johnson sobre el Brexit, pero ambos mandatarios \u00abhablaron de los beneficios de un potencial acuerdo de libre comercio entre los dos pa\u00edses\u00bb, seg\u00fan el comunicado, en tanto que Johnson afirm\u00f3 que pretend\u00eda resolver los actuales asuntos comerciales \u00ablo antes posible\u00bb.<\/p>\n<p>Ambos l\u00edderes \u00abse volvieron a comprometer con la alianza de la OTAN\u00bb y \u00abcompartieron valores como la promoci\u00f3n de los derechos humanos y la protecci\u00f3n de la democracia\u00bb, indic\u00f3 el comunicado, despu\u00e9s de las cr\u00edticas de Trump a la alianza transatl\u00e1ntica.<\/p>\n<p>Ambos dirigentes se mostraron de acuerdo adem\u00e1s en los \u00abimportantes desaf\u00edos que enfrenta el mundo durante la pandemia\u00bb.<\/p>\n<p>Estados Unidos es el pa\u00eds del mundo con mayor n\u00famero de muertos por la Covid-19 y el Reino Unido es el m\u00e1s enlutado de Europa.<\/p>\n<p>Pese a esto, Johnson y Biden afirmaron que la pandemia dio lugar a \u00aboportunidades incomparables para reconstruir [un mundo] mejor y m\u00e1s ecol\u00f3gico, juntos\u00bb.<\/p>\n<p>En ese sentido, Johnson \u00abcelebr\u00f3 enormemente\u00bb la decisi\u00f3n de Biden de reincorporar a Estados Unidos en el acuerdo de Par\u00eds sobre el clima y en la Organizaci\u00f3n Mundial de la Salud (OMS), y tambi\u00e9n aplaudi\u00f3 el compromiso del presidente estadounidense de hacer que su pa\u00eds sea neutral en emisiones de carbono para 2050.<\/p>\n<p>Johnson tambi\u00e9n alab\u00f3 la decisi\u00f3n de Biden de que Estados Unidos participe en la alianza Covax para facilitar el acceso a la vacuna contra el coronavirus a todos los pa\u00edses, independiente de su riqueza. <\/p>\n","protected":false},"excerpt":{"rendered":"<p>El primer ministro brit\u00e1nico, Boris Johnson; y el presidente estadounidense, Joe Biden; prometieron reforzar lazos y combatir el cambio clim\u00e1tico en su primera conversaci\u00f3n telef\u00f3nica desde la investidura del dem\u00f3crata, ocasi\u00f3n en la que tambi\u00e9n hablaron de la pandemia y el comercio. Boris Johnson felicit\u00f3 a Joe Biden por su investidura y \u00abambos dirigentes previeron [&hellip;]<\/p>\n","protected":false},"author":1,"featured_media":10804,"comment_status":"open","ping_status":"closed","sticky":false,"template":"","format":"standard","meta":[],"categories":[24],"tags":[],"_links":{"self":[{"href":"http:\/\/hoycordobaweb.com\/index.php\/wp-json\/wp\/v2\/posts\/10803"}],"collection":[{"href":"http:\/\/hoycordobaweb.com\/index.php\/wp-json\/wp\/v2\/posts"}],"about":[{"href":"http:\/\/hoycordobaweb.com\/index.php\/wp-json\/wp\/v2\/types\/post"}],"author":[{"embeddable":true,"href":"http:\/\/hoycordobaweb.com\/index.php\/wp-json\/wp\/v2\/users\/1"}],"replies":[{"embeddable":true,"href":"http:\/\/hoycordobaweb.com\/index.php\/wp-json\/wp\/v2\/comments?post=10803"}],"version-history":[{"count":0,"href":"http:\/\/hoycordobaweb.com\/index.php\/wp-json\/wp\/v2\/posts\/10803\/revisions"}],"wp:featuredmedia":[{"embeddable":true,"href":"http:\/\/hoycordobaweb.com\/index.php\/wp-json\/wp\/v2\/media\/10804"}],"wp:attachment":[{"href":"http:\/\/hoycordobaweb.com\/index.php\/wp-json\/wp\/v2\/media?parent=10803"}],"wp:term":[{"taxonomy":"category","embeddable":true,"href":"http:\/\/hoycordobaweb.com\/index.php\/wp-json\/wp\/v2\/categories?post=10803"},{"taxonomy":"post_tag","embeddable":true,"href":"http:\/\/hoycordobaweb.com\/index.php\/wp-json\/wp\/v2\/tags?post=10803"}],"curies":[{"name":"wp","href":"https:\/\/api.w.org\/{rel}","templated":true}]}}