{"id":108014,"date":"2025-06-13T21:47:56","date_gmt":"2025-06-13T21:47:56","guid":{"rendered":"https:\/\/www.ole.com.ar\/san-lorenzo\/san-lorenzo-facundo-bruera-prestamo-barracas-regreso-vuelta_0_eshTF77hnJ.html"},"modified":"2025-06-13T21:47:56","modified_gmt":"2025-06-13T21:47:56","slug":"el-delantero-que-finalmente-no-regresara-a-san-lorenzo","status":"publish","type":"post","link":"http:\/\/hoycordobaweb.com\/index.php\/2025\/06\/13\/el-delantero-que-finalmente-no-regresara-a-san-lorenzo\/","title":{"rendered":"El delantero que finalmente no regresar\u00e1 a San Lorenzo"},"content":{"rendered":"<p><img src=\"http:\/\/hoycordobaweb.com\/wp-content\/uploads\/2025\/06\/el-delantero-que-finalmente-no-regresara-a-san-lorenzo.jpg\"><\/p>\n<p><time class=\"createDate\" datetime=\"2025-06-13T18:47:56-03:00\">13\/06\/2025 18:47hs.<\/time><\/p>\n<div id=\"storyBody\">\n<div class=\"custom-text \" readability=\"35.875370919881\">\n<p>Todo parec\u00eda indicar que <strong>Facundo Bruera<\/strong> tendr\u00eda una nueva oportunidad en <strong><a href=\"https:\/\/www.ole.com.ar\/tema\/san-lorenzo.html\" title=\"San Lorenzo\" alt=\"San Lorenzo\" class=\"slug\">San Lorenzo<\/a><\/strong> tras el buen andar que mostr\u00f3 en <strong><a href=\"https:\/\/www.ole.com.ar\/tema\/barracas-central.html\" title=\"Barracas Central\" alt=\"Barracas Central\" class=\"slug\">Barracas Central <\/a><\/strong>y que, de alg\u00fan modo, hasta reforzar\u00eda el plantel con el que comenzar\u00e1 a trabajar pasado este lunes con Dami\u00e1n Ayude, el cual se supone que sufrir\u00e1 varias bajas. Sin embargo, eso no ocurrir\u00e1&#8230;<\/p>\n<\/div>\n<div class=\"custom-text \" readability=\"37\">\n<p>Es que el delantero de 26 a\u00f1os, que <strong>a mediados del a\u00f1o pasado lleg\u00f3 como refuerzo al Cicl\u00f3n desde Olimpia de Paraguay y apenas sum\u00f3 un pu\u00f1ado de minutos en un par de partidos antes de pasar a pr\u00e9stamo a Barracas Central,<\/strong> donde lleva<strong> ocho goles en 29 partidos<\/strong>, no volver\u00e1 ahora.<\/p>\n<\/div>\n<div class=\"custom-text \" readability=\"39\">\n<p>Claro, en Boedo hab\u00eda varios que lo esperaban con los brazos abiertos, ya que se sabe que <strong>la situaci\u00f3n econ\u00f3mica del club obligar\u00e1 a evaluar cualquier oferta que llegue y precisamente Andr\u00e9s Vombergar, quien viene de convertir un gol ante Bosnia en el amistoso de la selecci\u00f3n de Eslovenia, es uno de los que est\u00e1n siendo seguido de cerca<\/strong> por varios equipos.<\/p>\n<\/div>\n<div class=\"custom-text \" readability=\"35\">\n<p>En las \u00faltimas horas, el futbolista con un destacado pasado en el f\u00fatbol paraguayo <strong>comenz\u00f3 la pretemporada en Barracas y estar\u00eda todo encaminado para que renueve su pr\u00e9stamo con el Guapo <\/strong>para seguir un tiempo m\u00e1s en el equipo del Gallego Insua.<\/p>\n<\/div>\n<div class=\"custom-text \" readability=\"36\">\n<p>Lo que todav\u00eda <strong>no est\u00e1 claro es cu\u00e1les ser\u00e1n las condiciones<\/strong>, ya que hasta ac\u00e1 Bruera <strong>hab\u00eda firmado un pr\u00e9stamo sin cargo ni opci\u00f3n de compra, pero todav\u00eda no trascendieron las pautas del nuevo acuerdo.<\/strong><\/p>\n<\/div>\n<div class=\"custom-text \" readability=\"37\">\n<p>Por otra parte, <strong>al que s\u00ed se lo espera de regreso es al colombiano Diego Herazo, quien viene de jugar en Nacional de Uruguay<\/strong>. Como el club charr\u00faa no hizo uso de la opci\u00f3n de compra, el atacante de 29 a\u00f1os deber\u00e1 sumarse al plantel de Ayude&#8230;. <\/p>\n<\/div>\n<div class=\"sc-a7166897-0 eoLsBE\" readability=\"6\">\n<section readability=\"2\"><picture><img alt=\"El jugador de San Lorenzo que fue campe\u00f3n y podr\u00eda no volver\" loading=\"lazy\" width=\"290\" height=\"290\" decoding=\"async\" data-nimg=\"1\" src=\"http:\/\/hoycordobaweb.com\/wp-content\/uploads\/2025\/06\/el-delantero-que-finalmente-no-regresara-a-san-lorenzo-2.jpg\"><\/picture>\n<p><span>Mir\u00e1 tambi\u00e9n<\/span><\/p>\n<hr>\n<h3>El jugador de San Lorenzo que fue campe\u00f3n y podr\u00eda no volver<\/h3>\n<\/p>\n<\/section>\n<\/div>\n<div class=\"sc-a7166897-0 eoLsBE\" readability=\"6\">\n<section readability=\"2\"><picture><img alt=\"Ya hay cuatro equipos en cuartos de final de la Copa Proyecci\u00f3n de Reserva \" loading=\"lazy\" width=\"290\" height=\"290\" decoding=\"async\" data-nimg=\"1\" src=\"http:\/\/hoycordobaweb.com\/wp-content\/uploads\/2025\/06\/el-delantero-que-finalmente-no-regresara-a-san-lorenzo-3.jpg\"><\/picture>\n<p><span>Mir\u00e1 tambi\u00e9n<\/span><\/p>\n<hr>\n<h3>Ya hay cuatro equipos en cuartos de final de la Copa Proyecci\u00f3n de Reserva <\/h3>\n<\/p>\n<\/section>\n<\/div>\n<div class=\"sc-a7166897-0 eoLsBE\" readability=\"6.5\">\n<section readability=\"3\"><picture><img alt=\"El Pr\u00edncipe Azul: un recorrido al interior de la ciudad que hoy se enorgullece por Mastantuono\" loading=\"lazy\" width=\"290\" height=\"290\" decoding=\"async\" data-nimg=\"1\" src=\"http:\/\/hoycordobaweb.com\/wp-content\/uploads\/2025\/06\/el-delantero-que-finalmente-no-regresara-a-san-lorenzo-4.jpg\"><\/picture>\n<p><span>Mir\u00e1 tambi\u00e9n<\/span><\/p>\n<hr>\n<h3>El Pr\u00edncipe Azul: un recorrido al interior de la ciudad que hoy se enorgullece por Mastantuono<\/h3>\n<\/p>\n<\/section>\n<\/div>\n<div class=\"sc-a7166897-0 eoLsBE\" readability=\"7\">\n<section readability=\"4\"><picture><img alt=\"Mercado de pases: refuerzos de peso y bajas importantes, el uno por uno de los 30 clubes\" loading=\"lazy\" width=\"290\" height=\"290\" decoding=\"async\" data-nimg=\"1\" src=\"http:\/\/hoycordobaweb.com\/wp-content\/uploads\/2025\/06\/el-delantero-que-finalmente-no-regresara-a-san-lorenzo-5.jpg\"><\/picture>\n<p><span>Mir\u00e1 tambi\u00e9n<\/span><\/p>\n<hr>\n<h3>Mercado de pases: refuerzos de peso y bajas importantes, el uno por uno de los 30 clubes<\/h3>\n<\/p>\n<\/section>\n<\/div>\n<div class=\"sc-a7166897-0 eoLsBE\" readability=\"6.5\">\n<section readability=\"3\"><picture><img alt=\"\u201cEstoy dolido y triste\u201d: el presidente de Platense rompi\u00f3 el silencio tras la sorpresiva salida de Orsi y G\u00f3mez\" loading=\"lazy\" width=\"290\" height=\"290\" decoding=\"async\" data-nimg=\"1\" src=\"http:\/\/hoycordobaweb.com\/wp-content\/uploads\/2025\/06\/el-delantero-que-finalmente-no-regresara-a-san-lorenzo-6.jpg\"><\/picture>\n<p><span>Mir\u00e1 tambi\u00e9n<\/span><\/p>\n<hr>\n<h3>\u201cEstoy dolido y triste\u201d: el presidente de Platense rompi\u00f3 el silencio tras la sorpresiva salida de Orsi y G\u00f3mez<\/h3>\n<\/p>\n<\/section>\n<\/div>\n<\/div>\n","protected":false},"excerpt":{"rendered":"<p>13\/06\/2025 18:47hs. Todo parec\u00eda indicar que Facundo Bruera tendr\u00eda una nueva oportunidad en San Lorenzo tras el buen andar que mostr\u00f3 en Barracas Central y que, de alg\u00fan modo, hasta reforzar\u00eda el plantel con el que comenzar\u00e1 a trabajar pasado este lunes con Dami\u00e1n Ayude, el cual se supone que sufrir\u00e1 varias bajas. Sin embargo, [&hellip;]<\/p>\n","protected":false},"author":1,"featured_media":108015,"comment_status":"open","ping_status":"closed","sticky":false,"template":"","format":"standard","meta":[],"categories":[16],"tags":[],"_links":{"self":[{"href":"http:\/\/hoycordobaweb.com\/index.php\/wp-json\/wp\/v2\/posts\/108014"}],"collection":[{"href":"http:\/\/hoycordobaweb.com\/index.php\/wp-json\/wp\/v2\/posts"}],"about":[{"href":"http:\/\/hoycordobaweb.com\/index.php\/wp-json\/wp\/v2\/types\/post"}],"author":[{"embeddable":true,"href":"http:\/\/hoycordobaweb.com\/index.php\/wp-json\/wp\/v2\/users\/1"}],"replies":[{"embeddable":true,"href":"http:\/\/hoycordobaweb.com\/index.php\/wp-json\/wp\/v2\/comments?post=108014"}],"version-history":[{"count":0,"href":"http:\/\/hoycordobaweb.com\/index.php\/wp-json\/wp\/v2\/posts\/108014\/revisions"}],"wp:featuredmedia":[{"embeddable":true,"href":"http:\/\/hoycordobaweb.com\/index.php\/wp-json\/wp\/v2\/media\/108015"}],"wp:attachment":[{"href":"http:\/\/hoycordobaweb.com\/index.php\/wp-json\/wp\/v2\/media?parent=108014"}],"wp:term":[{"taxonomy":"category","embeddable":true,"href":"http:\/\/hoycordobaweb.com\/index.php\/wp-json\/wp\/v2\/categories?post=108014"},{"taxonomy":"post_tag","embeddable":true,"href":"http:\/\/hoycordobaweb.com\/index.php\/wp-json\/wp\/v2\/tags?post=108014"}],"curies":[{"name":"wp","href":"https:\/\/api.w.org\/{rel}","templated":true}]}}