{"id":107943,"date":"2025-06-13T20:27:40","date_gmt":"2025-06-13T20:27:40","guid":{"rendered":"https:\/\/cordobaturismo.gov.ar\/?p=897354"},"modified":"2025-06-13T20:27:40","modified_gmt":"2025-06-13T20:27:40","slug":"san-javier-yacanto-fue-distinguido-como-uno-de-los-pueblos-mas-lindos-del-pais-y-competira-por-un-reconocimiento-mundial","status":"publish","type":"post","link":"http:\/\/hoycordobaweb.com\/index.php\/2025\/06\/13\/san-javier-yacanto-fue-distinguido-como-uno-de-los-pueblos-mas-lindos-del-pais-y-competira-por-un-reconocimiento-mundial\/","title":{"rendered":"San Javier Yacanto fue distinguido como uno de los pueblos m\u00e1s lindos del pa\u00eds y competir\u00e1 por un reconocimiento mundial"},"content":{"rendered":"<p>San Javier Yacanto, el pintoresco pueblo del Valle de Traslasierra, sigue ganando protagonismo en la escena tur\u00edstica nacional e internacional. Este viernes 13, en el marco de una conferencia de prensa, fue reconocido oficialmente como uno de los 8 pueblos serranos m\u00e1s lindos de Argentina y fue elegido para representar al pa\u00eds en el prestigioso certamen internacional \u201cBest Tourism Villages\u201d de ONU Turismo.<\/p>\n<figure class=\"wp-block-image size-large\"><img loading=\"lazy\" fetchpriority=\"high\" decoding=\"async\" width=\"1024\" height=\"840\" src=\"http:\/\/hoycordobaweb.com\/wp-content\/uploads\/2025\/06\/san-javier-yacanto-fue-distinguido-como-uno-de-los-pueblos-mas-lindos-del-pais-y-competira-por-un-reconocimiento-mundial.jpg\" alt class=\"wp-image-897355\" srcset=\"http:\/\/hoycordobaweb.com\/wp-content\/uploads\/2025\/06\/san-javier-yacanto-fue-distinguido-como-uno-de-los-pueblos-mas-lindos-del-pais-y-competira-por-un-reconocimiento-mundial.jpg 1024w, http:\/\/hoycordobaweb.com\/wp-content\/uploads\/2025\/06\/san-javier-yacanto-fue-distinguido-como-uno-de-los-pueblos-mas-lindos-del-pais-y-competira-por-un-reconocimiento-mundial-3.jpg 300w, http:\/\/hoycordobaweb.com\/wp-content\/uploads\/2025\/06\/san-javier-yacanto-fue-distinguido-como-uno-de-los-pueblos-mas-lindos-del-pais-y-competira-por-un-reconocimiento-mundial-4.jpg 768w, http:\/\/hoycordobaweb.com\/wp-content\/uploads\/2025\/06\/san-javier-yacanto-fue-distinguido-como-uno-de-los-pueblos-mas-lindos-del-pais-y-competira-por-un-reconocimiento-mundial-5.jpg 1536w\" sizes=\"(max-width: 1024px) 100vw, 1024px\"><\/figure>\n<p>La entrega de la distinci\u00f3n se llev\u00f3 a cabo con la presencia del presidente de la Agencia C\u00f3rdoba Turismo, Dar\u00edo Capitani, y el director nacional de Promoci\u00f3n y Desarrollo Tur\u00edstico, Pablo Cagnoni, quienes hicieron entrega formal del reconocimiento al intendente de San Javier Yacanto, Mart\u00edn Garc\u00eda.<\/p>\n<p>Durante la conferencia, Pablo Cagnoni destac\u00f3 las cualidades que posicionan a San Javier Yacanto como un destino modelo: \u201cEste pueblo tiene la mezcla perfecta: naturaleza, cultura viva, un casco hist\u00f3rico cuidadosamente conservado, gastronom\u00eda local, enoturismo y un fuerte trabajo art\u00edstico. Es un lugar ideal para desconectar del ritmo acelerado y volver a conectar con lo m\u00e1s aut\u00e9ntico de nuestra identidad.<br \/>Adem\u00e1s, es un destino que conserva y cuida su entorno natural con una mirada sustentable, sabiendo con claridad qu\u00e9 tipo de lugar quiere ser y qu\u00e9 tipo de turismo desea recibir\u201d.<br \/>\u201cEn un mundo hiperconectado, lo que busca hoy el turista es una experiencia vivencial, real, en contacto con la cultura local, y eso es precisamente lo que ofrece San Javier Yacanto\u201d, afirm\u00f3.<\/p>\n<p>Por su parte, Dar\u00edo Capitani expres\u00f3 que este es \u201cun momento muy emotivo y un orgullo cordob\u00e9s\u201d, y subray\u00f3 el valor de este tipo de logros para el interior provincial.<br \/>\u201cJunto con Mart\u00edn Garc\u00eda coincidimos en que este ser\u00e1 un recorrido lleno de oportunidades para los lugare\u00f1os, que son quienes hacen de este gran pueblo un destino tan especial\u201d, agreg\u00f3.<\/p>\n<figure class=\"wp-block-image size-large\"><img loading=\"lazy\" decoding=\"async\" width=\"1024\" height=\"683\" src=\"http:\/\/hoycordobaweb.com\/wp-content\/uploads\/2025\/06\/san-javier-yacanto-fue-distinguido-como-uno-de-los-pueblos-mas-lindos-del-pais-y-competira-por-un-reconocimiento-mundial-1.jpg\" alt class=\"wp-image-897357\" srcset=\"http:\/\/hoycordobaweb.com\/wp-content\/uploads\/2025\/06\/san-javier-yacanto-fue-distinguido-como-uno-de-los-pueblos-mas-lindos-del-pais-y-competira-por-un-reconocimiento-mundial-1.jpg 1024w, http:\/\/hoycordobaweb.com\/wp-content\/uploads\/2025\/06\/san-javier-yacanto-fue-distinguido-como-uno-de-los-pueblos-mas-lindos-del-pais-y-competira-por-un-reconocimiento-mundial-6.jpg 300w, http:\/\/hoycordobaweb.com\/wp-content\/uploads\/2025\/06\/san-javier-yacanto-fue-distinguido-como-uno-de-los-pueblos-mas-lindos-del-pais-y-competira-por-un-reconocimiento-mundial-7.jpg 768w, http:\/\/hoycordobaweb.com\/wp-content\/uploads\/2025\/06\/san-javier-yacanto-fue-distinguido-como-uno-de-los-pueblos-mas-lindos-del-pais-y-competira-por-un-reconocimiento-mundial-8.jpg 1536w, http:\/\/hoycordobaweb.com\/wp-content\/uploads\/2025\/06\/san-javier-yacanto-fue-distinguido-como-uno-de-los-pueblos-mas-lindos-del-pais-y-competira-por-un-reconocimiento-mundial-9.jpg 2048w\" sizes=\"(max-width: 1024px) 100vw, 1024px\"><\/figure>\n<p>Este reconocimiento no solo refuerza el posicionamiento de C\u00f3rdoba como una provincia rica en destinos aut\u00e9nticos, sino que tambi\u00e9n proyecta a San Javier Yacanto al plano internacional como un modelo de desarrollo tur\u00edstico con identidad, sustentabilidad y participaci\u00f3n comunitaria.<\/p>\n<figure class=\"wp-block-image size-large\"><img loading=\"lazy\" decoding=\"async\" width=\"1024\" height=\"683\" src=\"http:\/\/hoycordobaweb.com\/wp-content\/uploads\/2025\/06\/san-javier-yacanto-fue-distinguido-como-uno-de-los-pueblos-mas-lindos-del-pais-y-competira-por-un-reconocimiento-mundial-2.jpg\" alt class=\"wp-image-62546\" srcset=\"http:\/\/hoycordobaweb.com\/wp-content\/uploads\/2025\/06\/san-javier-yacanto-fue-distinguido-como-uno-de-los-pueblos-mas-lindos-del-pais-y-competira-por-un-reconocimiento-mundial-2.jpg 1024w, http:\/\/hoycordobaweb.com\/wp-content\/uploads\/2025\/06\/san-javier-yacanto-fue-distinguido-como-uno-de-los-pueblos-mas-lindos-del-pais-y-competira-por-un-reconocimiento-mundial-10.jpg 300w, http:\/\/hoycordobaweb.com\/wp-content\/uploads\/2025\/06\/san-javier-yacanto-fue-distinguido-como-uno-de-los-pueblos-mas-lindos-del-pais-y-competira-por-un-reconocimiento-mundial-11.jpg 768w, http:\/\/hoycordobaweb.com\/wp-content\/uploads\/2025\/06\/san-javier-yacanto-fue-distinguido-como-uno-de-los-pueblos-mas-lindos-del-pais-y-competira-por-un-reconocimiento-mundial-12.jpg 1500w\" sizes=\"(max-width: 1024px) 100vw, 1024px\"><\/figure>\n<p>Ahora, el pueblo se prepara para competir con localidades de todo el mundo en esta iniciativa global impulsada por ONU Turismo, que premia a los destinos rurales que promueven la preservaci\u00f3n cultural, el desarrollo econ\u00f3mico local y la sostenibilidad ambiental.<\/p>\n<p>\u00a1San Javier brilla en lo m\u00e1s alto del turismo!<\/p>\n","protected":false},"excerpt":{"rendered":"<p>San Javier Yacanto, el pintoresco pueblo del Valle de Traslasierra, sigue ganando protagonismo en la escena tur\u00edstica nacional e internacional. Este viernes 13, en el marco de una conferencia de prensa, fue reconocido oficialmente como uno de los 8 pueblos serranos m\u00e1s lindos de Argentina y fue elegido para representar al pa\u00eds en el prestigioso [&hellip;]<\/p>\n","protected":false},"author":1,"featured_media":107944,"comment_status":"closed","ping_status":"closed","sticky":false,"template":"","format":"standard","meta":[],"categories":[19],"tags":[],"_links":{"self":[{"href":"http:\/\/hoycordobaweb.com\/index.php\/wp-json\/wp\/v2\/posts\/107943"}],"collection":[{"href":"http:\/\/hoycordobaweb.com\/index.php\/wp-json\/wp\/v2\/posts"}],"about":[{"href":"http:\/\/hoycordobaweb.com\/index.php\/wp-json\/wp\/v2\/types\/post"}],"author":[{"embeddable":true,"href":"http:\/\/hoycordobaweb.com\/index.php\/wp-json\/wp\/v2\/users\/1"}],"replies":[{"embeddable":true,"href":"http:\/\/hoycordobaweb.com\/index.php\/wp-json\/wp\/v2\/comments?post=107943"}],"version-history":[{"count":0,"href":"http:\/\/hoycordobaweb.com\/index.php\/wp-json\/wp\/v2\/posts\/107943\/revisions"}],"wp:featuredmedia":[{"embeddable":true,"href":"http:\/\/hoycordobaweb.com\/index.php\/wp-json\/wp\/v2\/media\/107944"}],"wp:attachment":[{"href":"http:\/\/hoycordobaweb.com\/index.php\/wp-json\/wp\/v2\/media?parent=107943"}],"wp:term":[{"taxonomy":"category","embeddable":true,"href":"http:\/\/hoycordobaweb.com\/index.php\/wp-json\/wp\/v2\/categories?post=107943"},{"taxonomy":"post_tag","embeddable":true,"href":"http:\/\/hoycordobaweb.com\/index.php\/wp-json\/wp\/v2\/tags?post=107943"}],"curies":[{"name":"wp","href":"https:\/\/api.w.org\/{rel}","templated":true}]}}