{"id":107941,"date":"2025-06-13T13:18:13","date_gmt":"2025-06-13T13:18:13","guid":{"rendered":"http:\/\/hoycordobaweb.com\/index.php\/2025\/06\/13\/la-atacaron-con-un-cano-en-el-colectivo-porque-no-las-invito-a-la-fiesta-de-15-de-su-hija\/"},"modified":"2025-06-13T13:18:13","modified_gmt":"2025-06-13T13:18:13","slug":"la-atacaron-con-un-cano-en-el-colectivo-porque-no-las-invito-a-la-fiesta-de-15-de-su-hija","status":"publish","type":"post","link":"http:\/\/hoycordobaweb.com\/index.php\/2025\/06\/13\/la-atacaron-con-un-cano-en-el-colectivo-porque-no-las-invito-a-la-fiesta-de-15-de-su-hija\/","title":{"rendered":"La atacaron con un ca\u00f1o en el colectivo porque no las invit\u00f3 a la fiesta de 15 de su hija"},"content":{"rendered":"<div class=\"media_block\"><\/div>\n<div><img src=\"http:\/\/hoycordobaweb.com\/wp-content\/uploads\/2025\/06\/la-atacaron-con-un-cano-en-el-colectivo-porque-no-las-invito-a-la-fiesta-de-15-de-su-hija.jpg\" class=\"ff-og-image-inserted\"><\/div>\n<p>Una<strong><a target=\"_blank\" href=\"https:\/\/www.perfil.com\/noticias\/reperfilar\/vecinos-piden-cambiar-el-nombre-de-una-calle-porque-es-impronunciable.phtml\" rel=\"noopener noreferrer\">mujer fue agredida salvajemente por un grupo de j\u00f3venes<\/a>, mientras viajaba en el colectivo 518 en Bah\u00eda Blanca,<\/strong> la causa habr\u00eda sido porque ella no las hab\u00eda invitado al cumplea\u00f1os de 15 de su hija.<\/p>\n<p>La <strong>v\u00edctima es Mayra Coronel, quien sufri\u00f3 fractura de cr\u00e1neo y fisura de nariz<\/strong>, tambi\u00e9n declar\u00f3 que el hecho se dio en p\u00fablico y adelante de su hijo de seis a\u00f1os y su nieto de siete.<\/p>\n<p>Lo indignante es que la v\u00edctima ya hab\u00eda denunciado amenazas de parte de estas adolescentes. <strong>\u201c\u00bfEsperan que me apu\u00f1alen o me baleen la casa?\u201d,<\/strong> dijo la mujer a los medios locales.<\/p>\n<div class=\"subscription\" readability=\"6.683257918552\">\n<p> Esto no les gusta a los autoritarios <\/p>\n<div class=\"subscription__container\" readability=\"6.1467391304348\">\n<div class=\"subscription__text-wrapper\" readability=\"31.20652173913\">\n<p> El ejercicio del periodismo profesional y cr\u00edtico es un pilar fundamental de la democracia. Por eso molesta a quienes creen ser los due\u00f1os de la verdad. <\/p>\n<\/p><\/div><\/div><\/div>\n<p>La causa fue caratulada como \u00abLesiones leves\u00bb. \u201c<strong>Me dicen que son lesiones leves, pero me vieron ensangrentada. Me rompieron la cabeza con un ca\u00f1o<\/strong>\u201d, asegur\u00f3.<\/p>\n<p>La mujer confirm\u00f3 que el conflicto con este grupo de j\u00f3venes, habr\u00eda comenzado debido a que ella decidi\u00f3 <strong>no invitarlas al cumplea\u00f1os de 15 de su hija. <\/strong> \u201c<strong>Viven a cuatro cuadras de mi casa, en Villa Talleres y no s\u00e9 qu\u00e9 espera la justicia que pase para actuar\u201d<\/strong>, dijo Coronel en su testimonio.<\/p>\n<p>La<strong> v\u00edctima espera que las autoridades intervengan para evitar que esta situaci\u00f3n <\/strong>no derive en otro episodio m\u00e1s grave. Tras la violenta golpiza, Mayra fue derivada al Hospital Municipal donde ser\u00e1 revisada por la Polic\u00eda Cient\u00edfica.<\/p>\n","protected":false},"excerpt":{"rendered":"<p>Unamujer fue agredida salvajemente por un grupo de j\u00f3venes, mientras viajaba en el colectivo 518 en Bah\u00eda Blanca, la causa habr\u00eda sido porque ella no las hab\u00eda invitado al cumplea\u00f1os de 15 de su hija. La v\u00edctima es Mayra Coronel, quien sufri\u00f3 fractura de cr\u00e1neo y fisura de nariz, tambi\u00e9n declar\u00f3 que el hecho se [&hellip;]<\/p>\n","protected":false},"author":1,"featured_media":107942,"comment_status":"closed","ping_status":"closed","sticky":false,"template":"","format":"standard","meta":[],"categories":[19],"tags":[1237,1037],"_links":{"self":[{"href":"http:\/\/hoycordobaweb.com\/index.php\/wp-json\/wp\/v2\/posts\/107941"}],"collection":[{"href":"http:\/\/hoycordobaweb.com\/index.php\/wp-json\/wp\/v2\/posts"}],"about":[{"href":"http:\/\/hoycordobaweb.com\/index.php\/wp-json\/wp\/v2\/types\/post"}],"author":[{"embeddable":true,"href":"http:\/\/hoycordobaweb.com\/index.php\/wp-json\/wp\/v2\/users\/1"}],"replies":[{"embeddable":true,"href":"http:\/\/hoycordobaweb.com\/index.php\/wp-json\/wp\/v2\/comments?post=107941"}],"version-history":[{"count":0,"href":"http:\/\/hoycordobaweb.com\/index.php\/wp-json\/wp\/v2\/posts\/107941\/revisions"}],"wp:featuredmedia":[{"embeddable":true,"href":"http:\/\/hoycordobaweb.com\/index.php\/wp-json\/wp\/v2\/media\/107942"}],"wp:attachment":[{"href":"http:\/\/hoycordobaweb.com\/index.php\/wp-json\/wp\/v2\/media?parent=107941"}],"wp:term":[{"taxonomy":"category","embeddable":true,"href":"http:\/\/hoycordobaweb.com\/index.php\/wp-json\/wp\/v2\/categories?post=107941"},{"taxonomy":"post_tag","embeddable":true,"href":"http:\/\/hoycordobaweb.com\/index.php\/wp-json\/wp\/v2\/tags?post=107941"}],"curies":[{"name":"wp","href":"https:\/\/api.w.org\/{rel}","templated":true}]}}